{"id":24221,"date":"2023-03-12T18:16:58","date_gmt":"2023-03-12T18:16:58","guid":{"rendered":"https:\/\/www.iceagetv.com\/radiosite\/?p=24221"},"modified":"2023-03-12T18:16:58","modified_gmt":"2023-03-12T18:16:58","slug":"etats-membres-de-lue-et-eurodeputes-ont-trouve-un-accord-pour-reduire-la-consommation-denergie-europeenne-dici-2030-via-notamment-des-renovations-de-batiments-des-industries-moins-gourmandes","status":"publish","type":"post","link":"https:\/\/www.iceagetv.com\/radiosite\/etats-membres-de-lue-et-eurodeputes-ont-trouve-un-accord-pour-reduire-la-consommation-denergie-europeenne-dici-2030-via-notamment-des-renovations-de-batiments-des-industries-moins-gourmandes\/","title":{"rendered":"Etats membres de l&rsquo;UE et eurod\u00e9put\u00e9s ont trouv\u00e9 un accord pour r\u00e9duire la consommation d&rsquo;\u00e9nergie europ\u00e9enne d&rsquo;ici 2030, via notamment des r\u00e9novations de b\u00e2timents, des industries moins gourmandes"},"content":{"rendered":"\n<p>Etats membres de l&rsquo;UE et eurod\u00e9put\u00e9s ont trouv\u00e9 un accord pour r\u00e9duire la consommation d&rsquo;\u00e9nergie europ\u00e9enne d&rsquo;ici 2030, via des r\u00e9novations de b\u00e2timents, des industries moins gourmandes et des efforts du secteur public.<\/p>\n\n\n\n<p>Ce texte sur l'\u00a0\u00bbefficacit\u00e9 \u00e9nerg\u00e9tique\u00a0\u00bb avait \u00e9t\u00e9 propos\u00e9 par la Commission europ\u00e9enne en juillet 2021 dans le cadre du plan climat visant \u00e0 r\u00e9duire de 55% d&rsquo;ici 2030, par rapport \u00e0 1990, les \u00e9missions de gaz \u00e0 effet de serre de l&rsquo;UE.<\/p>\n\n\n\n<p>L&rsquo;accord pass\u00e9 vendredi entre les n\u00e9gociateurs des Etats et du Parlement europ\u00e9en pr\u00e9voit de r\u00e9duire d&rsquo;au moins 11,7% la consommation d&rsquo;\u00e9nergie finale de l&rsquo;UE en 2030, par rapport au niveau que pr\u00e9voyait pour la fin de la d\u00e9cennie un sc\u00e9nario de r\u00e9f\u00e9rence \u00e9tabli en 2020.<\/p>\n\n\n\n<p>Bruxelles ne fixe que des cibles \u00ab\u00a0indicatives\u00a0\u00bb pour chaque pays, mais \u00ab\u00a0un m\u00e9canisme rigoureux de suivi et d&rsquo;application sera \u00e9tabli pour s&rsquo;assurer que les \u00c9tats membres respectent leurs contributions nationales \u00e0 cet objectif europ\u00e9en contraignant\u00a0\u00bb, pr\u00e9cise un communiqu\u00e9 du Parlement.<\/p>\n\n\n\n<p>L&rsquo;exigence a \u00e9t\u00e9 relev\u00e9e par rapport \u00e0 la proposition de la Commission (9%), mais reste tr\u00e8s en de\u00e7\u00e0 de la baisse de 14,5% r\u00e9clam\u00e9e par les eurod\u00e9put\u00e9s pour tenir compte du choc \u00e9nerg\u00e9tique provoqu\u00e9 par la guerre en Ukraine et r\u00e9duire la d\u00e9pendance aux hydrocarbures import\u00e9s.<\/p>\n\n\n\n<p>\u00ab\u00a0Pour la premi\u00e8re fois, nous avons un objectif contraignant de consommation d&rsquo;\u00e9nergie. C&rsquo;est une grande victoire, un accord bon pour le climat et mauvais pour (le pr\u00e9sident russe Vladimir) Poutine\u00a0\u00bb, a cependant salu\u00e9 l&rsquo;eurod\u00e9put\u00e9 socialiste Niels Fuglsang, rapporteur du texte.<\/p>\n\n\n\n<p>En moyenne, entre 2024 et 2030, les Vingt-Sept seront tenus de r\u00e9duire d&rsquo;environ 1,5% par an leur consommation finale d&rsquo;\u00e9nergie par rapport \u00e0 la trajectoire anticip\u00e9e dans le sc\u00e9nario de 2020.<\/p>\n\n\n\n<p>Leurs efforts devront progressivement s&rsquo;acc\u00e9l\u00e9rer, pour atteindre des \u00e9conomies annuelles d&rsquo;\u00e9nergie de 1,9% fin 2030.<\/p>\n\n\n\n<p>B\u00e2timents, industrie, transports&#8230; les entreprises \u00e9nergivores (consommant plus de 85 t\u00e9rajoules\/an) devront s&rsquo;\u00e9quiper d&rsquo;un \u00ab\u00a0syst\u00e8me de gestion de l&rsquo;\u00e9nergie\u00a0\u00bb ou accepter un audit r\u00e9gulier.<\/p>\n\n\n\n<p>Les centres de donn\u00e9es informatiques &#8211;tr\u00e8s gourmands en \u00e9lectricit\u00e9&#8211; seront soumis \u00e0 des crit\u00e8res de performance \u00e9nerg\u00e9tique. Leur chaleur pourrait \u00eatre utilis\u00e9e pour chauffer d&rsquo;autres b\u00e2timents.<\/p>\n\n\n\n<p>Surtout, le secteur public devra montrer l&rsquo;exemple: dans chaque pays, la consommation d&rsquo;\u00e9nergie de tous les organismes publics devra baisser de 1,9% chaque ann\u00e9e &#8211;avec une longue transition pour les plus petites collectivit\u00e9s.<\/p>\n\n\n\n<p>Les Etats seront aussi tenus de r\u00e9nover chaque ann\u00e9e au moins 3% de la surface totale des b\u00e2timents publics, au niveaux national mais \u00e9galement r\u00e9gional et local, pour \u00e9liminer les d\u00e9perditions d&rsquo;\u00e9nergie et \u00e9missions carbone.<\/p>\n\n\n\n<p>Contrairement \u00e0 ce que r\u00e9clamaient les eurod\u00e9put\u00e9s, les logements sociaux pourront \u00eatre soustraits \u00e0 cet objectif.<\/p>\n\n\n\n<p>Le texte pr\u00e9voit aussi d&rsquo;am\u00e9liorer les syst\u00e8mes de chauffage et refroidissement dans les villes de plus de 45.000 habitants. Il interdit apr\u00e8s 2030 les subventions pour l&rsquo;alimentation au gaz des nouvelles infrastructures ou r\u00e9novations majeures li\u00e9es au chauffage urbain.<\/p>\n\n\n\n<p>L&rsquo;accord est jug\u00e9 \u00ab\u00a0d\u00e9cevant\u00a0\u00bb par la coordination d&rsquo;ONG environnementales CAN, qui r\u00e9clamait un objectif de r\u00e9duction de 20% d&rsquo;ici 2030, \u00ab\u00a0n\u00e9cessaire pour respecter les obligations de l&rsquo;Accord de Paris\u00a0\u00bb sur le climat, et des cibles contraignantes assign\u00e9es \u00e0 chaque Etat.<\/p>\n\n\n\n<p>\u00ab\u00a0Les responsables politiques n&rsquo;ont pas r\u00e9ussi \u00e0 adopter une position significative pour r\u00e9duire la d\u00e9pendance aux combustibles fossiles\u00a0\u00bb, a-t-elle soulign\u00e9, esp\u00e9rant des feuilles de routes nationales \u00ab\u00a0plus ambitieuses\u00a0\u00bb.<\/p>\n","protected":false},"excerpt":{"rendered":"<p>Etats membres de l&rsquo;UE et eurod\u00e9put\u00e9s ont trouv\u00e9 un accord pour r\u00e9duire la consommation d&rsquo;\u00e9nergie europ\u00e9enne d&rsquo;ici 2030, via des r\u00e9novations de b\u00e2timents, des industries moins gourmandes et des efforts du secteur public. Ce texte sur l&rsquo;\u00a0\u00bbefficacit\u00e9 \u00e9nerg\u00e9tique\u00a0\u00bb avait \u00e9t\u00e9 propos\u00e9 par la Commission europ\u00e9enne en juillet 2021 dans le cadre du plan climat visant [&hellip;]<\/p>\n","protected":false},"author":2,"featured_media":24222,"comment_status":"open","ping_status":"open","sticky":false,"template":"","format":"standard","meta":{"_jetpack_memberships_contains_paid_content":false,"footnotes":"","jetpack_publicize_message":"","jetpack_publicize_feature_enabled":true,"jetpack_social_post_already_shared":true,"jetpack_social_options":{"image_generator_settings":{"template":"highway","default_image_id":0,"font":"","enabled":false},"version":2},"_wpas_customize_per_network":false},"categories":[405],"tags":[],"class_list":["post-24221","post","type-post","status-publish","format-standard","has-post-thumbnail","hentry","category-actu-france-monde"],"jetpack_publicize_connections":[],"jetpack_featured_media_url":"https:\/\/i0.wp.com\/www.iceagetv.com\/radiosite\/wp-content\/uploads\/2023\/03\/5PNnX5OU.png?fit=899%2C388&ssl=1","jetpack_sharing_enabled":true,"_links":{"self":[{"href":"https:\/\/www.iceagetv.com\/radiosite\/wp-json\/wp\/v2\/posts\/24221","targetHints":{"allow":["GET"]}}],"collection":[{"href":"https:\/\/www.iceagetv.com\/radiosite\/wp-json\/wp\/v2\/posts"}],"about":[{"href":"https:\/\/www.iceagetv.com\/radiosite\/wp-json\/wp\/v2\/types\/post"}],"author":[{"embeddable":true,"href":"https:\/\/www.iceagetv.com\/radiosite\/wp-json\/wp\/v2\/users\/2"}],"replies":[{"embeddable":true,"href":"https:\/\/www.iceagetv.com\/radiosite\/wp-json\/wp\/v2\/comments?post=24221"}],"version-history":[{"count":1,"href":"https:\/\/www.iceagetv.com\/radiosite\/wp-json\/wp\/v2\/posts\/24221\/revisions"}],"predecessor-version":[{"id":24223,"href":"https:\/\/www.iceagetv.com\/radiosite\/wp-json\/wp\/v2\/posts\/24221\/revisions\/24223"}],"wp:featuredmedia":[{"embeddable":true,"href":"https:\/\/www.iceagetv.com\/radiosite\/wp-json\/wp\/v2\/media\/24222"}],"wp:attachment":[{"href":"https:\/\/www.iceagetv.com\/radiosite\/wp-json\/wp\/v2\/media?parent=24221"}],"wp:term":[{"taxonomy":"category","embeddable":true,"href":"https:\/\/www.iceagetv.com\/radiosite\/wp-json\/wp\/v2\/categories?post=24221"},{"taxonomy":"post_tag","embeddable":true,"href":"https:\/\/www.iceagetv.com\/radiosite\/wp-json\/wp\/v2\/tags?post=24221"}],"curies":[{"name":"wp","href":"https:\/\/api.w.org\/{rel}","templated":true}]}}