{"id":24230,"date":"2023-03-13T07:11:22","date_gmt":"2023-03-13T07:11:22","guid":{"rendered":"https:\/\/www.iceagetv.com\/radiosite\/?p=24230"},"modified":"2023-03-13T07:11:22","modified_gmt":"2023-03-13T07:11:22","slug":"un-depute-ecologiste-veut-supprimer-larticle-49-3-de-la-constitution","status":"publish","type":"post","link":"https:\/\/www.iceagetv.com\/radiosite\/un-depute-ecologiste-veut-supprimer-larticle-49-3-de-la-constitution\/","title":{"rendered":"UN D\u00c9PUT\u00c9 \u00c9COLOGISTE VEUT SUPPRIMER L&rsquo;ARTICLE 49.3 DE LA CONSTITUTION"},"content":{"rendered":"\n<p><a href=\"https:\/\/www.bfmtv.com\/politique\/parlement\/tout-comprendre-comment-fonctionne-l-article-49-3-de-la-constitution_AN-202210110435.html\">L&rsquo;article 49, alin\u00e9a 3<\/a>&nbsp;de la Constitution pourrait-il dispara\u00eetre? C&rsquo;est en tout cas ce que souhaite le d\u00e9put\u00e9 J\u00e9r\u00e9mie Iordanoff, apprend-on dans&nbsp;<em><a href=\"https:\/\/www.lefigaro.fr\/politique\/retraites-les-ecologistes-deposent-une-proposition-de-loi-pour-supprimer-le-49-3-20230312\" target=\"_blank\" rel=\"noreferrer noopener\">Le Figaro<\/a><\/em>. L&rsquo;\u00e9cologiste est \u00e0 l&rsquo;initiative d&rsquo;une proposition de loi pour interdire cette disposition permettant au gouvernement d&rsquo;adopter un projet de loi sans vote des d\u00e9put\u00e9s, moyennant au passage l&rsquo;engagement de sa responsabilit\u00e9.<\/p>\n\n\n\n<p>Pour l&rsquo;\u00e9lu de l&rsquo;Is\u00e8re, il s&rsquo;agit de retirer \u00ab\u00a0la possibilit\u00e9 \u00e0 l&rsquo;ex\u00e9cutif de restreindre le d\u00e9bat et forcer le pouvoir l\u00e9gislatif\u00a0\u00bb. Il propose \u00e9galement une r\u00e9\u00e9criture du premier alin\u00e9a de l&rsquo;article 49, afin de r\u00e9affirmer \u00ab\u00a0l&rsquo;obligation pour le gouvernement d&rsquo;engager sa responsabilit\u00e9 devant la repr\u00e9sentation nationale\u00a0\u00bb.<\/p>\n\n\n\n<h2 class=\"wp-block-heading\">Faire pression sur le gouvernement\u00a0\u00bb<\/h2>\n\n\n\n<p>Si tous les d\u00e9put\u00e9s \u00e9cologistes ont cosign\u00e9 cette proposition de loi, celle-ci n&rsquo;a pas encore \u00e9t\u00e9 inscrite \u00e0 l&rsquo;ordre du jour de l&rsquo;Assembl\u00e9e nationale, ni au sein de la niche parlementaire du groupe, pr\u00e9vue le 6 avril prochain. Mais l&rsquo;essentiel est ailleurs.<\/p>\n\n\n\n<blockquote class=\"wp-block-quote is-layout-flow wp-block-quote-is-layout-flow\">\n<p>L&rsquo;objectif est de \u00ab\u00a0faire monter la pression sur le gouvernement\u00a0\u00bb, avant une semaine d\u00e9cisive pour la r\u00e9forme des retraites, sur laquelle plane l&rsquo;ombre du 49.3.<\/p>\n<\/blockquote>\n\n\n\n<p>Si le texte est conclusif en&nbsp;<a href=\"https:\/\/www.bfmtv.com\/politique\/parlement\/qu-est-ce-que-la-commission-mixte-paritaire-qui-va-decider-de-l-avenir-de-la-reforme-des-retraites_AN-202303120340.html\">commission mixte paritaire<\/a>&nbsp;(CMP), o\u00f9 se r\u00e9unissent d\u00e9put\u00e9s et s\u00e9nateurs ce mercredi pour s&rsquo;entendre sur une mouture finale, le S\u00e9nat, puis l&rsquo;Assembl\u00e9e devront se prononcer par un vote. Or, si l&rsquo;issue ne fait gu\u00e8re de doute pour les membres du Palais du Luxembourg, en majorit\u00e9 \u00e0 droite, elle est beaucoup plus incertaine du c\u00f4t\u00e9 des d\u00e9put\u00e9s<\/p>\n","protected":false},"excerpt":{"rendered":"<p>L&rsquo;article 49, alin\u00e9a 3&nbsp;de la Constitution pourrait-il dispara\u00eetre? C&rsquo;est en tout cas ce que souhaite le d\u00e9put\u00e9 J\u00e9r\u00e9mie Iordanoff, apprend-on dans&nbsp;Le Figaro. L&rsquo;\u00e9cologiste est \u00e0 l&rsquo;initiative d&rsquo;une proposition de loi pour interdire cette disposition permettant au gouvernement d&rsquo;adopter un projet de loi sans vote des d\u00e9put\u00e9s, moyennant au passage l&rsquo;engagement de sa responsabilit\u00e9. Pour l&rsquo;\u00e9lu [&hellip;]<\/p>\n","protected":false},"author":2,"featured_media":24231,"comment_status":"open","ping_status":"open","sticky":false,"template":"","format":"standard","meta":{"_jetpack_memberships_contains_paid_content":false,"footnotes":"","jetpack_publicize_message":"","jetpack_publicize_feature_enabled":true,"jetpack_social_post_already_shared":true,"jetpack_social_options":{"image_generator_settings":{"template":"highway","default_image_id":0,"font":"","enabled":false},"version":2},"_wpas_customize_per_network":false},"categories":[405],"tags":[],"class_list":["post-24230","post","type-post","status-publish","format-standard","has-post-thumbnail","hentry","category-actu-france-monde"],"jetpack_publicize_connections":[],"jetpack_featured_media_url":"https:\/\/i0.wp.com\/www.iceagetv.com\/radiosite\/wp-content\/uploads\/2023\/03\/Jeremie-Iordanoff-a-l-Assemblee-nationale-le-15-novembre-2022-1595592.jpg?fit=840%2C472&ssl=1","jetpack_sharing_enabled":true,"_links":{"self":[{"href":"https:\/\/www.iceagetv.com\/radiosite\/wp-json\/wp\/v2\/posts\/24230","targetHints":{"allow":["GET"]}}],"collection":[{"href":"https:\/\/www.iceagetv.com\/radiosite\/wp-json\/wp\/v2\/posts"}],"about":[{"href":"https:\/\/www.iceagetv.com\/radiosite\/wp-json\/wp\/v2\/types\/post"}],"author":[{"embeddable":true,"href":"https:\/\/www.iceagetv.com\/radiosite\/wp-json\/wp\/v2\/users\/2"}],"replies":[{"embeddable":true,"href":"https:\/\/www.iceagetv.com\/radiosite\/wp-json\/wp\/v2\/comments?post=24230"}],"version-history":[{"count":1,"href":"https:\/\/www.iceagetv.com\/radiosite\/wp-json\/wp\/v2\/posts\/24230\/revisions"}],"predecessor-version":[{"id":24232,"href":"https:\/\/www.iceagetv.com\/radiosite\/wp-json\/wp\/v2\/posts\/24230\/revisions\/24232"}],"wp:featuredmedia":[{"embeddable":true,"href":"https:\/\/www.iceagetv.com\/radiosite\/wp-json\/wp\/v2\/media\/24231"}],"wp:attachment":[{"href":"https:\/\/www.iceagetv.com\/radiosite\/wp-json\/wp\/v2\/media?parent=24230"}],"wp:term":[{"taxonomy":"category","embeddable":true,"href":"https:\/\/www.iceagetv.com\/radiosite\/wp-json\/wp\/v2\/categories?post=24230"},{"taxonomy":"post_tag","embeddable":true,"href":"https:\/\/www.iceagetv.com\/radiosite\/wp-json\/wp\/v2\/tags?post=24230"}],"curies":[{"name":"wp","href":"https:\/\/api.w.org\/{rel}","templated":true}]}}