{"id":24240,"date":"2023-03-14T12:04:31","date_gmt":"2023-03-14T12:04:31","guid":{"rendered":"https:\/\/www.iceagetv.com\/radiosite\/?p=24240"},"modified":"2023-03-14T12:04:34","modified_gmt":"2023-03-14T12:04:34","slug":"retraites-le-ministre-des-transports-clement-beaune-indique-que-demain-ne-devrait-pas-etre-une-journee-noire-dans-les-transports-publics","status":"publish","type":"post","link":"https:\/\/www.iceagetv.com\/radiosite\/retraites-le-ministre-des-transports-clement-beaune-indique-que-demain-ne-devrait-pas-etre-une-journee-noire-dans-les-transports-publics\/","title":{"rendered":"Retraites: Le ministre des Transports, Cl\u00e9ment Beaune, indique que demain ne devrait pas \u00eatre une \u00ab\u00a0journ\u00e9e noire\u00a0\u00bb dans les transports publics"},"content":{"rendered":"\n<p>Mercredi ne devrait pas \u00eatre une \u00ab\u00a0journ\u00e9e noire\u00a0\u00bb dans les transports publics, avec moins de perturbations li\u00e9es \u00e0 la gr\u00e8ve contre la r\u00e9forme des retraites pour la huiti\u00e8me journ\u00e9e de mobilisation, a indiqu\u00e9 le ministre des Transports Cl\u00e9ment Beaune mardi matin.<\/p>\n\n\n\n<p>\u00ab\u00a0En Ile-de-France, il y aura peu de perturbations. A la SNCF aujourd&rsquo;hui ce n\u2019est pas une situation normale et \u00e7a devrait \u00eatre moins bien demain. Dans le transport a\u00e9rien, seulement sur l\u2019a\u00e9roport d\u2019Orly, il y aura 20% de vols en moins\u00a0\u00bb, a pr\u00e9cis\u00e9 le ministre sur France 2.<\/p>\n\n\n\n<p>\u00ab\u00a0Je ne crois pas que ce soit une journ\u00e9e noire\u00a0\u00bb mercredi, a soulign\u00e9 Cl\u00e9ment Beaune. Il a conc\u00e9d\u00e9 cependant que \u00ab\u00a0quand on a une gal\u00e8re et qu\u2019on a son train annul\u00e9, on consid\u00e8re toujours que c\u2019est une journ\u00e9e noire\u00a0\u00bb. \u00ab\u00a0Ce sera moins p\u00e9nalisant\u00a0\u00bb, \u00ab\u00a0on ne sera pas dans les niveaux de perturbation des transports publics qu\u2019on a connu lors des pr\u00e9c\u00e9dentes mobilisations\u00a0\u00bb, a poursuivi le ministre.<\/p>\n\n\n\n<p>A la SNCF, une gr\u00e8ve reconductible a \u00e9t\u00e9 lanc\u00e9e le 7 mars \u00e0 l&rsquo;appel de tous les syndicats de cheminots contre la r\u00e9forme des retraites, et jusqu&rsquo;\u00e0 80% des TGV avaient \u00e9t\u00e9 annul\u00e9s lors des journ\u00e9es de mobilisation pr\u00e9c\u00e9dentes.<\/p>\n\n\n\n<p>Dans le transport a\u00e9rien, les annulations de vols pour mercredi s&rsquo;annoncent aussi moins nombreuses que la semaine derni\u00e8re, quand elles avaient touch\u00e9, outre les plateformes parisiennes d&rsquo;Orly et Roissy, des a\u00e9roports en r\u00e9gion, et concern\u00e9 jusqu&rsquo;\u00e0 30% des mouvements d&rsquo;appareils.<\/p>\n","protected":false},"excerpt":{"rendered":"<p>Mercredi ne devrait pas \u00eatre une \u00ab\u00a0journ\u00e9e noire\u00a0\u00bb dans les transports publics, avec moins de perturbations li\u00e9es \u00e0 la gr\u00e8ve contre la r\u00e9forme des retraites pour la huiti\u00e8me journ\u00e9e de mobilisation, a indiqu\u00e9 le ministre des Transports Cl\u00e9ment Beaune mardi matin. \u00ab\u00a0En Ile-de-France, il y aura peu de perturbations. A la SNCF aujourd&rsquo;hui ce n\u2019est [&hellip;]<\/p>\n","protected":false},"author":2,"featured_media":24241,"comment_status":"open","ping_status":"open","sticky":false,"template":"","format":"standard","meta":{"_jetpack_memberships_contains_paid_content":false,"footnotes":"","jetpack_publicize_message":"","jetpack_publicize_feature_enabled":true,"jetpack_social_post_already_shared":true,"jetpack_social_options":{"image_generator_settings":{"template":"highway","default_image_id":0,"font":"","enabled":false},"version":2},"_wpas_customize_per_network":false},"categories":[405],"tags":[],"class_list":["post-24240","post","type-post","status-publish","format-standard","has-post-thumbnail","hentry","category-actu-france-monde"],"jetpack_publicize_connections":[],"jetpack_featured_media_url":"https:\/\/i0.wp.com\/www.iceagetv.com\/radiosite\/wp-content\/uploads\/2023\/03\/Lsm_8sO.png?fit=899%2C388&ssl=1","jetpack_sharing_enabled":true,"_links":{"self":[{"href":"https:\/\/www.iceagetv.com\/radiosite\/wp-json\/wp\/v2\/posts\/24240","targetHints":{"allow":["GET"]}}],"collection":[{"href":"https:\/\/www.iceagetv.com\/radiosite\/wp-json\/wp\/v2\/posts"}],"about":[{"href":"https:\/\/www.iceagetv.com\/radiosite\/wp-json\/wp\/v2\/types\/post"}],"author":[{"embeddable":true,"href":"https:\/\/www.iceagetv.com\/radiosite\/wp-json\/wp\/v2\/users\/2"}],"replies":[{"embeddable":true,"href":"https:\/\/www.iceagetv.com\/radiosite\/wp-json\/wp\/v2\/comments?post=24240"}],"version-history":[{"count":1,"href":"https:\/\/www.iceagetv.com\/radiosite\/wp-json\/wp\/v2\/posts\/24240\/revisions"}],"predecessor-version":[{"id":24242,"href":"https:\/\/www.iceagetv.com\/radiosite\/wp-json\/wp\/v2\/posts\/24240\/revisions\/24242"}],"wp:featuredmedia":[{"embeddable":true,"href":"https:\/\/www.iceagetv.com\/radiosite\/wp-json\/wp\/v2\/media\/24241"}],"wp:attachment":[{"href":"https:\/\/www.iceagetv.com\/radiosite\/wp-json\/wp\/v2\/media?parent=24240"}],"wp:term":[{"taxonomy":"category","embeddable":true,"href":"https:\/\/www.iceagetv.com\/radiosite\/wp-json\/wp\/v2\/categories?post=24240"},{"taxonomy":"post_tag","embeddable":true,"href":"https:\/\/www.iceagetv.com\/radiosite\/wp-json\/wp\/v2\/tags?post=24240"}],"curies":[{"name":"wp","href":"https:\/\/api.w.org\/{rel}","templated":true}]}}