{"id":24248,"date":"2023-03-15T08:20:20","date_gmt":"2023-03-15T08:20:20","guid":{"rendered":"https:\/\/www.iceagetv.com\/radiosite\/?p=24248"},"modified":"2023-03-15T08:20:20","modified_gmt":"2023-03-15T08:20:20","slug":"nappes-phreatiques-en-deficit-pluies-insuffisantes-temperatures-trop-chaudes-pourquoi-lete-prochain-sannonce-encore-sec","status":"publish","type":"post","link":"https:\/\/www.iceagetv.com\/radiosite\/nappes-phreatiques-en-deficit-pluies-insuffisantes-temperatures-trop-chaudes-pourquoi-lete-prochain-sannonce-encore-sec\/","title":{"rendered":"Nappes phr\u00e9atiques en d\u00e9ficit, pluies insuffisantes, temp\u00e9ratures trop chaudes&#8230; Pourquoi l&rsquo;\u00e9t\u00e9 prochain s&rsquo;annonce encore sec"},"content":{"rendered":"\n<p>La situation des nappes phr\u00e9atiques en France&nbsp;<em>\u00ab\u00a0s&rsquo;est d\u00e9grad\u00e9e et est peu satisfaisante\u00a0\u00bb<\/em>, a alert\u00e9 lundi 13 mars&nbsp;<a href=\"https:\/\/www.brgm.fr\/fr\/actualite\/communique-presse\/nappes-eau-souterraine-au-1er-mars-2023\" target=\"_blank\" rel=\"noreferrer noopener\">le Bureau des recherches g\u00e9ologiques et mini\u00e8res<\/a>&nbsp;(BRGM), le service g\u00e9ologique national fran\u00e7ais. Alors que l&rsquo;ensemble d&rsquo;entre elles sont actuellement sous les normales, apr\u00e8s une&nbsp;<a href=\"https:\/\/www.francetvinfo.fr\/monde\/environnement\/crise-climatique\/recit-secheresse-incendies-orages-de-grele-2022-annus-horribilis-ou-la-france-s-est-pris-les-foudres-de-la-crise-climatique_5554878.html\">s\u00e9cheresse exceptionnelle l&rsquo;an dernier<\/a>&nbsp;et une&nbsp;<a href=\"https:\/\/www.francetvinfo.fr\/meteo\/secheresse\/infographies-trente-et-un-jours-sans-pluie-visualisez-la-secheresse-de-cet-hiver-en-trois-graphiques_5671145.html\">longue p\u00e9riode sans pluie significative<\/a>,&nbsp;<a href=\"https:\/\/www.francetvinfo.fr\/meteo\/secheresse\/infographies-trente-et-un-jours-sans-pluie-visualisez-la-secheresse-de-cet-hiver-en-trois-graphiques_5671145.html\"><\/a>notamment au premier trimestre, la situation fait craindre \u00e0&nbsp;<a href=\"https:\/\/www.francetvinfo.fr\/meteo\/secheresse\/temoignages-agriculteur-pecheur-maire-en-plein-hiver-ils-souffrent-deja-de-la-secheresse-et-redoutent-une-guerre-de-l-eau_5688338.html\">un nouvel \u00e9t\u00e9 \u00e0 sec<\/a>&nbsp;sur le territoire.<\/p>\n\n\n\n<p><strong><a href=\"https:\/\/www.francetvinfo.fr\/meteo\/secheresse\/niveau-des-nappes-phreatiques-debits-des-cours-d-eau-restrictions-d-usage-tout-comprendre-au-suivi-tres-strategique-de-la-secheresse-en-france_5686595.html\">&gt;&gt; Niveau des nappes phr\u00e9atiques, d\u00e9bits des cours d&rsquo;eau, restrictions d&rsquo;usage&#8230; Tout comprendre au suivi tr\u00e8s strat\u00e9gique de la s\u00e9cheresse en France<\/a><\/strong><em><\/em><\/p>\n\n\n\n<p><em>\u00ab\u00a0Si le printemps et l&rsquo;\u00e9t\u00e9 sont aussi secs que l&rsquo;an dernier, on risque d&rsquo;avoir des restrictions d&rsquo;usage de l&rsquo;eau dans toute la France\u00a0\u00bb<\/em>, a alert\u00e9 Violaine Bault, hydrog\u00e9ologue au BRGM, lors d&rsquo;une conf\u00e9rence de presse. Franceinfo vous explique pourquoi les sp\u00e9cialistes du sujet sont alarmistes.<\/p>\n\n\n\n<h2 class=\"wp-block-heading\">Parce que les nappes sont \u00e0 sec<\/h2>\n\n\n\n<p><em>\u00ab\u00a0L&rsquo;ensemble des nappes affichent des niveaux sous les normales et 80% des niveaux sont mod\u00e9r\u00e9ment bas \u00e0 tr\u00e8s bas\u00a0\u00bb<\/em>, alerte le BRGM dans son bulletin sur la situation au 1er mars.\u00a0<em>\u00ab\u00a0Ce qui est in\u00e9dit depuis le d\u00e9but des enregistrements, c&rsquo;est que toute la France est touch\u00e9e. On a des niveaux bas sur l&rsquo;ensemble du pays\u00a0\u00bb<\/em>, compl\u00e8te Violaine Bault.<\/p>\n\n\n\n<h2 class=\"wp-block-heading\">Parce que les pluies actuelles ne compensent pas le manque<\/h2>\n\n\n\n<p>Heureusement, les sols ont \u00e9t\u00e9 r\u00e9humidifi\u00e9s par les pluies de ces derniers jours.\u00a0<em>\u00ab\u00a0On est pass\u00e9s d&rsquo;une situation record\u00a0pour un d\u00e9but de mois de mars \u00e0 une situation normale pour la saison\u00a0\u00bb<\/em>, d\u00e9crit Simon Mittelberger, climatologue \u00e0 M\u00e9t\u00e9o France. A l&rsquo;exception des r\u00e9gions Paca, Languedoc-Roussillon et de l&rsquo;axe allant de la Normandie au Grand-Est, la situation des sols s&rsquo;est donc\u00a0<em>\u00ab\u00a0bien am\u00e9lior\u00e9e\u00a0\u00bb<\/em>, comme le montre cette carte comparant l&rsquo;indice d&rsquo;humidit\u00e9 des sols dans l&rsquo;Hexagone les 6 et 13 mars.<\/p>\n\n\n\n<p>Toutefois, pour recharger suffisamment les nappes phr\u00e9atiques en vue de l&rsquo;\u00e9t\u00e9, il faudrait des&nbsp;<em>\u00ab\u00a0pluies tr\u00e8s au-dessus des normales\u00a0\u00bb<\/em>, insiste Pierre Pannet, directeur adjoint des actions territoriales au BRGM. Ces pr\u00e9cipitations n&rsquo;ont ainsi pour effet, pour le moment, que de r\u00e9humidifier les sols, sans p\u00e9n\u00e9trer jusqu&rsquo;aux nappes souterraines. M\u00eame probl\u00e8me pour les orages survenus lors de la nuit du 13 au 14 mars.&nbsp;<em>\u00ab\u00a0Ce n&rsquo;est pas l&rsquo;id\u00e9al pour l&rsquo;infiltration de l&rsquo;eau dans les sols jusqu&rsquo;aux nappes. Nous avons davantage besoin de perturbations durables avec des pluies moins fortes. L\u00e0, l&rsquo;eau va ruisseler et alimenter les cours d&rsquo;eau\u00a0\u00bb<\/em>,&nbsp;<a href=\"https:\/\/www.francetvinfo.fr\/meteo\/orages\/vigilance-aux-orages-c-est-une-situation-que-l-on-rencontre-plus-frequemment-a-partir-de-mai-analyse-un-meteorologue_5708903.html\">commentait pour franceinfo Fr\u00e9d\u00e9ric Long<\/a>, pr\u00e9visionniste \u00e0 M\u00e9t\u00e9o France.<\/p>\n\n\n\n<h2 class=\"wp-block-heading\">Parce que le printemps risque d&rsquo;\u00eatre chaud<\/h2>\n\n\n\n<p>Par ailleurs, M\u00e9t\u00e9o-France \u00e9crit dans&nbsp;<a href=\"https:\/\/meteofrance.fr\/sites\/meteofrance.fr\/files\/files\/editorial\/Tendances-a-3-mois_mar-mai-2023.pdf\" target=\"_blank\" rel=\"noreferrer noopener\">son bulletin des tendances \u00e0 trois mois<\/a>&nbsp;qu&rsquo;un&nbsp;<em>\u00ab\u00a0sc\u00e9nario plus chaud que la normale est privil\u00e9gi\u00e9 pour le printemps\u00a0\u00bb.&nbsp;<\/em>Des temp\u00e9ratures plus chaudes, dop\u00e9es par&nbsp;<a href=\"https:\/\/www.francetvinfo.fr\/meteo\/climat\/infographies-climat-fait-il-chaud-ou-froid-pour-la-saison-comparez-la-meteo-du-jour-a-l-historique-des-temperatures-des-dernieres-decennies_5703086.html\">le changement climatique<\/a>&nbsp;d&rsquo;origine humaine, diminueront la quantit\u00e9 d&rsquo;eau qui pourra s&rsquo;infiltrer dans les sols. En effet,&nbsp;<em>\u00ab\u00a0l&rsquo;eau s&rsquo;\u00e9vaporera davantage\u00a0\u00bb<\/em>, commence \u00e0 expliquer Simon Mittelberger. De plus, avec un printemps pr\u00e9coce, la pousse de la v\u00e9g\u00e9tation d\u00e9marre plus t\u00f4t et vient, pour se d\u00e9velopper,&nbsp;<em>\u00ab\u00a0puiser l&rsquo;eau dans les sols\u00a0\u00bb<\/em>, ajoute encore le climatologue.&nbsp;<em>\u00ab\u00a0Ces v\u00e9g\u00e9taux seront [en outre] beaucoup plus d\u00e9velopp\u00e9s et pr\u00e9dispos\u00e9s, s&rsquo;il y a du gel en avril, \u00e0 subir des d\u00e9g\u00e2ts\u00a0\u00bb<\/em>, anticipait enfin Serge Zaka,&nbsp;agroclimatologue au sein de l&rsquo;entreprise ITK et administrateur de l&rsquo;association Infoclimat, en janvier sur&nbsp;<a href=\"https:\/\/www.francetvinfo.fr\/monde\/environnement\/crise-climatique\/climat-on-vous-explique-la-vague-de-chaleur-hivernale-qui-frappe-l-europe-et-fait-souffrir-les-ecosystemes_5579910.html\">franceinfo<\/a>.<\/p>\n\n\n\n<h2 class=\"wp-block-heading\">Parce que le manteau neigeux n&rsquo;est pas suffisant pour irriguer les sols<\/h2>\n\n\n\n<p>Pour finir, l&rsquo;enneigement des massifs montagneux est faible.&nbsp;<em>\u00ab\u00a0L&rsquo;\u00e9tat du manteau neigeux est tr\u00e8s d\u00e9ficitaire, voire proche des valeurs records les plus faibles pour les Alpes\u00a0\u00bb<\/em>, d\u00e9taille Simon Mittelberger. Ce manque qui risque de limiter l&rsquo;approvisionnement en eau au printemps. La neige constitue en effet un stock d&rsquo;eau qui irrigue les r\u00e9gions proches lors de la fonte.&nbsp;<em>\u00ab\u00a0\u00c7a aura un impact sur certaines nappes phr\u00e9atiques de Provence ou du pourtour des Pyr\u00e9n\u00e9es\u00a0\u00bb<\/em>, a pr\u00e9venu le BRGM lors de sa conf\u00e9rence de presse. Et si des chutes de neige ont blanchi les sommets ces derniers jours,&nbsp;<em>\u00ab\u00a0\u00e7a n&rsquo;a pas permis de revenir \u00e0 un niveau normal pour la saison\u00a0\u00bb<\/em>, d\u00e9plore le climatologue.<\/p>\n\n\n\n<p>Un autre \u00e9l\u00e9ment vient tarir au fil des ann\u00e9es les ressources en eau venant des massifs : la fonte des glaciers due au r\u00e9chauffement climatique.&nbsp;<em>\u00ab\u00a0Dans les Pyr\u00e9n\u00e9es, (&#8230;) ils vont dispara\u00eetre d&rsquo;ici dix \u00e0 vingt ans\u00a0\u00bb<\/em>, pr\u00e9venait en janvier&nbsp;<a href=\"https:\/\/www.francetvinfo.fr\/monde\/environnement\/crise-climatique\/climat-on-vous-explique-pourquoi-la-nouvelle-etude-sur-la-disparition-des-glaciers-est-inquietante-meme-si-tout-n-est-pas-perdu_5584932.html\">sur franceinfo<\/a>&nbsp;le glaciologue du CNRS Etienne Berthier. Dans les Alpes,&nbsp;<em>\u00ab\u00a0ils vont persister plus longtemps, mais en 2100, nos projections indiquent qu&rsquo;il resterait au mieux une quinzaine de pourcents de leur masse\u00a0\u00bb<\/em>, poursuivait-il. Et jusque-l\u00e0, la masse d&rsquo;eau en d\u00e9coulant chaque ann\u00e9e va diminuer.<\/p>\n","protected":false},"excerpt":{"rendered":"<p>La situation des nappes phr\u00e9atiques en France&nbsp;\u00ab\u00a0s&rsquo;est d\u00e9grad\u00e9e et est peu satisfaisante\u00a0\u00bb, a alert\u00e9 lundi 13 mars&nbsp;le Bureau des recherches g\u00e9ologiques et mini\u00e8res&nbsp;(BRGM), le service g\u00e9ologique national fran\u00e7ais. Alors que l&rsquo;ensemble d&rsquo;entre elles sont actuellement sous les normales, apr\u00e8s une&nbsp;s\u00e9cheresse exceptionnelle l&rsquo;an dernier&nbsp;et une&nbsp;longue p\u00e9riode sans pluie significative,&nbsp;notamment au premier trimestre, la situation fait craindre [&hellip;]<\/p>\n","protected":false},"author":2,"featured_media":24249,"comment_status":"open","ping_status":"open","sticky":false,"template":"","format":"standard","meta":{"_jetpack_memberships_contains_paid_content":false,"footnotes":"","jetpack_publicize_message":"","jetpack_publicize_feature_enabled":true,"jetpack_social_post_already_shared":true,"jetpack_social_options":{"image_generator_settings":{"template":"highway","default_image_id":0,"font":"","enabled":false},"version":2},"_wpas_customize_per_network":false},"categories":[405],"tags":[],"class_list":["post-24248","post","type-post","status-publish","format-standard","has-post-thumbnail","hentry","category-actu-france-monde"],"jetpack_publicize_connections":[],"jetpack_featured_media_url":"https:\/\/i0.wp.com\/www.iceagetv.com\/radiosite\/wp-content\/uploads\/2023\/03\/Nappes-phreatiques-en-deficit.png?fit=1148%2C643&ssl=1","jetpack_sharing_enabled":true,"_links":{"self":[{"href":"https:\/\/www.iceagetv.com\/radiosite\/wp-json\/wp\/v2\/posts\/24248","targetHints":{"allow":["GET"]}}],"collection":[{"href":"https:\/\/www.iceagetv.com\/radiosite\/wp-json\/wp\/v2\/posts"}],"about":[{"href":"https:\/\/www.iceagetv.com\/radiosite\/wp-json\/wp\/v2\/types\/post"}],"author":[{"embeddable":true,"href":"https:\/\/www.iceagetv.com\/radiosite\/wp-json\/wp\/v2\/users\/2"}],"replies":[{"embeddable":true,"href":"https:\/\/www.iceagetv.com\/radiosite\/wp-json\/wp\/v2\/comments?post=24248"}],"version-history":[{"count":1,"href":"https:\/\/www.iceagetv.com\/radiosite\/wp-json\/wp\/v2\/posts\/24248\/revisions"}],"predecessor-version":[{"id":24250,"href":"https:\/\/www.iceagetv.com\/radiosite\/wp-json\/wp\/v2\/posts\/24248\/revisions\/24250"}],"wp:featuredmedia":[{"embeddable":true,"href":"https:\/\/www.iceagetv.com\/radiosite\/wp-json\/wp\/v2\/media\/24249"}],"wp:attachment":[{"href":"https:\/\/www.iceagetv.com\/radiosite\/wp-json\/wp\/v2\/media?parent=24248"}],"wp:term":[{"taxonomy":"category","embeddable":true,"href":"https:\/\/www.iceagetv.com\/radiosite\/wp-json\/wp\/v2\/categories?post=24248"},{"taxonomy":"post_tag","embeddable":true,"href":"https:\/\/www.iceagetv.com\/radiosite\/wp-json\/wp\/v2\/tags?post=24248"}],"curies":[{"name":"wp","href":"https:\/\/api.w.org\/{rel}","templated":true}]}}