{"id":24262,"date":"2023-03-16T16:10:17","date_gmt":"2023-03-16T16:10:17","guid":{"rendered":"https:\/\/www.iceagetv.com\/radiosite\/?p=24262"},"modified":"2023-03-16T16:10:17","modified_gmt":"2023-03-16T16:10:17","slug":"reforme-des-retraites-apres-le-49-3-une-manifestation-surprise-en-cours-place-de-la-concorde","status":"publish","type":"post","link":"https:\/\/www.iceagetv.com\/radiosite\/reforme-des-retraites-apres-le-49-3-une-manifestation-surprise-en-cours-place-de-la-concorde\/","title":{"rendered":"R\u00c9FORME DES RETRAITES: APR\u00c8S LE 49.3, UNE MANIFESTATION SURPRISE EN COURS PLACE DE LA CONCORDE"},"content":{"rendered":"\n<p>Apr\u00e8s le recours du 49.3 \u00e0 l&rsquo;Assembl\u00e9e nationale ce jeudi apr\u00e8s-midi par \u00c9lisabeth Borne, une manifestation surprise s&rsquo;est organis\u00e9e \u00e0 la Concorde dans l&rsquo;apr\u00e8s-midi.<\/p>\n\n\n\n<p><a href=\"https:\/\/www.bfmtv.com\/politique\/gouvernement\/reforme-des-retraites-apres-un-conseil-des-ministres-le-49-3-choisi-pour-eviter-le-vote_AN-202303160461.html\">Le recours au 49.3 par \u00c9lisabeth Borne<\/a>&nbsp;pour adopter la r\u00e9forme des retraites a donn\u00e9 un nouvel \u00e9lan \u00e0 la mobilisation contre le texte ce jeudi apr\u00e8s-midi. Une manifestation surprise s&rsquo;est organis\u00e9e place de la Concorde \u00e0 Paris et est actuellement en cours.<\/p>\n\n\n\n<p>Le rassemblement \u00e9tait \u00e0 l&rsquo;origine interdit par la pr\u00e9fecture de police de Paris, avant d&rsquo;\u00eatre finalement autoris\u00e9 par la Justice, a expliqu\u00e9 l&rsquo;union syndicale Solidaires \u00e0 l&rsquo;origine du mouvement.<\/p>\n\n\n\n<h2 class=\"wp-block-heading\">Il va y avoir une col\u00e8re qui s&rsquo;exprime\u00a0\u00bb<\/h2>\n\n\n\n<p>Des manifestants se sont \u00e9galement r\u00e9unis pr\u00e8s de l&rsquo;Assembl\u00e9e nationale, mais un dispositif de s\u00e9curit\u00e9 tr\u00e8s important a \u00e9t\u00e9 dress\u00e9 aux abords de la chambre parlementaire.<\/p>\n\n\n\n<p>Beaucoup ont donc rejoint les contestataires d\u00e9j\u00e0 pr\u00e9sents place de la Concorde, m\u00eame si le pont reliant les deux sites a \u00e9t\u00e9 condamn\u00e9 par les forces de l&rsquo;ordre.<\/p>\n\n\n\n<p>Il est tr\u00e8s clair qu&rsquo;aujourd&rsquo;hui il va y avoir une col\u00e8re qui s&rsquo;exprime\u00a0\u00bb, a r\u00e9agi le d\u00e9put\u00e9 Fran\u00e7ois Ruffin au micro de BFMTV en sortant de l&rsquo;Assembl\u00e9e nationale.<\/p>\n\n\n\n<p>Les manifestants se mobilisent ce jeudi pour protester contre la m\u00e9thode utilis\u00e9e par le gouvernement, en plus d&rsquo;une r\u00e9forme qu&rsquo;ils jugent injuste. Les syndicats ont indiqu\u00e9 d\u00e8s aujourd&rsquo;hui qu&rsquo;ils allaient continuer de se battre contre cette r\u00e9forme.<\/p>\n","protected":false},"excerpt":{"rendered":"<p>Apr\u00e8s le recours du 49.3 \u00e0 l&rsquo;Assembl\u00e9e nationale ce jeudi apr\u00e8s-midi par \u00c9lisabeth Borne, une manifestation surprise s&rsquo;est organis\u00e9e \u00e0 la Concorde dans l&rsquo;apr\u00e8s-midi. Le recours au 49.3 par \u00c9lisabeth Borne&nbsp;pour adopter la r\u00e9forme des retraites a donn\u00e9 un nouvel \u00e9lan \u00e0 la mobilisation contre le texte ce jeudi apr\u00e8s-midi. Une manifestation surprise s&rsquo;est organis\u00e9e [&hellip;]<\/p>\n","protected":false},"author":2,"featured_media":24263,"comment_status":"open","ping_status":"open","sticky":false,"template":"","format":"standard","meta":{"_jetpack_memberships_contains_paid_content":false,"footnotes":"","jetpack_publicize_message":"","jetpack_publicize_feature_enabled":true,"jetpack_social_post_already_shared":true,"jetpack_social_options":{"image_generator_settings":{"template":"highway","default_image_id":0,"font":"","enabled":false},"version":2},"_wpas_customize_per_network":false},"categories":[405],"tags":[],"class_list":["post-24262","post","type-post","status-publish","format-standard","has-post-thumbnail","hentry","category-actu-france-monde"],"jetpack_publicize_connections":[],"jetpack_featured_media_url":"https:\/\/i0.wp.com\/www.iceagetv.com\/radiosite\/wp-content\/uploads\/2023\/03\/REFORME-DES-RETRAITES.jpg?fit=680%2C383&ssl=1","jetpack_sharing_enabled":true,"_links":{"self":[{"href":"https:\/\/www.iceagetv.com\/radiosite\/wp-json\/wp\/v2\/posts\/24262","targetHints":{"allow":["GET"]}}],"collection":[{"href":"https:\/\/www.iceagetv.com\/radiosite\/wp-json\/wp\/v2\/posts"}],"about":[{"href":"https:\/\/www.iceagetv.com\/radiosite\/wp-json\/wp\/v2\/types\/post"}],"author":[{"embeddable":true,"href":"https:\/\/www.iceagetv.com\/radiosite\/wp-json\/wp\/v2\/users\/2"}],"replies":[{"embeddable":true,"href":"https:\/\/www.iceagetv.com\/radiosite\/wp-json\/wp\/v2\/comments?post=24262"}],"version-history":[{"count":1,"href":"https:\/\/www.iceagetv.com\/radiosite\/wp-json\/wp\/v2\/posts\/24262\/revisions"}],"predecessor-version":[{"id":24264,"href":"https:\/\/www.iceagetv.com\/radiosite\/wp-json\/wp\/v2\/posts\/24262\/revisions\/24264"}],"wp:featuredmedia":[{"embeddable":true,"href":"https:\/\/www.iceagetv.com\/radiosite\/wp-json\/wp\/v2\/media\/24263"}],"wp:attachment":[{"href":"https:\/\/www.iceagetv.com\/radiosite\/wp-json\/wp\/v2\/media?parent=24262"}],"wp:term":[{"taxonomy":"category","embeddable":true,"href":"https:\/\/www.iceagetv.com\/radiosite\/wp-json\/wp\/v2\/categories?post=24262"},{"taxonomy":"post_tag","embeddable":true,"href":"https:\/\/www.iceagetv.com\/radiosite\/wp-json\/wp\/v2\/tags?post=24262"}],"curies":[{"name":"wp","href":"https:\/\/api.w.org\/{rel}","templated":true}]}}