{"id":24265,"date":"2023-03-16T18:53:15","date_gmt":"2023-03-16T18:53:15","guid":{"rendered":"https:\/\/www.iceagetv.com\/radiosite\/?p=24265"},"modified":"2023-03-16T18:53:15","modified_gmt":"2023-03-16T18:53:15","slug":"reforme-des-retraites-lintersyndicale-appelle-a-une-nouvelle-journee-de-mobilisation-le-jeudi-23-mars","status":"publish","type":"post","link":"https:\/\/www.iceagetv.com\/radiosite\/reforme-des-retraites-lintersyndicale-appelle-a-une-nouvelle-journee-de-mobilisation-le-jeudi-23-mars\/","title":{"rendered":"R\u00e9forme des retraites\u00a0: l&rsquo;intersyndicale appelle \u00e0 une nouvelle journ\u00e9e de mobilisation le jeudi 23 mars"},"content":{"rendered":"\n<p>Les syndicats ne comptent pas d\u00e9poser les armes. Apr\u00e8s l&rsquo;utilisation du 49.3 ce jeudi par le gouvernement pour faire passer la r\u00e9forme des retraites, l&rsquo;intersyndicale a fait part de son intention de poursuivre la mobilisation. Lors d&rsquo;une conf\u00e9rence de presse, les repr\u00e9sentants ont appel\u00e9 \u00e0\u00a0<strong>une neuvi\u00e8me grande journ\u00e9e de gr\u00e8ves et de manifestation le jeudi 23 mars<\/strong><\/p>\n\n\n\n<p>Les syndicats appellent \u00e9galement \u00e0 des rassemblements ce week-end.&nbsp;\u00ab\u00a0<em>L&rsquo;intersyndicale continue \u00e0 exiger le retrait de cette r\u00e9forme dans des actions calmes et d\u00e9termin\u00e9es<\/em>\u00ab\u00a0, a d\u00e9clar\u00e9 Catherine Perret, secr\u00e9taire conf\u00e9d\u00e9rale de la CGT. \u00ab\u00a0<em>L&rsquo;intersyndicale appelle \u00e0 des rassemblements syndicaux de proximit\u00e9 ce week-end et \u00e0 une nouvelle journ\u00e9e de mobilisation le jeudi 23 mars prochain<\/em>\u00ab\u00a0.<\/p>\n\n\n\n<h2 class=\"wp-block-heading\">Les syndicats toujours unis contre la r\u00e9forme<\/h2>\n\n\n\n<p>Dans l&rsquo;apr\u00e8s-midi, Elisabeth Borne a annonc\u00e9 engager la responsabilit\u00e9 de son gouvernement sur cette r\u00e9forme en utilisant l&rsquo;article 49.3 de la constitution. Une \u00ab\u00a0<em>triple d\u00e9faite populaire, morale et politique<\/em>\u00a0\u00bb pour l&rsquo;ex\u00e9cutif a jug\u00e9 Laurent Escure, patron de l&rsquo;Unsa. Dans la foul\u00e9e,&nbsp;<strong>Laurent Berger<\/strong>, secr\u00e9taire g\u00e9n\u00e9ral de la CFDT, a promis qu&rsquo;il y aura de \u00ab\u00a0<em>nouvelles mobilisations<\/em>\u00ab\u00a0. Le syndicaliste a d\u00e9nonc\u00e9 un \u00ab\u00a0<em>vice d\u00e9mocratique<\/em>\u00ab\u00a0.&nbsp;L&rsquo;usage du 49.3 montre \u00ab\u00a0<em>qu&rsquo;il n&rsquo;y a pas de majorit\u00e9 \u00e0 l&rsquo;Assembl\u00e9e nationale pour voter cette r\u00e9forme injuste (&#8230;), en cela la repr\u00e9sentation nationale est conforme \u00e0 ce que pensent les citoyens<\/em>\u00ab\u00a0, a-t-il d\u00e9clar\u00e9.<\/p>\n\n\n\n<p>Le secr\u00e9taire g\u00e9n\u00e9ral de la CGT,&nbsp;<strong>Philippe Martinez<\/strong>&nbsp;lui a fait \u00e9cho en affirmant que \u00ab\u00a0<em>la mobilisation et les gr\u00e8ves doivent s&rsquo;amplifier<\/em>\u00ab\u00a0. \u00ab\u00a0<em>La mobilisation des citoyens sous l&rsquo;impulsion des organisations syndicales n&rsquo;a pas permis au pr\u00e9sident de la R\u00e9publique d&rsquo;avoir une majorit\u00e9 pour voter sa loi. Le passage en force avec l&rsquo;utilisation du 49.3 doit trouver une r\u00e9ponse \u00e0 la hauteur de ce m\u00e9pris du peuple<\/em>\u00ab\u00a0, a-t-il \u00e9crit dans un message.&nbsp;\u00ab\u00a0<em>Tout au long de l\u2019examen du texte de loi, le gouvernement a fait le choix du passage en force&nbsp;: proc\u00e9dures acc\u00e9l\u00e9r\u00e9es, refus de passer au vote sur les amendements, pressions sur les \u00e9lus.es ou les groupes, concessions \u00e0 la droite<\/em>\u00ab\u00a0.<\/p>\n\n\n\n<p>Reste \u00e0 voir comment la rue r\u00e9agira \u00e0 ce nouvel appel \u00e0 la mobilisation. Mercredi, le mouvement montrait quelques signes d&rsquo;essoufflement avec 1,7 million de personnes selon la CGT et 480.000 selon le minist\u00e8re de l&rsquo;Int\u00e9rieur. Peu apr\u00e8s la d\u00e9claration d&rsquo;Elisabeth Borne devant l&rsquo;Assembl\u00e9e nationale,&nbsp;<strong>plusieurs manifestations spontan\u00e9es<\/strong>&nbsp;se sont produites partout en France.<\/p>\n","protected":false},"excerpt":{"rendered":"<p>Les syndicats ne comptent pas d\u00e9poser les armes. Apr\u00e8s l&rsquo;utilisation du 49.3 ce jeudi par le gouvernement pour faire passer la r\u00e9forme des retraites, l&rsquo;intersyndicale a fait part de son intention de poursuivre la mobilisation. Lors d&rsquo;une conf\u00e9rence de presse, les repr\u00e9sentants ont appel\u00e9 \u00e0\u00a0une neuvi\u00e8me grande journ\u00e9e de gr\u00e8ves et de manifestation le jeudi [&hellip;]<\/p>\n","protected":false},"author":2,"featured_media":24266,"comment_status":"open","ping_status":"open","sticky":false,"template":"","format":"standard","meta":{"_jetpack_memberships_contains_paid_content":false,"footnotes":"","jetpack_publicize_message":"","jetpack_publicize_feature_enabled":true,"jetpack_social_post_already_shared":true,"jetpack_social_options":{"image_generator_settings":{"template":"highway","default_image_id":0,"font":"","enabled":false},"version":2},"_wpas_customize_per_network":false},"categories":[405],"tags":[],"class_list":["post-24265","post","type-post","status-publish","format-standard","has-post-thumbnail","hentry","category-actu-france-monde"],"jetpack_publicize_connections":[],"jetpack_featured_media_url":"https:\/\/i0.wp.com\/www.iceagetv.com\/radiosite\/wp-content\/uploads\/2023\/03\/Screenshot_20230316_195428.jpg?fit=907%2C564&ssl=1","jetpack_sharing_enabled":true,"_links":{"self":[{"href":"https:\/\/www.iceagetv.com\/radiosite\/wp-json\/wp\/v2\/posts\/24265","targetHints":{"allow":["GET"]}}],"collection":[{"href":"https:\/\/www.iceagetv.com\/radiosite\/wp-json\/wp\/v2\/posts"}],"about":[{"href":"https:\/\/www.iceagetv.com\/radiosite\/wp-json\/wp\/v2\/types\/post"}],"author":[{"embeddable":true,"href":"https:\/\/www.iceagetv.com\/radiosite\/wp-json\/wp\/v2\/users\/2"}],"replies":[{"embeddable":true,"href":"https:\/\/www.iceagetv.com\/radiosite\/wp-json\/wp\/v2\/comments?post=24265"}],"version-history":[{"count":1,"href":"https:\/\/www.iceagetv.com\/radiosite\/wp-json\/wp\/v2\/posts\/24265\/revisions"}],"predecessor-version":[{"id":24267,"href":"https:\/\/www.iceagetv.com\/radiosite\/wp-json\/wp\/v2\/posts\/24265\/revisions\/24267"}],"wp:featuredmedia":[{"embeddable":true,"href":"https:\/\/www.iceagetv.com\/radiosite\/wp-json\/wp\/v2\/media\/24266"}],"wp:attachment":[{"href":"https:\/\/www.iceagetv.com\/radiosite\/wp-json\/wp\/v2\/media?parent=24265"}],"wp:term":[{"taxonomy":"category","embeddable":true,"href":"https:\/\/www.iceagetv.com\/radiosite\/wp-json\/wp\/v2\/categories?post=24265"},{"taxonomy":"post_tag","embeddable":true,"href":"https:\/\/www.iceagetv.com\/radiosite\/wp-json\/wp\/v2\/tags?post=24265"}],"curies":[{"name":"wp","href":"https:\/\/api.w.org\/{rel}","templated":true}]}}