{"id":24290,"date":"2023-03-18T16:50:18","date_gmt":"2023-03-18T16:50:18","guid":{"rendered":"https:\/\/www.iceagetv.com\/radiosite\/?p=24290"},"modified":"2023-03-18T16:50:18","modified_gmt":"2023-03-18T16:50:18","slug":"reforme-des-retraites-la-plus-grande-raffinerie-de-france-a-larret-en-normandie","status":"publish","type":"post","link":"https:\/\/www.iceagetv.com\/radiosite\/reforme-des-retraites-la-plus-grande-raffinerie-de-france-a-larret-en-normandie\/","title":{"rendered":"R\u00c9FORME DES RETRAITES: LA PLUS GRANDE RAFFINERIE DE FRANCE \u00c0 L&rsquo;ARR\u00caT EN NORMANDIE"},"content":{"rendered":"\n<p>L&rsquo;arr\u00eat des installations de la raffinerie Total\u00e9nergies de Normandie \u00ab\u00a0a d\u00e9but\u00e9 vendredi soir\u00a0\u00bb, a d\u00e9clar\u00e9 samedi \u00e0 l&rsquo;AFP le secr\u00e9taire g\u00e9n\u00e9ral CGT de la plus importante raffinerie du pays, Alexis Antonioli.<\/p>\n\n\n\n<p>C&rsquo;est un blocage qui pourrait peser dans le mouvement contre la&nbsp;<a href=\"https:\/\/www.bfmtv.com\/economie\/economie-social\/social\/en-direct-reforme-des-retraites-nouvelle-journee-de-mobilisation-ce-samedi-dans-toute-la-france_LN-202303180042.html\">r\u00e9forme des retraites<\/a>. L&rsquo;arr\u00eat des installations de la raffinerie Total\u00e9nergies de Normandie \u00ab\u00a0a d\u00e9but\u00e9 vendredi soir\u00a0\u00bb, a d\u00e9clar\u00e9 samedi \u00e0 l&rsquo;AFP le secr\u00e9taire g\u00e9n\u00e9ral CGT de la plus importante raffinerie du pays, Alexis Antonioli.<\/p>\n\n\n\n<h2 class=\"wp-block-heading\">Plusieurs jours pour la mise \u00e0 l&rsquo;arr\u00eat des installations<\/h2>\n\n\n\n<p>\u00ab\u00a0Les unit\u00e9s s&rsquo;arr\u00eatent depuis hier soir\u00a0\u00bb, a-t-il ajout\u00e9. Cette mise \u00e0 l&rsquo;arr\u00eat prendra toutefois plusieurs jours et ne devrait pas provoquer de p\u00e9nuries de carburant imm\u00e9diates dans les stations-service du pays.<\/p>\n\n\n\n<p>L&rsquo;arr\u00eat des exp\u00e9ditions par les gr\u00e9vistes engendre \u00ab\u00a0de fait l&rsquo;arr\u00eat des installations\u00a0\u00bb, a poursuivi Alexis Antonioli, \u00ab\u00a0les stocks \u00e9tant d\u00e9j\u00e0 pleins\u00a0\u00bb sur le site de la raffinerie.<\/p>\n\n\n\n<p>\u00ab\u00a0A partir de jeudi apr\u00e8s-midi les gr\u00e9vistes\u00a0\u00bb pr\u00e9sents dans la raffinerie pour en assurer la s\u00e9curit\u00e9 \u00ab\u00a0ont refus\u00e9 de proc\u00e9der aux exp\u00e9ditions\u00a0\u00bb mais \u00ab\u00a0la direction ne souhaitant pas arr\u00eater la raffinerie, ils ont d\u00e9cid\u00e9 de ne plus assurer les rel\u00e8ves\u00a0\u00bb.<\/p>\n\n\n\n<p>\u00ab\u00a0Apr\u00e8s 22 voire 33 heures de pr\u00e9sence pour certains salari\u00e9s, la direction a fini par c\u00e9der vendredi pour obtenir des \u00e9quipes fra\u00eeches\u00a0\u00bb en donnant les consignes d&rsquo;arr\u00eat, toujours selon Alexis Antonioli.<\/p>\n\n\n\n<p>Les exp\u00e9ditions sont bloqu\u00e9es c\u00f4t\u00e9 raffinage, ce qui induit un fonctionnement diff\u00e9rent sur les tr\u00e8s nombreuses unit\u00e9s de production\u00a0\u00bb, a indiqu\u00e9 la direction du groupe, jointe par l&rsquo;AFP.<\/p>\n\n\n\n<p>\u00ab\u00a0Notre priorit\u00e9 est de maintenir la s\u00e9curit\u00e9 ce qui nous conduit \u00e0 mettre certaines unit\u00e9s en recirculation pr\u00e9f\u00e9rentiellement ou \u00e0 en arr\u00eater certaines si n\u00e9cessaire pour garantir la gestion des stocks\u00a0\u00bb, a ajout\u00e9 la direction qui affirme que \u00ab\u00a0d&rsquo;autres unit\u00e9s de la plateforme restent en exploitation normale et assurent leur production\u00a0\u00bb.<\/p>\n\n\n\n<h2 class=\"wp-block-heading\">Plusieurs sites en cours de blocage<\/h2>\n\n\n\n<p>Cela pourrait ne pas durer, \u00e0 en croire Eric Sellini, coordinateur syndical CGT pour le groupe, qui pr\u00e9cise que \u00ab\u00a0les op\u00e9rations (d&rsquo;arr\u00eat) sont programm\u00e9es jusqu&rsquo;\u00e0 lundi soir\u00a0\u00bb. Il a assur\u00e9 \u00e0 l&rsquo;AFP qu&rsquo;il n&rsquo;y a \u00ab\u00a0plus rien qui sort\u00a0\u00bb de la raffinerie.<\/p>\n\n\n\n<p>La mise \u00e0 l&rsquo;arr\u00eat de la raffinerie de Normandie pourrait \u00eatre la premi\u00e8re d&rsquo;une s\u00e9rie, selon lui: outre la raffinerie P\u00e9troIneos de Lav\u00e9ra (Bouches-du-Rh\u00f4ne), dont la CGT a indiqu\u00e9 vendredi que ses exp\u00e9ditions \u00e9taient stopp\u00e9es et pr\u00e9dit la mise \u00e0 l&rsquo;arr\u00eat pour lundi apr\u00e8s-midi \u00ab\u00a0au plus tard\u00a0\u00bb, la raffinerie Esso-ExxonMobil de Port-J\u00e9r\u00f4me-Gravenchon (Seine-Maritime) pourrait \u00eatre mise \u00e0 l&rsquo;arr\u00eat lundi ou mardi, faute de p\u00e9trole brut \u00e0 raffiner, en raison d&rsquo;une gr\u00e8ve au d\u00e9p\u00f4t p\u00e9trolier du Havre.<\/p>\n\n\n\n<p>La direction d&rsquo;Esso-ExxonMobil, contact\u00e9e par l&rsquo;AFP, n&rsquo;\u00e9tait pas joignable dans l&rsquo;imm\u00e9diat.<\/p>\n","protected":false},"excerpt":{"rendered":"<p>L&rsquo;arr\u00eat des installations de la raffinerie Total\u00e9nergies de Normandie \u00ab\u00a0a d\u00e9but\u00e9 vendredi soir\u00a0\u00bb, a d\u00e9clar\u00e9 samedi \u00e0 l&rsquo;AFP le secr\u00e9taire g\u00e9n\u00e9ral CGT de la plus importante raffinerie du pays, Alexis Antonioli. C&rsquo;est un blocage qui pourrait peser dans le mouvement contre la&nbsp;r\u00e9forme des retraites. L&rsquo;arr\u00eat des installations de la raffinerie Total\u00e9nergies de Normandie \u00ab\u00a0a d\u00e9but\u00e9 [&hellip;]<\/p>\n","protected":false},"author":2,"featured_media":24291,"comment_status":"open","ping_status":"open","sticky":false,"template":"","format":"standard","meta":{"_jetpack_memberships_contains_paid_content":false,"footnotes":"","jetpack_publicize_message":"","jetpack_publicize_feature_enabled":true,"jetpack_social_post_already_shared":true,"jetpack_social_options":{"image_generator_settings":{"template":"highway","default_image_id":0,"font":"","enabled":false},"version":2},"_wpas_customize_per_network":false},"categories":[405],"tags":[],"class_list":["post-24290","post","type-post","status-publish","format-standard","has-post-thumbnail","hentry","category-actu-france-monde"],"jetpack_publicize_connections":[],"jetpack_featured_media_url":"https:\/\/i0.wp.com\/www.iceagetv.com\/radiosite\/wp-content\/uploads\/2023\/03\/Plusieurs-actions-de-blocages-ont-eu-lieu-ce-mardi-7-mars-en-Normandie-1591893.jpg?fit=800%2C450&ssl=1","jetpack_sharing_enabled":true,"_links":{"self":[{"href":"https:\/\/www.iceagetv.com\/radiosite\/wp-json\/wp\/v2\/posts\/24290","targetHints":{"allow":["GET"]}}],"collection":[{"href":"https:\/\/www.iceagetv.com\/radiosite\/wp-json\/wp\/v2\/posts"}],"about":[{"href":"https:\/\/www.iceagetv.com\/radiosite\/wp-json\/wp\/v2\/types\/post"}],"author":[{"embeddable":true,"href":"https:\/\/www.iceagetv.com\/radiosite\/wp-json\/wp\/v2\/users\/2"}],"replies":[{"embeddable":true,"href":"https:\/\/www.iceagetv.com\/radiosite\/wp-json\/wp\/v2\/comments?post=24290"}],"version-history":[{"count":1,"href":"https:\/\/www.iceagetv.com\/radiosite\/wp-json\/wp\/v2\/posts\/24290\/revisions"}],"predecessor-version":[{"id":24292,"href":"https:\/\/www.iceagetv.com\/radiosite\/wp-json\/wp\/v2\/posts\/24290\/revisions\/24292"}],"wp:featuredmedia":[{"embeddable":true,"href":"https:\/\/www.iceagetv.com\/radiosite\/wp-json\/wp\/v2\/media\/24291"}],"wp:attachment":[{"href":"https:\/\/www.iceagetv.com\/radiosite\/wp-json\/wp\/v2\/media?parent=24290"}],"wp:term":[{"taxonomy":"category","embeddable":true,"href":"https:\/\/www.iceagetv.com\/radiosite\/wp-json\/wp\/v2\/categories?post=24290"},{"taxonomy":"post_tag","embeddable":true,"href":"https:\/\/www.iceagetv.com\/radiosite\/wp-json\/wp\/v2\/tags?post=24290"}],"curies":[{"name":"wp","href":"https:\/\/api.w.org\/{rel}","templated":true}]}}