{"id":24293,"date":"2023-03-20T17:47:37","date_gmt":"2023-03-20T17:47:37","guid":{"rendered":"https:\/\/www.iceagetv.com\/radiosite\/?p=24293"},"modified":"2023-03-20T17:47:37","modified_gmt":"2023-03-20T17:47:37","slug":"un-policier-accuse-le-depute-insoumis-eric-coquerel-de-lui-avoir-porte-ce-matin-un-coup-de-poing-au-visage-a-aubervilliers-jean-luc-melenchon-tacle-violemment-le-policier","status":"publish","type":"post","link":"https:\/\/www.iceagetv.com\/radiosite\/un-policier-accuse-le-depute-insoumis-eric-coquerel-de-lui-avoir-porte-ce-matin-un-coup-de-poing-au-visage-a-aubervilliers-jean-luc-melenchon-tacle-violemment-le-policier\/","title":{"rendered":"Un policier accuse le d\u00e9put\u00e9 Insoumis Eric Coquerel de lui avoir port\u00e9, ce matin, un coup de poing au visage \u00e0 Aubervilliers &#8211; Jean-Luc M\u00e9lenchon tacle violemment le policier"},"content":{"rendered":"\n<p>Le policier, affect\u00e9 au commissariat de Saint-Denis, accuse le d\u00e9put\u00e9, \u00e0 la suite d\u2019\u00abun mouvement de foule\u00bb, d\u2019avoir \u00ab port\u00e9 un coup avec le dos de son poing ferm\u00e9 \u00bb, et dit avoir \u00ab re\u00e7u le coup au niveau de sa pommette gauche \u00bb, selon la plainte consult\u00e9e par l\u2019Agence France-Presse. Le policier, qui d\u00e9clare \u00ab ressentir une douleur \u00e0 la pommette gauche \u00bb, doit se rendre \u00e0 l\u2019unit\u00e9 m\u00e9dico-judiciaire pour d\u00e9terminer le nombre de jours d\u2019ITT qui \u00ab n\u2019est pas encore connu \u00bb, a pr\u00e9cis\u00e9 le parquet de Bobigny.<\/p>\n\n\n\n<p>Le d\u00e9put\u00e9 de Seine-Saint-Denis a expliqu\u00e9 s\u2019\u00eatre rendu au garage de Veolia\u00a0\u00ab\u00a0en soutien aux \u00e9boueurs\u00a0\u00bb.\u00a0\u00ab\u00a0D\u00e8s mon arriv\u00e9e, je me suis retrouv\u00e9, avec mon coll\u00e8gue Bastien Lachaud (LFI), face \u00e0 des policiers repoussant vivement les manifestants. La charge a \u00e9t\u00e9 telle qu\u2019elle a g\u00e9n\u00e9r\u00e9 une forte bousculade, durant laquelle j\u2019ai failli tomber \u00e0 plusieurs reprises\u00a0\u00bb, assure l\u2019\u00e9lu.<\/p>\n\n\n\n<p><strong>R\u00e9action de Jean-Luc M\u00e9lenchon qui s&rsquo;en prend au policier :<\/strong><\/p>\n\n\n\n<p>\u00ab\u00a0Un policier provocateur accuse\u00a0<a href=\"https:\/\/twitter.com\/ericcoquerel\">@ericcoquerel<\/a>\u00a0de l&rsquo;avoir frapp\u00e9. Juste apr\u00e8s, il s&rsquo;est transform\u00e9 en dragon bleu. \u00c0 force de fumer des lacrymos ce policier s&rsquo;est ab\u00eem\u00e9.\u00a0\u00bb<\/p>\n\n\n\n<p><strong>&nbsp;Les faits sont r\u00e9cents puisqu&rsquo;ils se seraient d\u00e9roul\u00e9s ce matin,&nbsp;<a href=\"https:\/\/www.lefigaro.fr\/faits-divers\/eric-coquerel-vise-par-une-plainte-apres-avoir-agresse-un-agent-de-la-police-nationale-20230320\" target=\"_blank\" rel=\"noreferrer noopener\">selon les informations du Figaro<\/a>.&nbsp; Le d\u00e9put\u00e9 LFI \u00c9ric Coquerel, est vis\u00e9 par la plainte d&rsquo;un policier pour \u00abviolence sur une personne d\u00e9positaire de l&rsquo;autorit\u00e9 publique suivie d&rsquo;incapacit\u00e9 n&rsquo;exc\u00e9dant pas huit jours\u00bb.<\/strong>&nbsp;Plusieurs \u00e9lus, dont \u00c9ric Coquerel et Bastien Lachaud, se trouvaient ce matin devant un garage de d\u00e9p\u00f4t \u00e0 Aubervilliers pour soutenir les conducteurs de bennes&nbsp;en gr\u00e8ve contre le projet de r\u00e9forme des retraites. Et c&rsquo;est l\u00e0 que l&rsquo;incident se serait produit.<\/p>\n\n\n\n<p>Lors d&rsquo;une altercation physique avec ce policier, \u00c9ric Coquerel aurait port\u00e9 un coup de poing au visage de l&rsquo;un des agents \u00e2g\u00e9 de 34 ans, vers 7h30 ce matin, selon la plainte de l&rsquo;agent que Le Figaro a pu consulter.<\/p>\n\n\n\n<p>\u00abMonsieur Coquerel, qui avait toujours les poings ferm\u00e9s a hauteur de son visage, m&rsquo;a port\u00e9 un coup avec le dos de son poing ferm\u00e9, au niveau de ma pommette gauche\u00bb, d\u00e9taille le policier dans sa d\u00e9position.<\/p>\n","protected":false},"excerpt":{"rendered":"<p>Le policier, affect\u00e9 au commissariat de Saint-Denis, accuse le d\u00e9put\u00e9, \u00e0 la suite d\u2019\u00abun mouvement de foule\u00bb, d\u2019avoir \u00ab port\u00e9 un coup avec le dos de son poing ferm\u00e9 \u00bb, et dit avoir \u00ab re\u00e7u le coup au niveau de sa pommette gauche \u00bb, selon la plainte consult\u00e9e par l\u2019Agence France-Presse. Le policier, qui d\u00e9clare [&hellip;]<\/p>\n","protected":false},"author":2,"featured_media":24294,"comment_status":"open","ping_status":"open","sticky":false,"template":"","format":"standard","meta":{"_jetpack_memberships_contains_paid_content":false,"footnotes":"","jetpack_publicize_message":"","jetpack_publicize_feature_enabled":true,"jetpack_social_post_already_shared":true,"jetpack_social_options":{"image_generator_settings":{"template":"highway","default_image_id":0,"font":"","enabled":false},"version":2},"_wpas_customize_per_network":false},"categories":[405],"tags":[],"class_list":["post-24293","post","type-post","status-publish","format-standard","has-post-thumbnail","hentry","category-actu-france-monde"],"jetpack_publicize_connections":[],"jetpack_featured_media_url":"https:\/\/i0.wp.com\/www.iceagetv.com\/radiosite\/wp-content\/uploads\/2023\/03\/Un-policier-accuse-le-depute-Insoumis-Eric-Coquerel-de-lui-avoir-porte-ce-matin-un-coup-de-poing-au-visage-a-Aubervilliers-Jean-Luc-Melenchon-tacle-violemment-le-policier.jpg?fit=619%2C261&ssl=1","jetpack_sharing_enabled":true,"_links":{"self":[{"href":"https:\/\/www.iceagetv.com\/radiosite\/wp-json\/wp\/v2\/posts\/24293","targetHints":{"allow":["GET"]}}],"collection":[{"href":"https:\/\/www.iceagetv.com\/radiosite\/wp-json\/wp\/v2\/posts"}],"about":[{"href":"https:\/\/www.iceagetv.com\/radiosite\/wp-json\/wp\/v2\/types\/post"}],"author":[{"embeddable":true,"href":"https:\/\/www.iceagetv.com\/radiosite\/wp-json\/wp\/v2\/users\/2"}],"replies":[{"embeddable":true,"href":"https:\/\/www.iceagetv.com\/radiosite\/wp-json\/wp\/v2\/comments?post=24293"}],"version-history":[{"count":1,"href":"https:\/\/www.iceagetv.com\/radiosite\/wp-json\/wp\/v2\/posts\/24293\/revisions"}],"predecessor-version":[{"id":24295,"href":"https:\/\/www.iceagetv.com\/radiosite\/wp-json\/wp\/v2\/posts\/24293\/revisions\/24295"}],"wp:featuredmedia":[{"embeddable":true,"href":"https:\/\/www.iceagetv.com\/radiosite\/wp-json\/wp\/v2\/media\/24294"}],"wp:attachment":[{"href":"https:\/\/www.iceagetv.com\/radiosite\/wp-json\/wp\/v2\/media?parent=24293"}],"wp:term":[{"taxonomy":"category","embeddable":true,"href":"https:\/\/www.iceagetv.com\/radiosite\/wp-json\/wp\/v2\/categories?post=24293"},{"taxonomy":"post_tag","embeddable":true,"href":"https:\/\/www.iceagetv.com\/radiosite\/wp-json\/wp\/v2\/tags?post=24293"}],"curies":[{"name":"wp","href":"https:\/\/api.w.org\/{rel}","templated":true}]}}