{"id":24309,"date":"2023-03-22T12:38:10","date_gmt":"2023-03-22T12:38:10","guid":{"rendered":"https:\/\/www.iceagetv.com\/radiosite\/?p=24309"},"modified":"2023-03-22T12:38:12","modified_gmt":"2023-03-22T12:38:12","slug":"emmanuel-macron-faire-cette-reforme-ne-me-fait-pas-plaisir-mais-cest-une-necessite-si-les-francais-etaient-en-colere-je-naurai-pas-ete-reelu-il-y-a-un-an-je-garde-ma-confiance-a","status":"publish","type":"post","link":"https:\/\/www.iceagetv.com\/radiosite\/emmanuel-macron-faire-cette-reforme-ne-me-fait-pas-plaisir-mais-cest-une-necessite-si-les-francais-etaient-en-colere-je-naurai-pas-ete-reelu-il-y-a-un-an-je-garde-ma-confiance-a\/","title":{"rendered":"Emmanuel Macron : \u00ab\u00a0Faire cette r\u00e9forme ne me fait pas plaisir mais c&rsquo;est une n\u00e9cessit\u00e9\u00a0\u00bb &#8211; \u00ab\u00a0Si les Fran\u00e7ais \u00e9taient en col\u00e8re je n&rsquo;aurai pas \u00e9t\u00e9 r\u00e9\u00e9lu il y a un an !\u00a0\u00bb &#8211; \u00ab\u00a0Je garde ma confiance \u00e0 Elisabeth Borne\u00a0\u00bb"},"content":{"rendered":"\n<p><strong>Emmanuel Macron prend la parole en direct sur TF1 :&nbsp;<\/strong>\u00ab\u00a0Ce texte, il va poursuivre son chemin d\u00e9mocratique. Il a \u00e9t\u00e9 pr\u00e9par\u00e9 par le gouvernement apr\u00e8s des mois de concertation. Il a \u00e9t\u00e9 ensuite port\u00e9 par le gouvernement qu&rsquo;il a modifi\u00e9 apr\u00e8s concertation au Parlement.&nbsp;Il faut maintenant attendre que le Conseil constitutionnel se prononce et c&rsquo;est \u00e0 l&rsquo;issue de cette d\u00e9cision que j&rsquo;aurai \u00e0 promulguer un texte qui permettra de faire \u00e9voluer les choses.&nbsp;<strong>Il faut que la r\u00e9forme des retraites entre en vigueur avant la fin de l&rsquo;ann\u00e9e pour que 2 millions de Fran\u00e7ais voient leur retraite augment\u00e9e.&nbsp;<\/strong><\/p>\n\n\n\n<p>Nous sommes une grande Nation et un vieux peuple,&nbsp;qui se dote de responsables qui ont une l\u00e9gitimit\u00e9 politique. Pr\u00e9sident de la R\u00e9publique, parlementaires. Ils sont \u00e9lus par lui.&nbsp; Les syndicats ont une l\u00e9gitimit\u00e9. Quand ils d\u00e9filent, qu&rsquo;ils manifestent, ils sont en opposition \u00e0 cette r\u00e9forme. Je les respecte.<\/p>\n\n\n\n<p>Faire cette r\u00e9forme ne me fait pas plaisir, j&rsquo;aurai voulu ne pas la faire mais c&rsquo;est une n\u00e9cessit\u00e9 et j&rsquo;aurai pu mettre la poussi\u00e8re sur le tapis mais il fallait la faire. Le r\u00e9gime n&rsquo;est plus \u00e9quilibr\u00e9 et plus on va attendre plus la situation va se d\u00e9grader.&nbsp;<\/p>\n\n\n\n<p>Beaucoup des col\u00e8res qui se sont exprim\u00e9es, ce ne sont pas que les retraites et je veux y revenir et pouvoir en parler. Mais notre syst\u00e8me aujourd&rsquo;hui, nous devons le r\u00e9former et donc je le fais en responsabilit\u00e9 par le sens de l&rsquo;int\u00e9r\u00eat g\u00e9n\u00e9ral.<\/p>\n\n\n\n<p><strong>Les manifestations sont l\u00e9gitimes et je salue la responsabilit\u00e9 des syndicats. Les violences, il faut les condamner et lever les blocages avec des r\u00e9quisitions quand c&rsquo;est n\u00e9cessaire.<\/strong>&nbsp;On ne tol\u00e9rera aucun d\u00e9bordement. On fera en sorte qu&rsquo;une vie la plus normale possible puisse reprendre face \u00e0 ceux qui bloquent \u00e0 quelques-uns l&rsquo;activit\u00e9. Et apr\u00e8s, c&rsquo;est aussi \u00e0 nous, \u00e0 moi l&rsquo;ex\u00e9cutif, d&rsquo;essayer d&rsquo;entendre la col\u00e8re l\u00e9gitime qui n&rsquo;est pas la violence, encore une fois, mais qui s&rsquo;est exprim\u00e9e au moment de ces contestations. La d\u00e9mocratie doit \u00e9couter la col\u00e8re l\u00e9gitime qui s&rsquo;exprime dans un cadre r\u00e9publicain.<\/p>\n\n\n\n<p>Beaucoup de gens qui manifestent nous disent le travail ne paye pas assez. On a fait beaucoup de choses pour \u00e7a mais il faut entendre nos compatriotes. On est le pays o\u00f9 le salaire minimum est le plus \u00e9lev\u00e9 en Europe mais le salaire m\u00e9dian est tr\u00e8s proche du salaire minimum.<\/p>\n\n\n\n<p>On a augment\u00e9 ces 18 derniers mois le smic en France de 9,5%, plus que l&rsquo;inflation. N\u00e9anmoins, il faut entendre ce que nous disent nos compatriotes qui manifestent sur ce sujet qui n&rsquo;est pas celui des retraites, mais du travail qui doit payer.<\/p>\n\n\n\n<p><strong>Elisabeth Borne a souhait\u00e9 engager la responsabilit\u00e9 du gouvernement, elle a pris ses responsabilit\u00e9s. Lundi, il a \u00e9t\u00e9 montr\u00e9 qu&rsquo;il n&rsquo;y avait pas de majorit\u00e9 alternative. Elle a ma confiance pour conduire cette \u00e9quipe gouvernementale et je lui ai demand\u00e9 de b\u00e2tir un programme pour un voir des textes plus courts et plus clairs. Elisabeth Borne a pour mission d&rsquo;\u00e9largir la majorit\u00e9 avec les individualit\u00e9s qui sont pr\u00eates \u00e0 le faire.<\/strong><\/p>\n\n\n\n<p>Nous devons avancer, on doit apaiser et on doit reb\u00e2tir un agenda parlementaire et des r\u00e9formes en r\u00e9engageant avec les syndicats et toutes les forces&nbsp;politiques qui sont pr\u00eates \u00e0 le faire.<\/p>\n\n\n\n<p>Il y aura bien une loi immigration avec plusieurs textes et ils arriveront dans les prochaines semaines.<\/p>\n\n\n\n<p><strong>Si les Fran\u00e7ais \u00e9taient totalement en col\u00e8re je n&rsquo;aurai pas \u00e9t\u00e9 r\u00e9\u00e9lu il y a un an et je n&rsquo;aurai pas eu une majorit\u00e9 relative<\/strong>. Nous devons avancer, on doit apaiser et on doit reb\u00e2tir un agenda parlementaire et des r\u00e9formes en r\u00e9engageant avec les syndicats et toutes les forces&nbsp;politiques qui sont pr\u00eates \u00e0 le faire.<\/p>\n","protected":false},"excerpt":{"rendered":"<p>Emmanuel Macron prend la parole en direct sur TF1 :&nbsp;\u00ab\u00a0Ce texte, il va poursuivre son chemin d\u00e9mocratique. Il a \u00e9t\u00e9 pr\u00e9par\u00e9 par le gouvernement apr\u00e8s des mois de concertation. Il a \u00e9t\u00e9 ensuite port\u00e9 par le gouvernement qu&rsquo;il a modifi\u00e9 apr\u00e8s concertation au Parlement.&nbsp;Il faut maintenant attendre que le Conseil constitutionnel se prononce et c&rsquo;est [&hellip;]<\/p>\n","protected":false},"author":2,"featured_media":24310,"comment_status":"open","ping_status":"open","sticky":false,"template":"","format":"standard","meta":{"_jetpack_memberships_contains_paid_content":false,"footnotes":"","jetpack_publicize_message":"","jetpack_publicize_feature_enabled":true,"jetpack_social_post_already_shared":true,"jetpack_social_options":{"image_generator_settings":{"template":"highway","default_image_id":0,"font":"","enabled":false},"version":2},"_wpas_customize_per_network":false},"categories":[405],"tags":[],"class_list":["post-24309","post","type-post","status-publish","format-standard","has-post-thumbnail","hentry","category-actu-france-monde"],"jetpack_publicize_connections":[],"jetpack_featured_media_url":"https:\/\/i0.wp.com\/www.iceagetv.com\/radiosite\/wp-content\/uploads\/2023\/03\/Emmanuel-Macron-Faire-cette-reforme.jpg?fit=679%2C293&ssl=1","jetpack_sharing_enabled":true,"_links":{"self":[{"href":"https:\/\/www.iceagetv.com\/radiosite\/wp-json\/wp\/v2\/posts\/24309","targetHints":{"allow":["GET"]}}],"collection":[{"href":"https:\/\/www.iceagetv.com\/radiosite\/wp-json\/wp\/v2\/posts"}],"about":[{"href":"https:\/\/www.iceagetv.com\/radiosite\/wp-json\/wp\/v2\/types\/post"}],"author":[{"embeddable":true,"href":"https:\/\/www.iceagetv.com\/radiosite\/wp-json\/wp\/v2\/users\/2"}],"replies":[{"embeddable":true,"href":"https:\/\/www.iceagetv.com\/radiosite\/wp-json\/wp\/v2\/comments?post=24309"}],"version-history":[{"count":1,"href":"https:\/\/www.iceagetv.com\/radiosite\/wp-json\/wp\/v2\/posts\/24309\/revisions"}],"predecessor-version":[{"id":24311,"href":"https:\/\/www.iceagetv.com\/radiosite\/wp-json\/wp\/v2\/posts\/24309\/revisions\/24311"}],"wp:featuredmedia":[{"embeddable":true,"href":"https:\/\/www.iceagetv.com\/radiosite\/wp-json\/wp\/v2\/media\/24310"}],"wp:attachment":[{"href":"https:\/\/www.iceagetv.com\/radiosite\/wp-json\/wp\/v2\/media?parent=24309"}],"wp:term":[{"taxonomy":"category","embeddable":true,"href":"https:\/\/www.iceagetv.com\/radiosite\/wp-json\/wp\/v2\/categories?post=24309"},{"taxonomy":"post_tag","embeddable":true,"href":"https:\/\/www.iceagetv.com\/radiosite\/wp-json\/wp\/v2\/tags?post=24309"}],"curies":[{"name":"wp","href":"https:\/\/api.w.org\/{rel}","templated":true}]}}