{"id":24312,"date":"2023-03-22T16:05:16","date_gmt":"2023-03-22T16:05:16","guid":{"rendered":"https:\/\/www.iceagetv.com\/radiosite\/?p=24312"},"modified":"2023-03-22T16:05:16","modified_gmt":"2023-03-22T16:05:16","slug":"le-directeur-de-la-redaction-des-echos-nicolas-barre-quitte-son-poste-un-depart-qui-suscite-des-craintes-sur-lindependance-du-journal","status":"publish","type":"post","link":"https:\/\/www.iceagetv.com\/radiosite\/le-directeur-de-la-redaction-des-echos-nicolas-barre-quitte-son-poste-un-depart-qui-suscite-des-craintes-sur-lindependance-du-journal\/","title":{"rendered":"Le directeur de la r\u00e9daction des Echos, Nicolas Barr\u00e9, quitte son poste &#8211; Un d\u00e9part qui suscite des craintes sur l&rsquo;ind\u00e9pendance du journal"},"content":{"rendered":"\n<p>Le directeur de la r\u00e9daction des Echos, Nicolas Barr\u00e9, quitte son poste, a annonc\u00e9 le groupe Les Echos-Le Parisien, officialisant un d\u00e9part qui suscite des craintes sur l&rsquo;ind\u00e9pendance du journal vis-\u00e0-vis de son propri\u00e9taire, le milliardaire Bernard Arnault. \u00ab\u00a0Nicolas Barr\u00e9 est appel\u00e9 \u00e0 occuper de nouvelles fonctions au sein de la r\u00e9daction qui lui permettront de relever de nouveaux d\u00e9fis\u00a0\u00bb, a indiqu\u00e9 le groupe dans un communiqu\u00e9, en saluant son \u00ab\u00a0travail remarquable\u00a0\u00bb.<\/p>\n\n\n\n<p>La veille, le m\u00e9dia La Lettre A avait affirm\u00e9 que M. Barr\u00e9 allait \u00eatre d\u00e9barqu\u00e9 de ce poste qu&rsquo;il occupait depuis environ 10 ans. Cela avait suscit\u00e9 une r\u00e9action inqui\u00e8te de la Soci\u00e9t\u00e9 des journalistes (SDJ) du quotidien \u00e9conomique. La SDJ \u00ab\u00a0ne peut s&#8217;emp\u00eacher de s&rsquo;interroger sur le lien entre ce d\u00e9part et la publication ces derni\u00e8res semaines de plusieurs articles qui auraient d\u00e9plu \u00e0 l&rsquo;actionnaire\u00a0\u00bb, s&rsquo;est-elle \u00e9mue dans un communiqu\u00e9 mardi soir. \u00ab\u00a0La SDJ s&rsquo;inqui\u00e8te de l&rsquo;existence de menaces sur l&rsquo;ind\u00e9pendance du journal\u00a0\u00bb, a-t-elle poursuivi. Elle a pr\u00e9cis\u00e9 que le PDG du groupe Les Echos-Le Parisien, Pierre Louette, avait \u00ab\u00a0contest\u00e9 l&rsquo;id\u00e9e d&rsquo;un d\u00e9part forc\u00e9\u00a0\u00bb en s&rsquo;exprimant devant la r\u00e9daction mardi en fin d&rsquo;apr\u00e8s-midi.<\/p>\n\n\n\n<p>Ce groupe est d\u00e9tenu par le g\u00e9ant du luxe LVMH, dont Bernard Arnault est PDG. Cit\u00e9 dans le communiqu\u00e9 du groupe, M. Arnault s&rsquo;est dit \u00ab\u00a0tr\u00e8s heureux que Nicolas Barr\u00e9 ait choisi de poursuivre son parcours au sein du groupe Les \u00c9chos avec un nouveau r\u00f4le\u00a0\u00bb. \u00ab\u00a0Je tiens \u00e0 le remercier pour son parcours de plus de 10 ans \u00e0 la t\u00eate de la r\u00e9daction o\u00f9 il a fait preuve de ses grandes qualit\u00e9s tant \u00e9ditoriales que manag\u00e9riales\u00a0\u00bb, a ajout\u00e9 le milliardaire. Le groupe Les Echos-Le Parisien souligne en outre que le quotidien \u00ab\u00a0a vu ses ventes et son audience progresser tr\u00e8s significativement et sans discontinuer\u00a0\u00bb sous la direction de M. Barr\u00e9.<\/p>\n\n\n\n<p>En janvier, Pierre Louette avait indiqu\u00e9 dans Les Echos que 2022 avait \u00e9t\u00e9 une \u00ab\u00a0ann\u00e9e de records\u00a0\u00bb pour le quotidien: \u00ab\u00a0Record historique de sa diffusion, qui a progress\u00e9 pour la douzi\u00e8me ann\u00e9e cons\u00e9cutive; record de son nombre d&rsquo;abonn\u00e9s, le seuil des 100.000 venant d&rsquo;\u00eatre d\u00e9pass\u00e9; record de ses abonnements num\u00e9riques (trois sur quatre, contre un abonnement sur six en 2012)\u00a0\u00bb. Le journal s&rsquo;est vendu \u00e0 138.421 exemplaires par num\u00e9ro en 2022, selon les chiffres de l&rsquo;Alliance pour les chiffres de la presse et des m\u00e9dias (ACPM).<\/p>\n","protected":false},"excerpt":{"rendered":"<p>Le directeur de la r\u00e9daction des Echos, Nicolas Barr\u00e9, quitte son poste, a annonc\u00e9 le groupe Les Echos-Le Parisien, officialisant un d\u00e9part qui suscite des craintes sur l&rsquo;ind\u00e9pendance du journal vis-\u00e0-vis de son propri\u00e9taire, le milliardaire Bernard Arnault. \u00ab\u00a0Nicolas Barr\u00e9 est appel\u00e9 \u00e0 occuper de nouvelles fonctions au sein de la r\u00e9daction qui lui permettront [&hellip;]<\/p>\n","protected":false},"author":2,"featured_media":24313,"comment_status":"open","ping_status":"open","sticky":false,"template":"","format":"standard","meta":{"_jetpack_memberships_contains_paid_content":false,"footnotes":"","jetpack_publicize_message":"","jetpack_publicize_feature_enabled":true,"jetpack_social_post_already_shared":true,"jetpack_social_options":{"image_generator_settings":{"template":"highway","default_image_id":0,"font":"","enabled":false},"version":2},"_wpas_customize_per_network":false},"categories":[405],"tags":[],"class_list":["post-24312","post","type-post","status-publish","format-standard","has-post-thumbnail","hentry","category-actu-france-monde"],"jetpack_publicize_connections":[],"jetpack_featured_media_url":"https:\/\/i0.wp.com\/www.iceagetv.com\/radiosite\/wp-content\/uploads\/2023\/03\/Le-directeur-de-la-redaction-des-Echos.jpg?fit=605%2C270&ssl=1","jetpack_sharing_enabled":true,"_links":{"self":[{"href":"https:\/\/www.iceagetv.com\/radiosite\/wp-json\/wp\/v2\/posts\/24312","targetHints":{"allow":["GET"]}}],"collection":[{"href":"https:\/\/www.iceagetv.com\/radiosite\/wp-json\/wp\/v2\/posts"}],"about":[{"href":"https:\/\/www.iceagetv.com\/radiosite\/wp-json\/wp\/v2\/types\/post"}],"author":[{"embeddable":true,"href":"https:\/\/www.iceagetv.com\/radiosite\/wp-json\/wp\/v2\/users\/2"}],"replies":[{"embeddable":true,"href":"https:\/\/www.iceagetv.com\/radiosite\/wp-json\/wp\/v2\/comments?post=24312"}],"version-history":[{"count":1,"href":"https:\/\/www.iceagetv.com\/radiosite\/wp-json\/wp\/v2\/posts\/24312\/revisions"}],"predecessor-version":[{"id":24314,"href":"https:\/\/www.iceagetv.com\/radiosite\/wp-json\/wp\/v2\/posts\/24312\/revisions\/24314"}],"wp:featuredmedia":[{"embeddable":true,"href":"https:\/\/www.iceagetv.com\/radiosite\/wp-json\/wp\/v2\/media\/24313"}],"wp:attachment":[{"href":"https:\/\/www.iceagetv.com\/radiosite\/wp-json\/wp\/v2\/media?parent=24312"}],"wp:term":[{"taxonomy":"category","embeddable":true,"href":"https:\/\/www.iceagetv.com\/radiosite\/wp-json\/wp\/v2\/categories?post=24312"},{"taxonomy":"post_tag","embeddable":true,"href":"https:\/\/www.iceagetv.com\/radiosite\/wp-json\/wp\/v2\/tags?post=24312"}],"curies":[{"name":"wp","href":"https:\/\/api.w.org\/{rel}","templated":true}]}}