{"id":24315,"date":"2023-03-22T16:27:49","date_gmt":"2023-03-22T16:27:49","guid":{"rendered":"https:\/\/www.iceagetv.com\/radiosite\/?p=24315"},"modified":"2023-03-22T16:27:49","modified_gmt":"2023-03-22T16:27:49","slug":"mobilisation-contre-la-reforme-des-retraites-voici-les-previsions-de-trafic-de-la-sncf-de-la-ratp-et-du-secteur-aerien-pour-demain","status":"publish","type":"post","link":"https:\/\/www.iceagetv.com\/radiosite\/mobilisation-contre-la-reforme-des-retraites-voici-les-previsions-de-trafic-de-la-sncf-de-la-ratp-et-du-secteur-aerien-pour-demain\/","title":{"rendered":"Mobilisation contre la r\u00e9forme des retraites : voici les pr\u00e9visions de trafic de la SNCF, de la RATP et du secteur a\u00e9rien pour demain"},"content":{"rendered":"\n<p>Une journ\u00e9e noire dans les transports en commun. De fortes perturbations sont attendues jeudi 23\u00a0mars pour la neuvi\u00e8me journ\u00e9e de mobilisation \u00e0 l&rsquo;appel de l&rsquo;intersyndicale\u00a0<a href=\"https:\/\/www.francetvinfo.fr\/economie\/retraite\/reforme-des-retraites\/reforme-des-retraites-recul-de-l-age-legal-a-64-ans-pension-minimum-carrieres-longues-ce-que-contient-la-version-finale-du-texte_5710982.html\">contre la r\u00e9forme des retraites<\/a>. Des manifestations sont pr\u00e9vues dans toute la France et des gr\u00e8ves vont ralentir le trafic dans les transports en commun, selon les pr\u00e9visions de la SNCF, la RATP et le secteur a\u00e9rien.<\/p>\n\n\n\n<h2 class=\"wp-block-heading\">Sur le r\u00e9seau de la SNCF<\/h2>\n\n\n\n<p>La circulation des trains sera&nbsp;<em>\u00ab\u00a0tr\u00e8s fortement perturb\u00e9e\u00a0\u00bb&nbsp;<\/em>sur certaines lignes, jeudi, annonce la SNCF. En moyenne,&nbsp;<strong>un TER sur trois&nbsp;<\/strong>circulera en France et seulement&nbsp;<strong>un TGV Inoui et Ouigo sur deux<\/strong>. Concernant&nbsp;<strong>les lignes Intercit\u00e9s<\/strong>, deux allers-retours Paris-Clermont et deux allers-retours Paris-Brive sont pr\u00e9vus, mais&nbsp;<em>\u00ab\u00a0pas d&rsquo;autres circulations de trains Intercit\u00e9s de jour et de nuit\u00a0\u00bb.<\/em><\/p>\n\n\n\n<p>En Ile-de-France, un train sur deux circulera sur&nbsp;<strong>les parties des lignes&nbsp;A et B du RER g\u00e9r\u00e9es par la SNCF<\/strong>. Ce sera un train sur trois pour&nbsp;<strong>le RER&nbsp;C<\/strong>, deux trains sur cinq pour&nbsp;<strong>le RER&nbsp;D<\/strong>&nbsp;et un train sur cinq sur&nbsp;<strong>le RER&nbsp;E.<\/strong>&nbsp;La circulation restera perturb\u00e9e vendredi, et les pr\u00e9visions seront connues la veille \u00e0 17&nbsp;heures.<\/p>\n\n\n\n<h2 class=\"wp-block-heading\">Sur le r\u00e9seau RATP<\/h2>\n\n\n\n<p>En Ile-de-France, la RATP pr\u00e9voit un trafic<em>&nbsp;\u00ab\u00a0tr\u00e8s perturb\u00e9\u00a0\u00bb&nbsp;<\/em>dans le m\u00e9tro et le RER. Dans le m\u00e9tro, le trafic sera normal sur&nbsp;<strong>la&nbsp;<\/strong><strong>ligne&nbsp;1 et 14<\/strong>, seul un train sur trois circulera aux heures de pointe sur&nbsp;<strong>les lignes 2, 3, 5 et 12<\/strong>. Ce sera un train sur deux pour&nbsp;<strong>les lignes&nbsp;7, 7bis, 9 et 13<\/strong>. Sur&nbsp;<strong>la ligne&nbsp;4<\/strong>, le trafic sera de trois trains sur quatre le matin, deux sur trois l&rsquo;apr\u00e8s-midi et normal le soir. Sur&nbsp;<strong>la ligne&nbsp;8<\/strong>, un train sur trois circulera entre Reuilly-Diderot et Cr\u00e9teil-Pointe du Lac et entre Balard et Concorde, uniquement entre 6 heures et 10 heures et 16 heures et 20 heures. Sur<strong>&nbsp;la ligne 11<\/strong>, un train sur deux circulera le matin et seulement un sur trois l&rsquo;apr\u00e8s-midi.&nbsp;<strong>La ligne 3bis<\/strong>&nbsp;sera ferm\u00e9e.<\/p>\n\n\n\n<p>Sur&nbsp;<strong>le RER A et B<\/strong>, il y aura en moyenne un train sur deux toute la journ\u00e9e. En moyenne, huit bus sur dix et neuf tramways sur dix circuleront sur l&rsquo;ensemble du r\u00e9seau.<\/p>\n\n\n\n<h2 class=\"wp-block-heading\">Dans les a\u00e9roports<\/h2>\n\n\n\n<p>Le trafic a\u00e9rien va de nouveau \u00eatre perturb\u00e9. La Direction g\u00e9n\u00e9rale de l&rsquo;aviation civile demande aux compagnies a\u00e9riennes d&rsquo;annuler 30% de leurs vols jeudi \u00e0 Paris-Orly et 20% dans les a\u00e9roports Marseille-Provence, Toulouse-Blagnac et Lyon-Saint-Exup\u00e9ry en raison de la gr\u00e8ve de contr\u00f4leurs a\u00e9riens contre la r\u00e9forme des retraites.<\/p>\n","protected":false},"excerpt":{"rendered":"<p>Une journ\u00e9e noire dans les transports en commun. De fortes perturbations sont attendues jeudi 23\u00a0mars pour la neuvi\u00e8me journ\u00e9e de mobilisation \u00e0 l&rsquo;appel de l&rsquo;intersyndicale\u00a0contre la r\u00e9forme des retraites. Des manifestations sont pr\u00e9vues dans toute la France et des gr\u00e8ves vont ralentir le trafic dans les transports en commun, selon les pr\u00e9visions de la SNCF, [&hellip;]<\/p>\n","protected":false},"author":2,"featured_media":24316,"comment_status":"open","ping_status":"open","sticky":false,"template":"","format":"standard","meta":{"_jetpack_memberships_contains_paid_content":false,"footnotes":"","jetpack_publicize_message":"","jetpack_publicize_feature_enabled":true,"jetpack_social_post_already_shared":true,"jetpack_social_options":{"image_generator_settings":{"template":"highway","default_image_id":0,"font":"","enabled":false},"version":2},"_wpas_customize_per_network":false},"categories":[405],"tags":[],"class_list":["post-24315","post","type-post","status-publish","format-standard","has-post-thumbnail","hentry","category-actu-france-monde"],"jetpack_publicize_connections":[],"jetpack_featured_media_url":"https:\/\/i0.wp.com\/www.iceagetv.com\/radiosite\/wp-content\/uploads\/2023\/03\/Mobilisation-contre-la-reforme-des-retraites.jpg?fit=712%2C393&ssl=1","jetpack_sharing_enabled":true,"_links":{"self":[{"href":"https:\/\/www.iceagetv.com\/radiosite\/wp-json\/wp\/v2\/posts\/24315","targetHints":{"allow":["GET"]}}],"collection":[{"href":"https:\/\/www.iceagetv.com\/radiosite\/wp-json\/wp\/v2\/posts"}],"about":[{"href":"https:\/\/www.iceagetv.com\/radiosite\/wp-json\/wp\/v2\/types\/post"}],"author":[{"embeddable":true,"href":"https:\/\/www.iceagetv.com\/radiosite\/wp-json\/wp\/v2\/users\/2"}],"replies":[{"embeddable":true,"href":"https:\/\/www.iceagetv.com\/radiosite\/wp-json\/wp\/v2\/comments?post=24315"}],"version-history":[{"count":1,"href":"https:\/\/www.iceagetv.com\/radiosite\/wp-json\/wp\/v2\/posts\/24315\/revisions"}],"predecessor-version":[{"id":24317,"href":"https:\/\/www.iceagetv.com\/radiosite\/wp-json\/wp\/v2\/posts\/24315\/revisions\/24317"}],"wp:featuredmedia":[{"embeddable":true,"href":"https:\/\/www.iceagetv.com\/radiosite\/wp-json\/wp\/v2\/media\/24316"}],"wp:attachment":[{"href":"https:\/\/www.iceagetv.com\/radiosite\/wp-json\/wp\/v2\/media?parent=24315"}],"wp:term":[{"taxonomy":"category","embeddable":true,"href":"https:\/\/www.iceagetv.com\/radiosite\/wp-json\/wp\/v2\/categories?post=24315"},{"taxonomy":"post_tag","embeddable":true,"href":"https:\/\/www.iceagetv.com\/radiosite\/wp-json\/wp\/v2\/tags?post=24315"}],"curies":[{"name":"wp","href":"https:\/\/api.w.org\/{rel}","templated":true}]}}