{"id":24325,"date":"2023-03-23T19:48:35","date_gmt":"2023-03-23T19:48:35","guid":{"rendered":"https:\/\/www.iceagetv.com\/radiosite\/?p=24325"},"modified":"2023-03-23T19:48:35","modified_gmt":"2023-03-23T19:48:35","slug":"jo-2024-lutilisation-de-cameras-augmentees-validee-par-lassemblee-nationale","status":"publish","type":"post","link":"https:\/\/www.iceagetv.com\/radiosite\/jo-2024-lutilisation-de-cameras-augmentees-validee-par-lassemblee-nationale\/","title":{"rendered":"JO 2024 : L&rsquo;UTILISATION DE \u00abCAM\u00c9RAS AUGMENT\u00c9ES\u00bb VALID\u00c9E PAR L&rsquo;ASSEMBL\u00c9E NATIONALE"},"content":{"rendered":"\n<p>L&rsquo;Assembl\u00e9e nationale a autoris\u00e9 ce jeudi 23 mars le recours aux \u00abcam\u00e9ras augment\u00e9es\u00bb durant les Jeux Olympiques de Paris 2024, malgr\u00e9 l&rsquo;opposition de la gauche.<\/p>\n\n\n\n<p>L&rsquo;Assembl\u00e9e nationale a approuv\u00e9 jeudi le recours \u00e0 de la vid\u00e9osurveillance \u2013 dite \u00abintelligente\u00bb ou encore \u00abalgorithmique\u00bb \u2013 au titre d&rsquo;une exp\u00e9rimentation, qui aura lieu avant et pendant les&nbsp;<a href=\"https:\/\/www.cnews.fr\/jo-2024\" target=\"_blank\" rel=\"noreferrer noopener\">Jeux Olympiques et Paralympiques de Paris 2024<\/a>, afin de s\u00e9curiser au mieux l&rsquo;\u00e9v\u00e9nement.<\/p>\n\n\n\n<h2 class=\"wp-block-heading\">FEU VERT AU RECOURS \u00c0 DES ALGORITHMES<\/h2>\n\n\n\n<p>L&rsquo;article 7 du projet de loi olympique a \u00e9t\u00e9 adopt\u00e9 avec 59 voix pour (majorit\u00e9 pr\u00e9sidentielle &#8211; LR &#8211; RN) face \u00e0 14 contre (Nupes). Concr\u00e8tement, il pr\u00e9voit \u00e0 titre exp\u00e9rimental que la s\u00e9curisation \u00abde manifestations sportives, r\u00e9cr\u00e9atives ou culturelles\u00bb d&rsquo;ampleur puisse recourir \u00e0 des algorithmes.<\/p>\n\n\n\n<p>Le fait d&rsquo;avoir recours \u00e0 ces m\u00e9thodes ne pla\u00eet pas \u00e0 tout le monde, \u00e0 la Commission nationale de l&rsquo;informatique et des libert\u00e9s (Cnil) notamment, qui avait d\u00e9j\u00e0 fait part de son opposition au projet de loi, ou encore au Conseil d&rsquo;Etat ainsi qu&rsquo;\u00e0 certains \u00e9lus. Les d\u00e9tracteurs de ce texte de loi,&nbsp;<a href=\"https:\/\/www.cnews.fr\/france\/2023-01-24\/jo-2024-de-vives-inquietudes-autour-de-lutilisation-de-cameras-augmentees-1314613\">pr\u00e9sent\u00e9 devant le S\u00e9nat fin janvier<\/a>, \u00e9voquaient d\u00e9j\u00e0 \u00e0 l&rsquo;\u00e9poque de nombreux probl\u00e8mes de respect de la vie priv\u00e9e.<\/p>\n\n\n\n<p>L&rsquo;exp\u00e9rimentation de ces fameuses cam\u00e9ras \u00abaugment\u00e9es\u00bb, permettant de d\u00e9tecter des mouvements suspects dans les foules, est r\u00e9clam\u00e9e par les autorit\u00e9s tant aux abords des enceintes sportives que dans les transports qui les desserviront. Si la loi pr\u00e9voit une exp\u00e9rimentation de ces nouveaux outils jusqu&rsquo;au 30 juin 2025, ils devraient \u00eatre test\u00e9s d\u00e8s la rentr\u00e9e prochaine pour la Coupe du monde de rugby 2023 pr\u00e9vue en France du 8 septembre au 28 octobre.L&rsquo;analyse des images capt\u00e9es par ces cam\u00e9ras et drones permettrait ainsi de d\u00e9tecter automatiquement des faits ou gestes potentiellement \u00e0 risque. Le ministre de l&rsquo;Int\u00e9rieur G\u00e9rald Darmanin a par exemple cit\u00e9 \u00abun d\u00e9part de feu, des goulots d&rsquo;\u00e9tranglement de population, un colis ou un sac abandonn\u00e9\u00bb.<\/p>\n","protected":false},"excerpt":{"rendered":"<p>L&rsquo;Assembl\u00e9e nationale a autoris\u00e9 ce jeudi 23 mars le recours aux \u00abcam\u00e9ras augment\u00e9es\u00bb durant les Jeux Olympiques de Paris 2024, malgr\u00e9 l&rsquo;opposition de la gauche. L&rsquo;Assembl\u00e9e nationale a approuv\u00e9 jeudi le recours \u00e0 de la vid\u00e9osurveillance \u2013 dite \u00abintelligente\u00bb ou encore \u00abalgorithmique\u00bb \u2013 au titre d&rsquo;une exp\u00e9rimentation, qui aura lieu avant et pendant les&nbsp;Jeux Olympiques [&hellip;]<\/p>\n","protected":false},"author":2,"featured_media":24326,"comment_status":"open","ping_status":"open","sticky":false,"template":"","format":"standard","meta":{"_jetpack_memberships_contains_paid_content":false,"footnotes":"","jetpack_publicize_message":"","jetpack_publicize_feature_enabled":true,"jetpack_social_post_already_shared":true,"jetpack_social_options":{"image_generator_settings":{"template":"highway","default_image_id":0,"font":"","enabled":false},"version":2},"_wpas_customize_per_network":false},"categories":[405],"tags":[],"class_list":["post-24325","post","type-post","status-publish","format-standard","has-post-thumbnail","hentry","category-actu-france-monde"],"jetpack_publicize_connections":[],"jetpack_featured_media_url":"https:\/\/i0.wp.com\/www.iceagetv.com\/radiosite\/wp-content\/uploads\/2023\/03\/LUTILISATION-DE-CAMERAS-AUGMENTEES.jpg?fit=680%2C453&ssl=1","jetpack_sharing_enabled":true,"_links":{"self":[{"href":"https:\/\/www.iceagetv.com\/radiosite\/wp-json\/wp\/v2\/posts\/24325","targetHints":{"allow":["GET"]}}],"collection":[{"href":"https:\/\/www.iceagetv.com\/radiosite\/wp-json\/wp\/v2\/posts"}],"about":[{"href":"https:\/\/www.iceagetv.com\/radiosite\/wp-json\/wp\/v2\/types\/post"}],"author":[{"embeddable":true,"href":"https:\/\/www.iceagetv.com\/radiosite\/wp-json\/wp\/v2\/users\/2"}],"replies":[{"embeddable":true,"href":"https:\/\/www.iceagetv.com\/radiosite\/wp-json\/wp\/v2\/comments?post=24325"}],"version-history":[{"count":1,"href":"https:\/\/www.iceagetv.com\/radiosite\/wp-json\/wp\/v2\/posts\/24325\/revisions"}],"predecessor-version":[{"id":24327,"href":"https:\/\/www.iceagetv.com\/radiosite\/wp-json\/wp\/v2\/posts\/24325\/revisions\/24327"}],"wp:featuredmedia":[{"embeddable":true,"href":"https:\/\/www.iceagetv.com\/radiosite\/wp-json\/wp\/v2\/media\/24326"}],"wp:attachment":[{"href":"https:\/\/www.iceagetv.com\/radiosite\/wp-json\/wp\/v2\/media?parent=24325"}],"wp:term":[{"taxonomy":"category","embeddable":true,"href":"https:\/\/www.iceagetv.com\/radiosite\/wp-json\/wp\/v2\/categories?post=24325"},{"taxonomy":"post_tag","embeddable":true,"href":"https:\/\/www.iceagetv.com\/radiosite\/wp-json\/wp\/v2\/tags?post=24325"}],"curies":[{"name":"wp","href":"https:\/\/api.w.org\/{rel}","templated":true}]}}