{"id":24346,"date":"2023-03-26T15:58:46","date_gmt":"2023-03-26T15:58:46","guid":{"rendered":"https:\/\/www.iceagetv.com\/radiosite\/?p=24346"},"modified":"2023-03-26T15:58:46","modified_gmt":"2023-03-26T15:58:46","slug":"nouvelle-mobilisation-contre-la-reforme-des-retraites-mardi-et-la-ratp-annonce-dors-et-deja-un-trafic-tres-perturbe-pour-cette-journee-daction","status":"publish","type":"post","link":"https:\/\/www.iceagetv.com\/radiosite\/nouvelle-mobilisation-contre-la-reforme-des-retraites-mardi-et-la-ratp-annonce-dors-et-deja-un-trafic-tres-perturbe-pour-cette-journee-daction\/","title":{"rendered":"Nouvelle mobilisation contre la r\u00e9forme des retraites mardi et la RATP annonce d&rsquo;ors et d\u00e9j\u00e0 un trafic tr\u00e8s perturb\u00e9 pour cette journ\u00e9e d&rsquo;action"},"content":{"rendered":"\n<p>Nouvelle mobilisation contre la r\u00e9forme des retraites mardi et la RATP annonce d&rsquo;ors et d\u00e9j\u00e0 un trafic tr\u00e8s perturb\u00e9 pour cette journ\u00e9e d&rsquo;action :<\/p>\n\n\n\n<p>Ainsi, \u00e0 la RATP, le mouvement sera \u00e0 nouveau suivi. Des perturbations sont \u00e0 pr\u00e9voir mardi sur une grande partie du r\u00e9seau, la RATP annon\u00e7ant un trafic perturb\u00e9 dans le m\u00e9tro et tr\u00e8s perturb\u00e9 sur le RER. Retrouvez en d\u00e9tail les pr\u00e9visions de trafic.<\/p>\n\n\n\n<h2 class=\"wp-block-heading\">M\u00e9tro<\/h2>\n\n\n\n<p>Ligne 1&nbsp;:&nbsp;trafic normal.<\/p>\n\n\n\n<p>Ligne 2&nbsp;:&nbsp;trafic normal. Assur\u00e9 uniquement entre 5h30 et 20h.<\/p>\n\n\n\n<p>Ligne 3 :&nbsp;1 train sur 2.<\/p>\n\n\n\n<p>Ligne 3 bis&nbsp;:&nbsp;trafic normal.<\/p>\n\n\n\n<p>Ligne 4&nbsp;:&nbsp;trafic normal le matin, 3 trains sur 4 l\u2019apr\u00e8s-midi. Attention, en raison des travaux d\u2019automatisation, la ligne sera ferm\u00e9e \u00e0 22h15.<\/p>\n\n\n\n<p>Ligne 5 :&nbsp;1 train sur 2 le matin et 1 train sur 4 l\u2019apr\u00e8s-midi. Trafic assur\u00e9 uniquement entre 5h30 et 19h30.<\/p>\n\n\n\n<p>Ligne 6 :&nbsp;1 train sur 3 le matin et 2 trains sur 3 l\u2019apr\u00e8s-midi. Trafic assur\u00e9 uniquement entre 5h30 et 20h.<\/p>\n\n\n\n<p>Ligne 7 :&nbsp;2 trains sur 3.<\/p>\n\n\n\n<p>Ligne 7 bis&nbsp;:&nbsp;trafic normal.<\/p>\n\n\n\n<p>Ligne 8 :&nbsp;1 train sur 2. Trafic assur\u00e9 uniquement entre 6h et 10h et entre 16h et 20h.<\/p>\n\n\n\n<p>Ligne 9&nbsp;:&nbsp;trafic normal<\/p>\n\n\n\n<p>Ligne 10 :&nbsp;1 train sur 2 entre 5h30 et 10h et 1 train sur 3 entre 16h30 et 19h30.<\/p>\n\n\n\n<p>Ligne 11 :&nbsp;2 trains sur 3. Trafic assur\u00e9 uniquement entre 5h30 et 22h. Attention, en raison des travaux, la ligne sera ferm\u00e9e entre Belleville et Mairie des&nbsp;Lilas toute la journ\u00e9e.<\/p>\n\n\n\n<p>Ligne 12 :&nbsp;1 train sur 3 entre 5h30-20h.<\/p>\n\n\n\n<p>Ligne 13 :&nbsp;1 train sur 3. Trafic assur\u00e9 uniquement entre 6h et 20h.<\/p>\n\n\n\n<p>Ligne 14&nbsp;:&nbsp;trafic normal. Attention, en raison des travaux li\u00e9s au prolongement, la ligne sera ferm\u00e9e \u00e0 22&nbsp;heures.<\/p>\n\n\n\n<h2 class=\"wp-block-heading\">RER<\/h2>\n\n\n\n<p>RER A&nbsp;:&nbsp;En moyenne 1 train sur 2. Interconnexion&nbsp;maintenue&nbsp;\u00e0 Nanterre pr\u00e9fecture.<\/p>\n\n\n\n<p>RER&nbsp;B&nbsp;:&nbsp;En moyenne 1 train sur 2. Interconnexion&nbsp;maintenue&nbsp;\u00e0 Gare du Nord.<\/p>\n\n\n\n<p>.<\/p>\n\n\n\n<h2 class=\"wp-block-heading\">Bus et tramways<\/h2>\n\n\n\n<p>En moyenne le trafic sera normal sur l\u2019ensemble du r\u00e9seau bus et Tramway.<\/p>\n","protected":false},"excerpt":{"rendered":"<p>Nouvelle mobilisation contre la r\u00e9forme des retraites mardi et la RATP annonce d&rsquo;ors et d\u00e9j\u00e0 un trafic tr\u00e8s perturb\u00e9 pour cette journ\u00e9e d&rsquo;action : Ainsi, \u00e0 la RATP, le mouvement sera \u00e0 nouveau suivi. Des perturbations sont \u00e0 pr\u00e9voir mardi sur une grande partie du r\u00e9seau, la RATP annon\u00e7ant un trafic perturb\u00e9 dans le m\u00e9tro [&hellip;]<\/p>\n","protected":false},"author":2,"featured_media":24347,"comment_status":"open","ping_status":"open","sticky":false,"template":"","format":"standard","meta":{"_jetpack_memberships_contains_paid_content":false,"footnotes":"","jetpack_publicize_message":"","jetpack_publicize_feature_enabled":true,"jetpack_social_post_already_shared":true,"jetpack_social_options":{"image_generator_settings":{"template":"highway","default_image_id":0,"font":"","enabled":false},"version":2},"_wpas_customize_per_network":false},"categories":[405],"tags":[],"class_list":["post-24346","post","type-post","status-publish","format-standard","has-post-thumbnail","hentry","category-actu-france-monde"],"jetpack_publicize_connections":[],"jetpack_featured_media_url":"https:\/\/i0.wp.com\/www.iceagetv.com\/radiosite\/wp-content\/uploads\/2023\/03\/Nouvelle-mobilisation-contre-la-reforme-des-retraites-mardi.jpg?fit=679%2C293&ssl=1","jetpack_sharing_enabled":true,"_links":{"self":[{"href":"https:\/\/www.iceagetv.com\/radiosite\/wp-json\/wp\/v2\/posts\/24346","targetHints":{"allow":["GET"]}}],"collection":[{"href":"https:\/\/www.iceagetv.com\/radiosite\/wp-json\/wp\/v2\/posts"}],"about":[{"href":"https:\/\/www.iceagetv.com\/radiosite\/wp-json\/wp\/v2\/types\/post"}],"author":[{"embeddable":true,"href":"https:\/\/www.iceagetv.com\/radiosite\/wp-json\/wp\/v2\/users\/2"}],"replies":[{"embeddable":true,"href":"https:\/\/www.iceagetv.com\/radiosite\/wp-json\/wp\/v2\/comments?post=24346"}],"version-history":[{"count":2,"href":"https:\/\/www.iceagetv.com\/radiosite\/wp-json\/wp\/v2\/posts\/24346\/revisions"}],"predecessor-version":[{"id":24349,"href":"https:\/\/www.iceagetv.com\/radiosite\/wp-json\/wp\/v2\/posts\/24346\/revisions\/24349"}],"wp:featuredmedia":[{"embeddable":true,"href":"https:\/\/www.iceagetv.com\/radiosite\/wp-json\/wp\/v2\/media\/24347"}],"wp:attachment":[{"href":"https:\/\/www.iceagetv.com\/radiosite\/wp-json\/wp\/v2\/media?parent=24346"}],"wp:term":[{"taxonomy":"category","embeddable":true,"href":"https:\/\/www.iceagetv.com\/radiosite\/wp-json\/wp\/v2\/categories?post=24346"},{"taxonomy":"post_tag","embeddable":true,"href":"https:\/\/www.iceagetv.com\/radiosite\/wp-json\/wp\/v2\/tags?post=24346"}],"curies":[{"name":"wp","href":"https:\/\/api.w.org\/{rel}","templated":true}]}}