{"id":24351,"date":"2023-03-26T16:23:02","date_gmt":"2023-03-26T16:23:02","guid":{"rendered":"https:\/\/www.iceagetv.com\/radiosite\/?p=24351"},"modified":"2023-03-26T16:23:02","modified_gmt":"2023-03-26T16:23:02","slug":"megabassines-le-parquet-confirme-quun-manifestant-blesse-a-saint-soline-est-entre-la-vie-et-la-mort","status":"publish","type":"post","link":"https:\/\/www.iceagetv.com\/radiosite\/megabassines-le-parquet-confirme-quun-manifestant-blesse-a-saint-soline-est-entre-la-vie-et-la-mort\/","title":{"rendered":"M\u00e9gabassines\u00a0: le parquet confirme qu\u2019un manifestant bless\u00e9 \u00e0 Saint-Soline est entre la vie et la mort"},"content":{"rendered":"\n<p><\/p>\n\n\n\n<p>Le diagnostic est r\u00e9serv\u00e9 pour un des manifestants bless\u00e9s lors des violents affrontements qui ont eu lieu<a href=\"https:\/\/www.lemonde.fr\/politique\/live\/2023\/03\/25\/manifestations-en-direct-pres-de-la-megabassine-de-sainte-soline-de-nombreux-manifestants-blesses-apres-deux-heures-d-affrontements_6166947_823448.html\"> samedi lors d\u2019une manifestation contre des r\u00e9serves d\u2019eau agricoles dans les Deux-S\u00e8vres<\/a>, a confirm\u00e9, dimanche 26&nbsp;mars, le parquet de Niort.<\/p>\n\n\n\n<p>Une enqu\u00eate a \u00e9t\u00e9 ouverte <em>\u00ab&nbsp;pour d\u00e9terminer la nature exacte&nbsp;\u00bb<\/em> des blessures graves de trois manifestants au total et <em>\u00ab&nbsp;les circonstances dans lesquelles&nbsp;\u00bb<\/em> ces personnes ont \u00e9t\u00e9 bless\u00e9es, a pr\u00e9cis\u00e9 le procureur Julien Wattebled dans un communiqu\u00e9 de presse. Les organisateurs de la manifestation affirmaient depuis samedi que l\u2019un de ces bless\u00e9s \u00e9tait entre la vie et la mort.<\/p>\n\n\n\n<p>Selon un nouveau bilan \u00e9tabli par le parquet \u00e0 13\u00a0heures aupr\u00e8s des secours et des h\u00f4pitaux, vingt-neuf gendarmes ont \u00e9t\u00e9 bless\u00e9s, dont deux plac\u00e9s en urgence absolue sans que leurs jours soient en danger, l\u2019un touch\u00e9 \u00e0 l\u2019aine, l\u2019autre avec un traumatisme respiratoire. D\u2019apr\u00e8s la m\u00eame source, sept manifestants ont \u00e9t\u00e9 pris en charge par les secours dont trois en urgence absolue\u00a0: un homme de 30\u00a0ans avec un traumatisme cr\u00e2nien, <em>\u00ab\u00a0dont le pronostic vital reste engag\u00e9 \u00e0 ce stade\u00a0\u00bb<\/em>, une femme de 19\u00a0ans avec un traumatisme facial et un homme de 27\u00a0ans pr\u00e9sentant une fracture du pied.<\/p>\n\n\n\n<p>Dimanche, les organisateurs de la manifestation ont accus\u00e9 le gouvernement d\u2019avoir d\u00e9ploy\u00e9&nbsp;<em>\u00ab&nbsp;une op\u00e9ration de r\u00e9pression massive&nbsp;\u00bb<\/em>. Selon des \u00e9lus pr\u00e9sents \u00e0 la manifestation de samedi, deux cents manifestants ont \u00e9t\u00e9 bless\u00e9s, dont quarante gri\u00e8vement, et une personne dont les jours sont en danger restait en r\u00e9animation dimanche, information confirm\u00e9e par le parquet.<\/p>\n\n\n\n<h2 class=\"wp-block-heading\">\u00ab&nbsp;D\u00e9rive violente de l\u2019Etat&nbsp;\u00bb<\/h2>\n\n\n\n<p><em>\u00ab&nbsp;On a assist\u00e9 \u00e0 des sc\u00e8nes de guerre&nbsp;\u00bb<\/em>&nbsp;qui illustrent&nbsp;<em>\u00ab&nbsp;une d\u00e9rive violente de l\u2019Etat&nbsp;\u00bb<\/em>, a lanc\u00e9 lors d\u2019une conf\u00e9rence de presse l\u2019eurod\u00e9put\u00e9 Europe Ecologie-Les Verts (EELV) Beno\u00eet Biteau, au lendemain de cette manifestation, interdite par la pr\u00e9fecture, qui a rassembl\u00e9 entre 6&nbsp;000 personnes, selon les autorit\u00e9s, et 30&nbsp;000 selon les organisateurs.<\/p>\n","protected":false},"excerpt":{"rendered":"<p>Le diagnostic est r\u00e9serv\u00e9 pour un des manifestants bless\u00e9s lors des violents affrontements qui ont eu lieu samedi lors d\u2019une manifestation contre des r\u00e9serves d\u2019eau agricoles dans les Deux-S\u00e8vres, a confirm\u00e9, dimanche 26&nbsp;mars, le parquet de Niort. Une enqu\u00eate a \u00e9t\u00e9 ouverte \u00ab&nbsp;pour d\u00e9terminer la nature exacte&nbsp;\u00bb des blessures graves de trois manifestants au total [&hellip;]<\/p>\n","protected":false},"author":2,"featured_media":24352,"comment_status":"open","ping_status":"open","sticky":false,"template":"","format":"standard","meta":{"_jetpack_memberships_contains_paid_content":false,"footnotes":"","jetpack_publicize_message":"","jetpack_publicize_feature_enabled":true,"jetpack_social_post_already_shared":true,"jetpack_social_options":{"image_generator_settings":{"template":"highway","default_image_id":0,"font":"","enabled":false},"version":2},"_wpas_customize_per_network":false},"categories":[405],"tags":[],"class_list":["post-24351","post","type-post","status-publish","format-standard","has-post-thumbnail","hentry","category-actu-france-monde"],"jetpack_publicize_connections":[],"jetpack_featured_media_url":"https:\/\/i0.wp.com\/www.iceagetv.com\/radiosite\/wp-content\/uploads\/2023\/03\/Megabassines.jpg?fit=266%2C154&ssl=1","jetpack_sharing_enabled":true,"_links":{"self":[{"href":"https:\/\/www.iceagetv.com\/radiosite\/wp-json\/wp\/v2\/posts\/24351","targetHints":{"allow":["GET"]}}],"collection":[{"href":"https:\/\/www.iceagetv.com\/radiosite\/wp-json\/wp\/v2\/posts"}],"about":[{"href":"https:\/\/www.iceagetv.com\/radiosite\/wp-json\/wp\/v2\/types\/post"}],"author":[{"embeddable":true,"href":"https:\/\/www.iceagetv.com\/radiosite\/wp-json\/wp\/v2\/users\/2"}],"replies":[{"embeddable":true,"href":"https:\/\/www.iceagetv.com\/radiosite\/wp-json\/wp\/v2\/comments?post=24351"}],"version-history":[{"count":1,"href":"https:\/\/www.iceagetv.com\/radiosite\/wp-json\/wp\/v2\/posts\/24351\/revisions"}],"predecessor-version":[{"id":24353,"href":"https:\/\/www.iceagetv.com\/radiosite\/wp-json\/wp\/v2\/posts\/24351\/revisions\/24353"}],"wp:featuredmedia":[{"embeddable":true,"href":"https:\/\/www.iceagetv.com\/radiosite\/wp-json\/wp\/v2\/media\/24352"}],"wp:attachment":[{"href":"https:\/\/www.iceagetv.com\/radiosite\/wp-json\/wp\/v2\/media?parent=24351"}],"wp:term":[{"taxonomy":"category","embeddable":true,"href":"https:\/\/www.iceagetv.com\/radiosite\/wp-json\/wp\/v2\/categories?post=24351"},{"taxonomy":"post_tag","embeddable":true,"href":"https:\/\/www.iceagetv.com\/radiosite\/wp-json\/wp\/v2\/tags?post=24351"}],"curies":[{"name":"wp","href":"https:\/\/api.w.org\/{rel}","templated":true}]}}