{"id":24358,"date":"2023-03-26T16:33:16","date_gmt":"2023-03-26T16:33:16","guid":{"rendered":"https:\/\/www.iceagetv.com\/radiosite\/?p=24358"},"modified":"2023-03-26T16:33:16","modified_gmt":"2023-03-26T16:33:16","slug":"macron-recoit-borne-et-les-cadres-de-la-majorite-lundi-a-la-veille-dune-nouvelle-mobilisation","status":"publish","type":"post","link":"https:\/\/www.iceagetv.com\/radiosite\/macron-recoit-borne-et-les-cadres-de-la-majorite-lundi-a-la-veille-dune-nouvelle-mobilisation\/","title":{"rendered":"Macron re\u00e7oit Borne et les cadres de la majorit\u00e9 lundi \u00e0 la veille d&rsquo;une nouvelle mobilisation"},"content":{"rendered":"\n<p>Emmanuel Macron va recevoir lundi 27 mars Elisabeth Borne et les principaux cadres de sa majorit\u00e9 pour une r\u00e9union \u00e0 la veille de la dixi\u00e8me journ\u00e9e de mobilisation contre la r\u00e9forme des retraites, a annonc\u00e9 l&rsquo;\u00c9lys\u00e9e, confirmant une information de BFMTV.<\/p>\n\n\n\n<p>Le pr\u00e9sident s&rsquo;entretiendra lundi midi avec sa Premi\u00e8re ministre, avant d&rsquo;\u00eatre rejoints \u00e0 13h15 par les patrons de groupes parlementaires, chefs de partis et quelques membres du gouvernement.\u00a0<a href=\"https:\/\/www.tf1info.fr\/politique\/video-reforme-des-retraites-manifestations-contre-le-49-3-confiance-a-elisabeth-borne-ce-qu-il-faut-retenir-de-l-interview-d-emmanuel-macron-sur-tf1-2251782.html\">Lors de son interview au 13H de TF1<\/a>, Emmanuel Macron a notamment charg\u00e9 Elisabeth Borne\u00a0<a rel=\"noreferrer noopener\" href=\"https:\/\/www.tf1info.fr\/politique\/video-reforme-des-retraites-elisabeth-borne-a-toujours-la-confiance-de-emmanuel-macron-mais-devra-elargir-la-majorite-presidentielle-2251771.html\" target=\"_blank\">d'\u00a0\u00bb\u00e9largir\u00a0\u00bb<\/a>\u00a0la majorit\u00e9 et de travailler au r\u00e9agencement de l&rsquo;agenda parlementaire dans les prochaines semaines. La Premi\u00e8re ministre va ainsi pr\u00e9senter lundi une feuille de route des consultations qu\u2019elle compte mener \u00e0 Emmanuel Macron, selon l&rsquo;\u00c9lys\u00e9e \u00e0 TF1info.\u00a0La contestation de la r\u00e9forme des retraites s&rsquo;est poursuivie dans plusieurs villes samedi 25 mars, avec des cort\u00e8ges de quelques centaines de personnes. Des\u00a0<em>\u00ab\u00a0rassemblements de proximit\u00e9\u00a0\u00bb<\/em>\u00a0qui furent encourag\u00e9s par l&rsquo;intersyndicale avant une nouvelle grande journ\u00e9e de mobilisation mardi 28 mars. Le cort\u00e8ge parisien d\u00e9filera de la place de la R\u00e9publique \u00e0 Nation.<\/p>\n","protected":false},"excerpt":{"rendered":"<p>Emmanuel Macron va recevoir lundi 27 mars Elisabeth Borne et les principaux cadres de sa majorit\u00e9 pour une r\u00e9union \u00e0 la veille de la dixi\u00e8me journ\u00e9e de mobilisation contre la r\u00e9forme des retraites, a annonc\u00e9 l&rsquo;\u00c9lys\u00e9e, confirmant une information de BFMTV. Le pr\u00e9sident s&rsquo;entretiendra lundi midi avec sa Premi\u00e8re ministre, avant d&rsquo;\u00eatre rejoints \u00e0 13h15 [&hellip;]<\/p>\n","protected":false},"author":2,"featured_media":24359,"comment_status":"open","ping_status":"open","sticky":false,"template":"","format":"standard","meta":{"_jetpack_memberships_contains_paid_content":false,"footnotes":"","jetpack_publicize_message":"","jetpack_publicize_feature_enabled":true,"jetpack_social_post_already_shared":true,"jetpack_social_options":{"image_generator_settings":{"template":"highway","default_image_id":0,"font":"","enabled":false},"version":2},"_wpas_customize_per_network":false},"categories":[405],"tags":[],"class_list":["post-24358","post","type-post","status-publish","format-standard","has-post-thumbnail","hentry","category-actu-france-monde"],"jetpack_publicize_connections":[],"jetpack_featured_media_url":"https:\/\/i0.wp.com\/www.iceagetv.com\/radiosite\/wp-content\/uploads\/2023\/03\/Macron-recoit-Borne.jpg?fit=680%2C383&ssl=1","jetpack_sharing_enabled":true,"_links":{"self":[{"href":"https:\/\/www.iceagetv.com\/radiosite\/wp-json\/wp\/v2\/posts\/24358","targetHints":{"allow":["GET"]}}],"collection":[{"href":"https:\/\/www.iceagetv.com\/radiosite\/wp-json\/wp\/v2\/posts"}],"about":[{"href":"https:\/\/www.iceagetv.com\/radiosite\/wp-json\/wp\/v2\/types\/post"}],"author":[{"embeddable":true,"href":"https:\/\/www.iceagetv.com\/radiosite\/wp-json\/wp\/v2\/users\/2"}],"replies":[{"embeddable":true,"href":"https:\/\/www.iceagetv.com\/radiosite\/wp-json\/wp\/v2\/comments?post=24358"}],"version-history":[{"count":1,"href":"https:\/\/www.iceagetv.com\/radiosite\/wp-json\/wp\/v2\/posts\/24358\/revisions"}],"predecessor-version":[{"id":24360,"href":"https:\/\/www.iceagetv.com\/radiosite\/wp-json\/wp\/v2\/posts\/24358\/revisions\/24360"}],"wp:featuredmedia":[{"embeddable":true,"href":"https:\/\/www.iceagetv.com\/radiosite\/wp-json\/wp\/v2\/media\/24359"}],"wp:attachment":[{"href":"https:\/\/www.iceagetv.com\/radiosite\/wp-json\/wp\/v2\/media?parent=24358"}],"wp:term":[{"taxonomy":"category","embeddable":true,"href":"https:\/\/www.iceagetv.com\/radiosite\/wp-json\/wp\/v2\/categories?post=24358"},{"taxonomy":"post_tag","embeddable":true,"href":"https:\/\/www.iceagetv.com\/radiosite\/wp-json\/wp\/v2\/tags?post=24358"}],"curies":[{"name":"wp","href":"https:\/\/api.w.org\/{rel}","templated":true}]}}