{"id":24362,"date":"2023-03-27T16:50:55","date_gmt":"2023-03-27T16:50:55","guid":{"rendered":"https:\/\/www.iceagetv.com\/radiosite\/?p=24362"},"modified":"2023-03-27T16:50:55","modified_gmt":"2023-03-27T16:50:55","slug":"sainte-soline-un-deuxieme-manifestant-est-dans-le-coma-selon-lafp-les-services-de-renseignement-ont-comptabilise-plus-de-200-personnes-fichees-s-lors-des-affrontements-ce-week-end","status":"publish","type":"post","link":"https:\/\/www.iceagetv.com\/radiosite\/sainte-soline-un-deuxieme-manifestant-est-dans-le-coma-selon-lafp-les-services-de-renseignement-ont-comptabilise-plus-de-200-personnes-fichees-s-lors-des-affrontements-ce-week-end\/","title":{"rendered":"Sainte-Soline &#8211; Un deuxi\u00e8me manifestant est dans le coma selon l&rsquo;AFP &#8211; Les services de renseignement ont comptabilis\u00e9 plus de 200 personnes fich\u00e9es S lors des affrontements ce week-end"},"content":{"rendered":"\n<p>Comme vous l&rsquo;a indiqu\u00e9&nbsp;jeanmarcmorandini.com, un deuxi\u00e8me manifestant a \u00e9t\u00e9 gravement bless\u00e9 ce week-end \u00e0 Sainte-Soline, et est toujours dans le coma.&nbsp;Selon les informations recueillies par&nbsp;<a href=\"https:\/\/www.europe1.fr\/societe\/info-europe-1-sainte-soline-ultra-gauche-radicale-fiche-s-le-profil-du-manifestant-dans-le-coma-4174608\" target=\"_blank\" rel=\"noreferrer noopener\">Europe 1,<\/a>&nbsp;cet homme est connu depuis plusieurs ann\u00e9es par les services de renseignement \u00ab\u00a0pour appartenir \u00e0 la mouvance de l\u2019ultra-gauche radicale et violente\u00a0\u00bb. Nos confr\u00e8res ajoutent que \u00ab\u00a0mis en cause dans l\u2019attaque de locaux de la protection judiciaire de la jeunesse en 2011 dans le Sud-Est, il avait \u00e9t\u00e9 plac\u00e9 en d\u00e9tention provisoire pendant deux mois.\u00a0\u00bb<\/p>\n\n\n\n<p>Mais surtout, qu&rsquo;il \u00ab\u00a0a \u00e9t\u00e9 fich\u00e9 S au milieu des ann\u00e9es 2010, quand Bernard Cazeneuve \u00e9tait ministre de l\u2019Int\u00e9rieur, pour son appartenance \u00e0 la mouvance de l\u2019ultra-gauche radicale et violente.\u00a0\u00bb&nbsp;<\/p>\n\n\n\n<p>N\u00e9 en 1990, le jeune homme a \u00ab\u00a0auparavant particip\u00e9 \u00e0 plusieurs reprises \u00e0 des manifestations de l\u2019ultra-gauche, parfois en int\u00e9grant le black block\u00a0\u00bb, \u00e9crit&nbsp;<a href=\"https:\/\/www.europe1.fr\/societe\/info-europe-1-sainte-soline-ultra-gauche-radicale-fiche-s-le-profil-du-manifestant-dans-le-coma-4174608\" target=\"_blank\" rel=\"noreferrer noopener\">Europe 1<\/a>. Et d&rsquo;ajouter qu&rsquo;il est \u00e9galement connu des services \u00ab\u00a0pour avoir pris part \u00e0 la contestation contre l\u2019a\u00e9roport de Notre-Dame-des-Landes. Il a occup\u00e9 des fonctions de direction \u00e0 Toulouse au sein du local communiste r\u00e9volutionnaire.\u00a0\u00bb<\/p>\n\n\n\n<p>Toujours selon les informations d\u2019Europe 1, les services de renseignement ont comptabilis\u00e9 plus de 200 personnes fich\u00e9es S pr\u00e9sentes lors des affrontements qui ont \u00e9clat\u00e9 \u00e0 Sainte-Soline samedi.<\/p>\n\n\n\n<p>Rappelons que ce week-end, ce manifestant a \u00e9t\u00e9 touch\u00e9 par un projectile, lui provoquant un traumatisme cr\u00e2nien. Egalement, une enqu\u00eate a \u00e9t\u00e9 ouverte \u00ab\u00a0pour d\u00e9terminer la nature exacte\u00a0\u00bb des blessures graves de trois manifestants et \u00ab\u00a0les circonstances dans lesquelles\u00a0\u00bb ils ont \u00e9t\u00e9 bless\u00e9es,Une deuxi\u00e8me personne pr\u00e9sente lors des violents affrontements samedi pendant une manifestation contre des r\u00e9serves d&rsquo;eau agricoles \u00e0 Sainte-Soline (Deux-S\u00e8vres) se trouve dans le coma, annonce une source proche du dossier \u00e0 l&rsquo;AFP ce lundi.<\/p>\n","protected":false},"excerpt":{"rendered":"<p>Comme vous l&rsquo;a indiqu\u00e9&nbsp;jeanmarcmorandini.com, un deuxi\u00e8me manifestant a \u00e9t\u00e9 gravement bless\u00e9 ce week-end \u00e0 Sainte-Soline, et est toujours dans le coma.&nbsp;Selon les informations recueillies par&nbsp;Europe 1,&nbsp;cet homme est connu depuis plusieurs ann\u00e9es par les services de renseignement \u00ab\u00a0pour appartenir \u00e0 la mouvance de l\u2019ultra-gauche radicale et violente\u00a0\u00bb. Nos confr\u00e8res ajoutent que \u00ab\u00a0mis en cause dans [&hellip;]<\/p>\n","protected":false},"author":2,"featured_media":24363,"comment_status":"open","ping_status":"open","sticky":false,"template":"","format":"standard","meta":{"_jetpack_memberships_contains_paid_content":false,"footnotes":"","jetpack_publicize_message":"","jetpack_publicize_feature_enabled":true,"jetpack_social_post_already_shared":true,"jetpack_social_options":{"image_generator_settings":{"template":"highway","default_image_id":0,"font":"","enabled":false},"version":2},"_wpas_customize_per_network":false},"categories":[405],"tags":[],"class_list":["post-24362","post","type-post","status-publish","format-standard","has-post-thumbnail","hentry","category-actu-france-monde"],"jetpack_publicize_connections":[],"jetpack_featured_media_url":"https:\/\/i0.wp.com\/www.iceagetv.com\/radiosite\/wp-content\/uploads\/2023\/03\/Sainte-Soline.jpg?fit=679%2C293&ssl=1","jetpack_sharing_enabled":true,"_links":{"self":[{"href":"https:\/\/www.iceagetv.com\/radiosite\/wp-json\/wp\/v2\/posts\/24362","targetHints":{"allow":["GET"]}}],"collection":[{"href":"https:\/\/www.iceagetv.com\/radiosite\/wp-json\/wp\/v2\/posts"}],"about":[{"href":"https:\/\/www.iceagetv.com\/radiosite\/wp-json\/wp\/v2\/types\/post"}],"author":[{"embeddable":true,"href":"https:\/\/www.iceagetv.com\/radiosite\/wp-json\/wp\/v2\/users\/2"}],"replies":[{"embeddable":true,"href":"https:\/\/www.iceagetv.com\/radiosite\/wp-json\/wp\/v2\/comments?post=24362"}],"version-history":[{"count":1,"href":"https:\/\/www.iceagetv.com\/radiosite\/wp-json\/wp\/v2\/posts\/24362\/revisions"}],"predecessor-version":[{"id":24364,"href":"https:\/\/www.iceagetv.com\/radiosite\/wp-json\/wp\/v2\/posts\/24362\/revisions\/24364"}],"wp:featuredmedia":[{"embeddable":true,"href":"https:\/\/www.iceagetv.com\/radiosite\/wp-json\/wp\/v2\/media\/24363"}],"wp:attachment":[{"href":"https:\/\/www.iceagetv.com\/radiosite\/wp-json\/wp\/v2\/media?parent=24362"}],"wp:term":[{"taxonomy":"category","embeddable":true,"href":"https:\/\/www.iceagetv.com\/radiosite\/wp-json\/wp\/v2\/categories?post=24362"},{"taxonomy":"post_tag","embeddable":true,"href":"https:\/\/www.iceagetv.com\/radiosite\/wp-json\/wp\/v2\/tags?post=24362"}],"curies":[{"name":"wp","href":"https:\/\/api.w.org\/{rel}","templated":true}]}}