{"id":24383,"date":"2023-03-29T15:01:00","date_gmt":"2023-03-29T15:01:00","guid":{"rendered":"https:\/\/www.iceagetv.com\/radiosite\/?p=24383"},"modified":"2023-03-29T15:01:00","modified_gmt":"2023-03-29T15:01:00","slug":"retraites-le-conseil-constitutionnel-se-prononcera-le-14-avril-sur-la-reforme","status":"publish","type":"post","link":"https:\/\/www.iceagetv.com\/radiosite\/retraites-le-conseil-constitutionnel-se-prononcera-le-14-avril-sur-la-reforme\/","title":{"rendered":"Retraites\u00a0: le Conseil constitutionnel se prononcera le 14 avril sur la r\u00e9forme"},"content":{"rendered":"\n<p>Le Conseil constitutionnel a annonc\u00e9 dans un communiqu\u00e9 diffus\u00e9 mercredi rendre ses d\u00e9cisions sur&nbsp;<a href=\"https:\/\/www.lejdd.fr\/dossiers\/retraites\">la r\u00e9forme des retraites<\/a>&nbsp;le vendredi&nbsp;14&nbsp;avril, \u00ab&nbsp;<em>en fin de journ\u00e9e<\/em>&nbsp;\u00bb. Les Sages devront rendre deux grandes d\u00e9cisions portant sur la constitutionnalit\u00e9 du projet de loi adopt\u00e9 au Parlement apr\u00e8s un&nbsp;<a href=\"https:\/\/www.lejdd.fr\/Politique\/quest-ce-que-larticle-493-4107737\">recours au 49-3<\/a>&nbsp;et sur la recevabilit\u00e9 de la demande de r\u00e9f\u00e9rendum d\u2019initiative partag\u00e9e (RIP) lanc\u00e9e par la gauche. Charg\u00e9e de se prononcer sur la conformit\u00e9 des lois vis-\u00e0-vis de la Constitution, l\u2019institution avait \u00e9t\u00e9 saisie par la Premi\u00e8re ministre,&nbsp;<a href=\"https:\/\/www.lejdd.fr\/elisabeth-borne\">\u00c9lisabeth Borne<\/a>, le 21&nbsp;mars dernier pour un examen du texte. Des d\u00e9put\u00e9s de l\u2019opposition, de gauche et du Rassemblement national, et des s\u00e9nateurs de gauche, avaient d\u00e9pos\u00e9 des recours pour contester le projet gouvernemental visant au report de l\u2019\u00e2ge l\u00e9gal de d\u00e9part \u00e0 la retraite \u00e0 64&nbsp;ans.<\/p>\n\n\n\n<p>En cons\u00e9quence, le Conseil constitutionnel devrait recevoir des \u00e9lus de gauche en audition le mardi\u00a04\u00a0avril \u00e0 14h30, selon des sources parlementaires. L\u2019AFP pr\u00e9cise que le groupe RN n\u2019a pas demand\u00e9 \u00e0 \u00eatre re\u00e7u par les Sages, consid\u00e9rant que ses arguments figuraient d\u00e9j\u00e0 dans sa saisine. Les parlementaires d\u2019opposition d\u00e9noncent, entre autres, le recours \u00e0 un budget rectificatif de la S\u00e9curit\u00e9 sociale, aux d\u00e9lais d\u2019examen contraints par l\u2019article\u00a047-1 de la Constitution et remettent en cause la question de l\u2019index senior dans les entreprises.<\/p>\n\n\n\n<h2 class=\"wp-block-heading\">La possibilit\u00e9 d\u2019un r\u00e9f\u00e9rendum discut\u00e9e<\/h2>\n\n\n\n<p>Les membres du Conseil constitutionnel peuvent d\u00e9cider de valider l\u2019ensemble du texte ou d\u2019en censurer tout ou partie. Ils devront aussi examiner une autre proc\u00e9dure initi\u00e9e par 250 parlementaires de la gauche&nbsp;: la demande de r\u00e9f\u00e9rendum d\u2019initiative partag\u00e9e, qui n\u2019a pour l\u2019instant jamais \u00e9t\u00e9 vot\u00e9.<\/p>\n\n\n\n<p>La recevabilit\u00e9 de cette requ\u00eate sera d\u00e9battue, en regardant si la consultation porte sur les domaines de \u00ab<em>&nbsp;l\u2019organisation des pouvoirs publics, des r\u00e9formes relatives \u00e0 la politique \u00e9conomique, sociale ou environnementale et aux services publics qui y concourent&nbsp;<\/em>\u00bb.<\/p>\n\n\n\n<p>Un recueil des signatures citoyennes pourrait ensuite \u00eatre ouvert. Le quota \u00e0 atteindre correspond \u00e0 un dixi\u00e8me des \u00e9lecteurs, soit autour de 4,87&nbsp;millions de signatures, dans un d\u00e9lai de neuf mois, pour ouvrir la voie \u00e0 un r\u00e9f\u00e9rendum.<\/p>\n","protected":false},"excerpt":{"rendered":"<p>Le Conseil constitutionnel a annonc\u00e9 dans un communiqu\u00e9 diffus\u00e9 mercredi rendre ses d\u00e9cisions sur&nbsp;la r\u00e9forme des retraites&nbsp;le vendredi&nbsp;14&nbsp;avril, \u00ab&nbsp;en fin de journ\u00e9e&nbsp;\u00bb. Les Sages devront rendre deux grandes d\u00e9cisions portant sur la constitutionnalit\u00e9 du projet de loi adopt\u00e9 au Parlement apr\u00e8s un&nbsp;recours au 49-3&nbsp;et sur la recevabilit\u00e9 de la demande de r\u00e9f\u00e9rendum d\u2019initiative partag\u00e9e (RIP) [&hellip;]<\/p>\n","protected":false},"author":2,"featured_media":24384,"comment_status":"open","ping_status":"open","sticky":false,"template":"","format":"standard","meta":{"_jetpack_memberships_contains_paid_content":false,"footnotes":"","jetpack_publicize_message":"","jetpack_publicize_feature_enabled":true,"jetpack_social_post_already_shared":true,"jetpack_social_options":{"image_generator_settings":{"template":"highway","default_image_id":0,"font":"","enabled":false},"version":2},"_wpas_customize_per_network":false},"categories":[405],"tags":[],"class_list":["post-24383","post","type-post","status-publish","format-standard","has-post-thumbnail","hentry","category-actu-france-monde"],"jetpack_publicize_connections":[],"jetpack_featured_media_url":"https:\/\/i0.wp.com\/www.iceagetv.com\/radiosite\/wp-content\/uploads\/2023\/03\/le-Conseil-constitutionnel-se-prononcera-le-14-avril-sur-la-reforme.jpg?fit=561%2C407&ssl=1","jetpack_sharing_enabled":true,"_links":{"self":[{"href":"https:\/\/www.iceagetv.com\/radiosite\/wp-json\/wp\/v2\/posts\/24383","targetHints":{"allow":["GET"]}}],"collection":[{"href":"https:\/\/www.iceagetv.com\/radiosite\/wp-json\/wp\/v2\/posts"}],"about":[{"href":"https:\/\/www.iceagetv.com\/radiosite\/wp-json\/wp\/v2\/types\/post"}],"author":[{"embeddable":true,"href":"https:\/\/www.iceagetv.com\/radiosite\/wp-json\/wp\/v2\/users\/2"}],"replies":[{"embeddable":true,"href":"https:\/\/www.iceagetv.com\/radiosite\/wp-json\/wp\/v2\/comments?post=24383"}],"version-history":[{"count":1,"href":"https:\/\/www.iceagetv.com\/radiosite\/wp-json\/wp\/v2\/posts\/24383\/revisions"}],"predecessor-version":[{"id":24385,"href":"https:\/\/www.iceagetv.com\/radiosite\/wp-json\/wp\/v2\/posts\/24383\/revisions\/24385"}],"wp:featuredmedia":[{"embeddable":true,"href":"https:\/\/www.iceagetv.com\/radiosite\/wp-json\/wp\/v2\/media\/24384"}],"wp:attachment":[{"href":"https:\/\/www.iceagetv.com\/radiosite\/wp-json\/wp\/v2\/media?parent=24383"}],"wp:term":[{"taxonomy":"category","embeddable":true,"href":"https:\/\/www.iceagetv.com\/radiosite\/wp-json\/wp\/v2\/categories?post=24383"},{"taxonomy":"post_tag","embeddable":true,"href":"https:\/\/www.iceagetv.com\/radiosite\/wp-json\/wp\/v2\/tags?post=24383"}],"curies":[{"name":"wp","href":"https:\/\/api.w.org\/{rel}","templated":true}]}}