{"id":24386,"date":"2023-03-29T15:13:25","date_gmt":"2023-03-29T15:13:25","guid":{"rendered":"https:\/\/www.iceagetv.com\/radiosite\/?p=24386"},"modified":"2023-03-29T15:13:25","modified_gmt":"2023-03-29T15:13:25","slug":"le-pape-francois-hospitalise-pour-des-controles-programmes","status":"publish","type":"post","link":"https:\/\/www.iceagetv.com\/radiosite\/le-pape-francois-hospitalise-pour-des-controles-programmes\/","title":{"rendered":"LE PAPE FRAN\u00c7OIS HOSPITALIS\u00c9 POUR DES CONTR\u00d4LES PROGRAMM\u00c9S"},"content":{"rendered":"\n<p>Le Vatican a annonc\u00e9 ce mercredi que le pape de 86 ans \u00e9tait hospitalis\u00e9 pour des examens d\u00e9j\u00e0 programm\u00e9s.<\/p>\n\n\n\n<p>Le pape Fran\u00e7ois, 86 ans, a \u00e9t\u00e9 hospitalis\u00e9 mercredi \u00e0 Rome pour des examens qui avaient d\u00e9j\u00e0 \u00e9t\u00e9 programm\u00e9s en amont, a annonc\u00e9 le Vatican.<\/p>\n\n\n\n<blockquote class=\"wp-block-quote is-layout-flow wp-block-quote-is-layout-flow\">\n<p>\u00ab\u00a0Le Saint-P\u00e8re se trouve \u00e0 (l&rsquo;h\u00f4pital) Gemelli depuis cet apr\u00e8s-midi pour des contr\u00f4les pr\u00e9c\u00e9demment programm\u00e9s\u00a0\u00bb, a annonc\u00e9 dans un communiqu\u00e9 le directeur du service de presse du Saint-Si\u00e8ge, Matteo Bruni.<\/p>\n<\/blockquote>\n\n\n\n<p>Le j\u00e9suite argentin, qui a marqu\u00e9 mi-mars ses 10 ans de pontificat, a particip\u00e9 dans la matin\u00e9e \u00e0 l&rsquo;audience g\u00e9n\u00e9rale hebdomadaire place Saint-Pierre comme chaque mercredi, lors de laquelle il est apparu souriant, saluant les fid\u00e8les \u00e0 bord de sa \u00ab\u00a0papamobile\u00a0\u00bb.<\/p>\n\n\n\n<p>Jorge Bergoglio a expliqu\u00e9 avoir gard\u00e9 des \u00ab\u00a0s\u00e9quelles\u00a0\u00bb de l&rsquo;anesth\u00e9sie subie lors de cette intervention, qui l&rsquo;ont pouss\u00e9 \u00e0 \u00e9carter jusqu&rsquo;ici la possibilit\u00e9 d&rsquo;une intervention chirurgicale au genou.<\/p>\n\n\n\n<h2 class=\"wp-block-heading\">Des sp\u00e9culations autour d&rsquo;une d\u00e9mission<\/h2>\n\n\n\n<p>Ses douleurs au genou, qui l&rsquo;ont notamment pouss\u00e9 \u00e0 annuler plusieurs rendez-vous en 2022 et \u00e0 reporter un voyage en Afrique, sont au coeur de sp\u00e9culations autour d&rsquo;une \u00e9ventuelle d\u00e9mission.<\/p>\n\n\n\n<p>Il a toujours laiss\u00e9 la porte ouverte \u00e0 ce sc\u00e9nario \u00e0 l&rsquo;image de&nbsp;<a href=\"https:\/\/www.bfmtv.com\/societe\/religions\/mort-du-pape-benoit-xvi_DN-202301010055.html\">son pr\u00e9d\u00e9cesseur Beno\u00eet XVI<\/a>, qui avait renonc\u00e9 \u00e0 sa charge, prenant le monde entier par surprise.<\/p>\n\n\n\n<p>En juillet, Fran\u00e7ois avait confi\u00e9 qu&rsquo;il ne pourrait \u00ab\u00a0plus voyager\u00a0\u00bb au m\u00eame rythme qu&rsquo;auparavant, \u00e9voquant m\u00eame la possibilit\u00e9 de se \u00ab\u00a0mettre de c\u00f4t\u00e9\u00a0\u00bb.<\/p>\n\n\n\n<p>Mais en f\u00e9vrier, il a toutefois estim\u00e9 que la renonciation d&rsquo;un pape ne devait \u00ab\u00a0pas devenir une mode\u00a0\u00bb, assurant que cette optique n&rsquo;\u00e9tait \u00ab\u00a0pas sur son agenda pour le moment\u00a0\u00bb.<\/p>\n\n\n\n<p>Des soignants le suivent en permanence, au Vatican comme lors de ses d\u00e9placements \u00e0 l&rsquo;\u00e9tranger, mais ses r\u00e9cents probl\u00e8mes de sant\u00e9 l&rsquo;ont conduit \u00e0 cr\u00e9er officiellement une nouvelle fonction, celle d'\u00a0\u00bbassistant de sant\u00e9 personnel\u00a0\u00bb pour laquelle il a d\u00e9sign\u00e9 un infirmer de Gemelli.<\/p>\n\n\n\n<h2 class=\"wp-block-heading\">De nombreux probl\u00e8mes de sant\u00e9<\/h2>\n\n\n\n<p>\u00c0 l&rsquo;\u00e2ge de 21 ans, Fran\u00e7ois est pass\u00e9 pr\u00e8s de la mort \u00e0 cause d&rsquo;une pleur\u00e9sie, selon son biographe Austen Ivereigh, et une partie d&rsquo;un de ses poumons a d\u00fb lui \u00eatre retir\u00e9e en octobre 1957.<\/p>\n\n\n\n<p>Dans un livre r\u00e9cemment publi\u00e9, il s&rsquo;est rem\u00e9mor\u00e9 cet \u00e9pisode: \u00ab\u00a0Je comprends ce que peuvent ressentir les gens atteints du coronavirus qui doivent lutter pour respirer \u00e0 travers des respirateurs artificiels\u00a0\u00bb.<\/p>\n\n\n\n<p>Il a aussi \u00e9voqu\u00e9 une op\u00e9ration pour \u00f4ter des kystes \u00e0 son poumon droit dans une interview avec le journaliste et m\u00e9decin argentin renomm\u00e9 Nelson Castro, soulignant qu&rsquo;il s&rsquo;\u00e9tait \u00ab\u00a0compl\u00e8tement remis\u00a0\u00bb et ne s&rsquo;\u00e9tait \u00ab\u00a0jamais senti limit\u00e9 depuis lors\u00a0\u00bb.<\/p>\n\n\n\n<p>Lorsqu&rsquo;il \u00e9tait archev\u00eaque de Buenos Aires, il a \u00e9t\u00e9 suivi par un acuponcteur chinois pour ses douleurs au dos, a aussi \u00e9crit en mai son biographe dans les colonnes de The Tablet Catholic.<\/p>\n\n\n\n<p>Il a aussi souffert de \u00ab\u00a0calculs biliaires\u00a0\u00bb et a eu en 2004 un probl\u00e8me de coeur \u00ab\u00a0temporaire\u00a0\u00bb d\u00fb \u00e0 un l\u00e9ger r\u00e9tr\u00e9cissement d&rsquo;une art\u00e8re, selon son biographe.<\/p>\n","protected":false},"excerpt":{"rendered":"<p>Le Vatican a annonc\u00e9 ce mercredi que le pape de 86 ans \u00e9tait hospitalis\u00e9 pour des examens d\u00e9j\u00e0 programm\u00e9s. Le pape Fran\u00e7ois, 86 ans, a \u00e9t\u00e9 hospitalis\u00e9 mercredi \u00e0 Rome pour des examens qui avaient d\u00e9j\u00e0 \u00e9t\u00e9 programm\u00e9s en amont, a annonc\u00e9 le Vatican. \u00ab\u00a0Le Saint-P\u00e8re se trouve \u00e0 (l&rsquo;h\u00f4pital) Gemelli depuis cet apr\u00e8s-midi pour [&hellip;]<\/p>\n","protected":false},"author":2,"featured_media":24387,"comment_status":"open","ping_status":"open","sticky":false,"template":"","format":"standard","meta":{"_jetpack_memberships_contains_paid_content":false,"footnotes":"","jetpack_publicize_message":"","jetpack_publicize_feature_enabled":true,"jetpack_social_post_already_shared":true,"jetpack_social_options":{"image_generator_settings":{"template":"highway","default_image_id":0,"font":"","enabled":false},"version":2},"_wpas_customize_per_network":false},"categories":[405],"tags":[],"class_list":["post-24386","post","type-post","status-publish","format-standard","has-post-thumbnail","hentry","category-actu-france-monde"],"jetpack_publicize_connections":[],"jetpack_featured_media_url":"https:\/\/i0.wp.com\/www.iceagetv.com\/radiosite\/wp-content\/uploads\/2023\/03\/LE-PAPE-FRANCOIS-HOSPITALISE-POUR-DES-CONTROLES-PROGRAMMES.jpg?fit=680%2C383&ssl=1","jetpack_sharing_enabled":true,"_links":{"self":[{"href":"https:\/\/www.iceagetv.com\/radiosite\/wp-json\/wp\/v2\/posts\/24386","targetHints":{"allow":["GET"]}}],"collection":[{"href":"https:\/\/www.iceagetv.com\/radiosite\/wp-json\/wp\/v2\/posts"}],"about":[{"href":"https:\/\/www.iceagetv.com\/radiosite\/wp-json\/wp\/v2\/types\/post"}],"author":[{"embeddable":true,"href":"https:\/\/www.iceagetv.com\/radiosite\/wp-json\/wp\/v2\/users\/2"}],"replies":[{"embeddable":true,"href":"https:\/\/www.iceagetv.com\/radiosite\/wp-json\/wp\/v2\/comments?post=24386"}],"version-history":[{"count":1,"href":"https:\/\/www.iceagetv.com\/radiosite\/wp-json\/wp\/v2\/posts\/24386\/revisions"}],"predecessor-version":[{"id":24388,"href":"https:\/\/www.iceagetv.com\/radiosite\/wp-json\/wp\/v2\/posts\/24386\/revisions\/24388"}],"wp:featuredmedia":[{"embeddable":true,"href":"https:\/\/www.iceagetv.com\/radiosite\/wp-json\/wp\/v2\/media\/24387"}],"wp:attachment":[{"href":"https:\/\/www.iceagetv.com\/radiosite\/wp-json\/wp\/v2\/media?parent=24386"}],"wp:term":[{"taxonomy":"category","embeddable":true,"href":"https:\/\/www.iceagetv.com\/radiosite\/wp-json\/wp\/v2\/categories?post=24386"},{"taxonomy":"post_tag","embeddable":true,"href":"https:\/\/www.iceagetv.com\/radiosite\/wp-json\/wp\/v2\/tags?post=24386"}],"curies":[{"name":"wp","href":"https:\/\/api.w.org\/{rel}","templated":true}]}}