{"id":24396,"date":"2023-03-30T15:57:26","date_gmt":"2023-03-30T15:57:26","guid":{"rendered":"https:\/\/www.iceagetv.com\/radiosite\/?p=24396"},"modified":"2023-03-30T15:57:26","modified_gmt":"2023-03-30T15:57:26","slug":"covid-19-la-haute-autorite-de-sante-preconise-la-fin-de-lobligation-vaccinale-pour-les-professionnels-de-sante-le-gouvernement-annonce-quil-suivra-cet-avis","status":"publish","type":"post","link":"https:\/\/www.iceagetv.com\/radiosite\/covid-19-la-haute-autorite-de-sante-preconise-la-fin-de-lobligation-vaccinale-pour-les-professionnels-de-sante-le-gouvernement-annonce-quil-suivra-cet-avis\/","title":{"rendered":"Covid 19 : La Haute Autorit\u00e9 de sant\u00e9 pr\u00e9conise la fin de l&rsquo;obligation vaccinale pour les professionnels de sant\u00e9 &#8211; Le gouvernement annonce qu&rsquo;il suivra cet avis"},"content":{"rendered":"\n<p>Saisie \u00e0 l&rsquo;automne par le ministre et par l&rsquo;Assembl\u00e9e nationale, la HAS assure que sa \u00abpr\u00e9conisation de lever l&rsquo;obligation de vaccination\u00bb contre le Covid \u00abne constitue en rien une remise en question de ses pr\u00e9c\u00e9dents avis\u00bb.<\/p>\n\n\n\n<p>Elle souligne au passage que \u00abla lev\u00e9e d&rsquo;une obligation vaccinale pour les professionnels ne remet pas en question l&rsquo;int\u00e9r\u00eat de cette vaccination\u00bb. Son avis sonne n\u00e9anmoins le glas d&rsquo;une mesure controvers\u00e9e, impos\u00e9e en pleine crise sanitaire \u00e0 2,7 millions de personnes: soignants mais aussi personnels des h\u00f4pitaux et des maisons de retraite, ambulanciers, aides \u00e0 domicile ou encore pompiers. Depuis septembre 2021, ces professionnels doivent attester d&rsquo;un sch\u00e9ma vaccinal complet (deux, puis trois doses), sous peine d&rsquo;\u00eatre suspendus, sans r\u00e9mun\u00e9ration.<\/p>\n\n\n\n<p>Une minorit\u00e9 de r\u00e9fractaires \u00e9tait encore dans ce cas mi-mars&nbsp;: \u00abautour de 0,3% des agents\u00bb hospitaliers d&rsquo;apr\u00e8s le minist\u00e8re, moins de 2000 chez les lib\u00e9raux selon l&rsquo;Assurance maladie. La question de leur r\u00e9int\u00e9gration est cependant devenue un cheval de bataille politique, notamment pour La France insoumise et le Rassemblement national.<\/p>\n\n\n\n<p>Au-del\u00e0 de ce dossier sensible, la HAS a pass\u00e9 en revue d&rsquo;autres vaccinations obligatoires pour les soignants. Avec des conclusions contrast\u00e9es. Elle sugg\u00e8re ainsi de lever l&rsquo;obligation concernant la dipht\u00e9rie, le t\u00e9tanos et la poliomy\u00e9lite, sauf \u00e0 Mayotte. En revanche, elle conseille de maintenir celle contre l&rsquo;h\u00e9patite B et m\u00eame de l&rsquo;\u00e9tendre aux soignants lib\u00e9raux \u00absusceptibles d&rsquo;\u00eatre expos\u00e9s \u00e0 un risque de contamination\u00bb.<\/p>\n\n\n\n<p>Le ministre de la Sant\u00e9, Fran\u00e7ois Braun, a annonc\u00e9 qu&rsquo;il suivra l&rsquo;avis de la HAS et qu&rsquo;un&nbsp;\u00ab\u00a0d\u00e9cret sera pris\u00a0\u00bb&nbsp;\u00e0 cette fin, apr\u00e8s concertation avec les f\u00e9d\u00e9rations hospitali\u00e8res et les ordres des professions de sant\u00e9. Toutefois, aucune date n&rsquo;a encore \u00e9t\u00e9 pr\u00e9cis\u00e9e.<\/p>\n\n\n\n<p>La Haute autorit\u00e9 de sant\u00e9 (HAS) recommande de\u00a0\u00ab\u00a0lever l&rsquo;obligation de vaccination\u00a0\u00bb\u00a0contre le Covid en vigueur depuis 18 mois pour les soignants et les autres professionnels concern\u00e9s, dans un avis rendu public.<\/p>\n\n\n\n<p>La HAS pr\u00e9conise d\u00e9sormais que \u00ab\u00a0la vaccination contre le Covid-19 soit fortement recommand\u00e9e (&#8230;) pour les \u00e9tudiants et professionnels des secteurs sanitaire et m\u00e9dicosocial\u00a0\u00bb, dans les recommandations publi\u00e9es \u00e0 la suite d&rsquo;une saisine de la Direction g\u00e9n\u00e9rale de la Sant\u00e9.<\/p>\n","protected":false},"excerpt":{"rendered":"<p>Saisie \u00e0 l&rsquo;automne par le ministre et par l&rsquo;Assembl\u00e9e nationale, la HAS assure que sa \u00abpr\u00e9conisation de lever l&rsquo;obligation de vaccination\u00bb contre le Covid \u00abne constitue en rien une remise en question de ses pr\u00e9c\u00e9dents avis\u00bb. Elle souligne au passage que \u00abla lev\u00e9e d&rsquo;une obligation vaccinale pour les professionnels ne remet pas en question l&rsquo;int\u00e9r\u00eat [&hellip;]<\/p>\n","protected":false},"author":2,"featured_media":24397,"comment_status":"open","ping_status":"open","sticky":false,"template":"","format":"standard","meta":{"_jetpack_memberships_contains_paid_content":false,"footnotes":"","jetpack_publicize_message":"","jetpack_publicize_feature_enabled":true,"jetpack_social_post_already_shared":true,"jetpack_social_options":{"image_generator_settings":{"template":"highway","default_image_id":0,"font":"","enabled":false},"version":2},"_wpas_customize_per_network":false},"categories":[405],"tags":[],"class_list":["post-24396","post","type-post","status-publish","format-standard","has-post-thumbnail","hentry","category-actu-france-monde"],"jetpack_publicize_connections":[],"jetpack_featured_media_url":"https:\/\/i0.wp.com\/www.iceagetv.com\/radiosite\/wp-content\/uploads\/2023\/03\/Covid-19-La-Haute-Autorite-de-sante-preconise-la-fin-de-lobligation-vaccinale-pour-les-professionnels-de-sante.jpg?fit=679%2C293&ssl=1","jetpack_sharing_enabled":true,"_links":{"self":[{"href":"https:\/\/www.iceagetv.com\/radiosite\/wp-json\/wp\/v2\/posts\/24396","targetHints":{"allow":["GET"]}}],"collection":[{"href":"https:\/\/www.iceagetv.com\/radiosite\/wp-json\/wp\/v2\/posts"}],"about":[{"href":"https:\/\/www.iceagetv.com\/radiosite\/wp-json\/wp\/v2\/types\/post"}],"author":[{"embeddable":true,"href":"https:\/\/www.iceagetv.com\/radiosite\/wp-json\/wp\/v2\/users\/2"}],"replies":[{"embeddable":true,"href":"https:\/\/www.iceagetv.com\/radiosite\/wp-json\/wp\/v2\/comments?post=24396"}],"version-history":[{"count":1,"href":"https:\/\/www.iceagetv.com\/radiosite\/wp-json\/wp\/v2\/posts\/24396\/revisions"}],"predecessor-version":[{"id":24398,"href":"https:\/\/www.iceagetv.com\/radiosite\/wp-json\/wp\/v2\/posts\/24396\/revisions\/24398"}],"wp:featuredmedia":[{"embeddable":true,"href":"https:\/\/www.iceagetv.com\/radiosite\/wp-json\/wp\/v2\/media\/24397"}],"wp:attachment":[{"href":"https:\/\/www.iceagetv.com\/radiosite\/wp-json\/wp\/v2\/media?parent=24396"}],"wp:term":[{"taxonomy":"category","embeddable":true,"href":"https:\/\/www.iceagetv.com\/radiosite\/wp-json\/wp\/v2\/categories?post=24396"},{"taxonomy":"post_tag","embeddable":true,"href":"https:\/\/www.iceagetv.com\/radiosite\/wp-json\/wp\/v2\/tags?post=24396"}],"curies":[{"name":"wp","href":"https:\/\/api.w.org\/{rel}","templated":true}]}}