{"id":24399,"date":"2023-03-30T18:40:10","date_gmt":"2023-03-30T18:40:10","guid":{"rendered":"https:\/\/www.iceagetv.com\/radiosite\/?p=24399"},"modified":"2023-03-30T18:40:10","modified_gmt":"2023-03-30T18:40:10","slug":"le-pape-francois-hospitalise-depuis-hier-a-rome-recoit-un-traitement-antibiotique-pour-une-bronchite-infectieuse-qui-a-permis-une-nette-amelioration-de-son-etat-de-sante","status":"publish","type":"post","link":"https:\/\/www.iceagetv.com\/radiosite\/le-pape-francois-hospitalise-depuis-hier-a-rome-recoit-un-traitement-antibiotique-pour-une-bronchite-infectieuse-qui-a-permis-une-nette-amelioration-de-son-etat-de-sante\/","title":{"rendered":"Le pape Fran\u00e7ois, hospitalis\u00e9 depuis hier \u00e0 Rome, re\u00e7oit un traitement antibiotique pour une \u00ab\u00a0bronchite infectieuse\u00a0\u00bb qui a permis une \u00ab\u00a0nette am\u00e9lioration\u00a0\u00bb de son \u00e9tat de sant\u00e9"},"content":{"rendered":"\n<p><strong>Le pape Fran\u00e7ois, hospitalis\u00e9 depuis hier \u00e0 Rome, re\u00e7oit un traitement antibiotique pour une \u00ab\u00a0bronchite infectieuse\u00a0\u00bb qui a permis une \u00ab\u00a0nette am\u00e9lioration\u00a0\u00bb de son \u00e9tat de sant\u00e9, a indiqu\u00e9 jeudi l&rsquo;\u00e9quipe m\u00e9dicale de l&rsquo;h\u00f4pital Gemelli<\/strong>. Le pape argentin de 86 ans b\u00e9n\u00e9ficie d&rsquo;un \u00ab\u00a0traitement antibiotique par perfusion qui a produit les effets escompt\u00e9s\u00a0\u00bb, a indiqu\u00e9 le personnel m\u00e9dical dans un communiqu\u00e9 transmis par le Vatican, pr\u00e9cisant qu&rsquo;il pourrait sortir de l&rsquo;h\u00f4pital \u00ab\u00a0dans les prochains jours\u00a0\u00bb.<\/p>\n\n\n\n<p><strong>Le pape Fran\u00e7ois, hospitalis\u00e9 depuis mercredi \u00e0 Rome pour une infection respiratoire, va mieux et \u00ab\u00a0a repris le travail\u00a0\u00bb, a annonc\u00e9 jeudi le Vatican, apaisant les inqui\u00e9tudes sur la sant\u00e9 du chef de l&rsquo;Eglise catholique.<\/strong><\/p>\n\n\n\n<p>L&rsquo;\u00e9tat de sant\u00e9 du pape de 86 ans \u00ab\u00a0s&rsquo;am\u00e9liore progressivement et les traitement pr\u00e9vus se poursuivent. Ce matin apr\u00e8s le petit d\u00e9jeuner, il a lu quelques journaux et a repris le travail\u00a0\u00bb, a indiqu\u00e9 dans un communiqu\u00e9 le porte-parole du Saint-Si\u00e8ge, Matteo Bruni. Le j\u00e9suite argentin, qui souffre de probl\u00e8mes de sant\u00e9 chroniques et se d\u00e9place en chaise roulante en raison de douleurs au genou, s&rsquo;est aussi recueilli dans la chapelle de l&rsquo;appartement priv\u00e9 qu&rsquo;il occupe au 10e \u00e9tage de l&rsquo;h\u00f4pital universitaire Gemelli.<\/p>\n\n\n\n<p>Ces nouvelles rassurantes interviennent sur fond d&rsquo;inqui\u00e9tudes apr\u00e8s les informations contradictoires distill\u00e9es mercredi par le Vatican sur le r\u00e9el \u00e9tat de sant\u00e9 du pape, qui faisait jeudi les titres de la presse internationale. \u00ab\u00a0Pape Fran\u00e7ois: la grande peur\u00a0\u00bb, titrait ainsi le quotidien turinois La Stampa sur son site internet.<\/p>\n\n\n\n<p>Apr\u00e8s avoir \u00e9voqu\u00e9 des \u00ab\u00a0examens programm\u00e9s\u00a0\u00bb, le porte-parole du Vatican avait finalement annonc\u00e9 mercredi soir qu&rsquo;il souffrait d&rsquo;une \u00ab\u00a0infection respiratoire\u00a0\u00bb sans lien avec le Covid-19. Le pape, qui avait \u00e9prouv\u00e9 des difficult\u00e9s \u00e0 respirer ces derniers jours, doit suivre un traitement pendant \u00ab\u00a0quelques jours\u00a0\u00bb.<\/p>\n","protected":false},"excerpt":{"rendered":"<p>Le pape Fran\u00e7ois, hospitalis\u00e9 depuis hier \u00e0 Rome, re\u00e7oit un traitement antibiotique pour une \u00ab\u00a0bronchite infectieuse\u00a0\u00bb qui a permis une \u00ab\u00a0nette am\u00e9lioration\u00a0\u00bb de son \u00e9tat de sant\u00e9, a indiqu\u00e9 jeudi l&rsquo;\u00e9quipe m\u00e9dicale de l&rsquo;h\u00f4pital Gemelli. Le pape argentin de 86 ans b\u00e9n\u00e9ficie d&rsquo;un \u00ab\u00a0traitement antibiotique par perfusion qui a produit les effets escompt\u00e9s\u00a0\u00bb, a indiqu\u00e9 [&hellip;]<\/p>\n","protected":false},"author":2,"featured_media":24400,"comment_status":"open","ping_status":"open","sticky":false,"template":"","format":"standard","meta":{"_jetpack_memberships_contains_paid_content":false,"footnotes":"","jetpack_publicize_message":"","jetpack_publicize_feature_enabled":true,"jetpack_social_post_already_shared":true,"jetpack_social_options":{"image_generator_settings":{"template":"highway","default_image_id":0,"font":"","enabled":false},"version":2},"_wpas_customize_per_network":false},"categories":[405],"tags":[],"class_list":["post-24399","post","type-post","status-publish","format-standard","has-post-thumbnail","hentry","category-actu-france-monde"],"jetpack_publicize_connections":[],"jetpack_featured_media_url":"https:\/\/i0.wp.com\/www.iceagetv.com\/radiosite\/wp-content\/uploads\/2023\/03\/Le-pape-Francois.jpg?fit=679%2C293&ssl=1","jetpack_sharing_enabled":true,"_links":{"self":[{"href":"https:\/\/www.iceagetv.com\/radiosite\/wp-json\/wp\/v2\/posts\/24399","targetHints":{"allow":["GET"]}}],"collection":[{"href":"https:\/\/www.iceagetv.com\/radiosite\/wp-json\/wp\/v2\/posts"}],"about":[{"href":"https:\/\/www.iceagetv.com\/radiosite\/wp-json\/wp\/v2\/types\/post"}],"author":[{"embeddable":true,"href":"https:\/\/www.iceagetv.com\/radiosite\/wp-json\/wp\/v2\/users\/2"}],"replies":[{"embeddable":true,"href":"https:\/\/www.iceagetv.com\/radiosite\/wp-json\/wp\/v2\/comments?post=24399"}],"version-history":[{"count":1,"href":"https:\/\/www.iceagetv.com\/radiosite\/wp-json\/wp\/v2\/posts\/24399\/revisions"}],"predecessor-version":[{"id":24401,"href":"https:\/\/www.iceagetv.com\/radiosite\/wp-json\/wp\/v2\/posts\/24399\/revisions\/24401"}],"wp:featuredmedia":[{"embeddable":true,"href":"https:\/\/www.iceagetv.com\/radiosite\/wp-json\/wp\/v2\/media\/24400"}],"wp:attachment":[{"href":"https:\/\/www.iceagetv.com\/radiosite\/wp-json\/wp\/v2\/media?parent=24399"}],"wp:term":[{"taxonomy":"category","embeddable":true,"href":"https:\/\/www.iceagetv.com\/radiosite\/wp-json\/wp\/v2\/categories?post=24399"},{"taxonomy":"post_tag","embeddable":true,"href":"https:\/\/www.iceagetv.com\/radiosite\/wp-json\/wp\/v2\/tags?post=24399"}],"curies":[{"name":"wp","href":"https:\/\/api.w.org\/{rel}","templated":true}]}}