{"id":24413,"date":"2023-03-31T15:39:35","date_gmt":"2023-03-31T15:39:35","guid":{"rendered":"https:\/\/www.iceagetv.com\/radiosite\/?p=24413"},"modified":"2023-03-31T15:39:35","modified_gmt":"2023-03-31T15:39:35","slug":"tempete-mathis-un-mort-dans-les-vosges-des-tornades-dans-lindre-et-dans-la-vienne-5-500-foyers-prives-delectricite-en-bretagne","status":"publish","type":"post","link":"https:\/\/www.iceagetv.com\/radiosite\/tempete-mathis-un-mort-dans-les-vosges-des-tornades-dans-lindre-et-dans-la-vienne-5-500-foyers-prives-delectricite-en-bretagne\/","title":{"rendered":"Temp\u00eate Mathis : un mort dans les Vosges, des \u00ab\u00a0tornades\u00a0\u00bb dans l&rsquo;Indre et dans la Vienne, 5\u00a0500\u00a0foyers priv\u00e9s d&rsquo;\u00e9lectricit\u00e9 en Bretagne"},"content":{"rendered":"\n<p>Drame en raison de la&nbsp;<a href=\"https:\/\/www.francetvinfo.fr\/meteo\/inondations\/intemperies-la-france-balayee-par-la-tempete-mathis_5744156.html\">temp\u00eate Mathis<\/a>. Un homme de 19 ans est mort apr\u00e8s la chute d&rsquo;un arbre sur une aire de repos, vendredi 31 mars, \u00e0 Senones (Vosges), cons\u00e9quence des \u00ab\u00a0vents violents\u00a0\u00bb provoqu\u00e9s par la temp\u00eate qui a entra\u00een\u00e9 le classement en vigilance jaune ou orange de 80 d\u00e9partements fran\u00e7ais.&nbsp;<a href=\"https:\/\/www.francetvinfo.fr\/meteo\/inondations\/meteo-la-manche-et-le-pas-de-calais-places-en-vigilance-orange-pour-des-risques-de-vents-violents-vendredi_5741456.html\">Le Pas-de-Calais et la Manche ont \u00e9t\u00e9 class\u00e9s, jusqu&rsquo;\u00e0 vendredi soir \u00e0 minuit, en vigilance orange<\/a>, avec des rafales pouvant aller&nbsp;<em>\u00ab\u00a0jusqu&rsquo;\u00e0 110 km\/h, voire 120&nbsp;km\/h sur la c\u00f4te\u00a0\u00bb<\/em>.<\/p>\n\n\n\n<p>La victime se promenait sur une aire de repos \u00e0 proximit\u00e9 de son v\u00e9hicule lorsqu&rsquo;elle a \u00e9t\u00e9 touch\u00e9e par la chute d&rsquo;un arbre, ont expliqu\u00e9 \u00e0 l&rsquo;AFP les pompiers de Senones, confirmant une information du quotidien\u00a0<em><a rel=\"noreferrer noopener\" href=\"https:\/\/www.ladepeche.fr\/2023\/03\/31\/tempete-mathis-un-homme-de-19-ans-meurt-apres-une-chute-darbre-dans-les-vosges-11102868.php\" target=\"_blank\">Vosges Matin<\/a><\/em>. D\u00e9p\u00each\u00e9s sur place, les pompiers et les services du Samu Lorraine ont tent\u00e9 de r\u00e9animer le jeune homme, en vain. Un h\u00e9licopt\u00e8re a \u00e9galement \u00e9t\u00e9 mobilis\u00e9, mais le corps a finalement \u00e9t\u00e9 pris en charge par les services fun\u00e9raires.\u00a0<\/p>\n\n\n\n<h2 class=\"wp-block-heading\">Des milliers de foyers priv\u00e9s d&rsquo;\u00e9lectricit\u00e9 en Bretagne et en Dordogne<\/h2>\n\n\n\n<p>La temp\u00eate Mathis a aussi caus\u00e9 d&rsquo;autres d\u00e9gradations sur le territoire. La mairie de Buzan\u00e7ais (Indre) a fait \u00e9tat d&rsquo;une \u00ab\u00a0tornade\u00a0\u00bb. Les pompiers sont intervenus 55 fois sur la commune pour des chutes d&rsquo;arbres, de chemin\u00e9es et des toitures arrach\u00e9es. Une \u00e9cole a aussi \u00e9t\u00e9 touch\u00e9e, mais aucun bless\u00e9 n&rsquo;est \u00e0 d\u00e9plorer. Dans la Vienne, une autre tornade a provoqu\u00e9 des d\u00e9g\u00e2ts sans faire de bless\u00e9s dans le village de Saint-Jean-de-Sauve, selon la pr\u00e9fecture. Quelques maisons ont perdu leur toiture, un Ehpad et le pr\u00e9au d&rsquo;une \u00e9cole ont aussi \u00e9t\u00e9 touch\u00e9s.<\/p>\n\n\n\n<p>La Bretagne n&rsquo;a pas \u00e9t\u00e9 \u00e9pargn\u00e9e par ces orages et vents violents : 5 500 foyers bretons \u00e9taient toujours priv\u00e9s d&rsquo;\u00e9lectricit\u00e9 \u00e0 15 heures, a annonc\u00e9 Enedis sur Twitter, dont 2&nbsp;000 dans le Finist\u00e8re et les C\u00f4tes-d&rsquo;Armor et 1 500 dans le Morbihan.&nbsp;Par ailleurs, en Dordogne, 700&nbsp;foyers sont priv\u00e9s d&rsquo;\u00e9lectricit\u00e9 dans le nord du d\u00e9partement , rapporte&nbsp;<a href=\"https:\/\/www.francebleu.fr\/infos\/meteo\/tempete-mathis-700-foyers-prives-d-electricite-en-dordogne-a-cause-des-fortes-rafales-de-vent-meteo-5671894\" target=\"_blank\" rel=\"noreferrer noopener\">France Bleu P\u00e9rigord<\/a>.<\/p>\n","protected":false},"excerpt":{"rendered":"<p>Drame en raison de la&nbsp;temp\u00eate Mathis. Un homme de 19 ans est mort apr\u00e8s la chute d&rsquo;un arbre sur une aire de repos, vendredi 31 mars, \u00e0 Senones (Vosges), cons\u00e9quence des \u00ab\u00a0vents violents\u00a0\u00bb provoqu\u00e9s par la temp\u00eate qui a entra\u00een\u00e9 le classement en vigilance jaune ou orange de 80 d\u00e9partements fran\u00e7ais.&nbsp;Le Pas-de-Calais et la Manche [&hellip;]<\/p>\n","protected":false},"author":2,"featured_media":24414,"comment_status":"open","ping_status":"open","sticky":false,"template":"","format":"standard","meta":{"_jetpack_memberships_contains_paid_content":false,"footnotes":"","jetpack_publicize_message":"","jetpack_publicize_feature_enabled":true,"jetpack_social_post_already_shared":true,"jetpack_social_options":{"image_generator_settings":{"template":"highway","default_image_id":0,"font":"","enabled":false},"version":2},"_wpas_customize_per_network":false},"categories":[14],"tags":[],"class_list":["post-24413","post","type-post","status-publish","format-standard","has-post-thumbnail","hentry","category-actu-meteo"],"jetpack_publicize_connections":[],"jetpack_featured_media_url":"https:\/\/i0.wp.com\/www.iceagetv.com\/radiosite\/wp-content\/uploads\/2023\/03\/Tempete-Mathis.jpg?fit=680%2C382&ssl=1","jetpack_sharing_enabled":true,"_links":{"self":[{"href":"https:\/\/www.iceagetv.com\/radiosite\/wp-json\/wp\/v2\/posts\/24413","targetHints":{"allow":["GET"]}}],"collection":[{"href":"https:\/\/www.iceagetv.com\/radiosite\/wp-json\/wp\/v2\/posts"}],"about":[{"href":"https:\/\/www.iceagetv.com\/radiosite\/wp-json\/wp\/v2\/types\/post"}],"author":[{"embeddable":true,"href":"https:\/\/www.iceagetv.com\/radiosite\/wp-json\/wp\/v2\/users\/2"}],"replies":[{"embeddable":true,"href":"https:\/\/www.iceagetv.com\/radiosite\/wp-json\/wp\/v2\/comments?post=24413"}],"version-history":[{"count":1,"href":"https:\/\/www.iceagetv.com\/radiosite\/wp-json\/wp\/v2\/posts\/24413\/revisions"}],"predecessor-version":[{"id":24415,"href":"https:\/\/www.iceagetv.com\/radiosite\/wp-json\/wp\/v2\/posts\/24413\/revisions\/24415"}],"wp:featuredmedia":[{"embeddable":true,"href":"https:\/\/www.iceagetv.com\/radiosite\/wp-json\/wp\/v2\/media\/24414"}],"wp:attachment":[{"href":"https:\/\/www.iceagetv.com\/radiosite\/wp-json\/wp\/v2\/media?parent=24413"}],"wp:term":[{"taxonomy":"category","embeddable":true,"href":"https:\/\/www.iceagetv.com\/radiosite\/wp-json\/wp\/v2\/categories?post=24413"},{"taxonomy":"post_tag","embeddable":true,"href":"https:\/\/www.iceagetv.com\/radiosite\/wp-json\/wp\/v2\/tags?post=24413"}],"curies":[{"name":"wp","href":"https:\/\/api.w.org\/{rel}","templated":true}]}}