{"id":24416,"date":"2023-04-01T06:58:17","date_gmt":"2023-04-01T06:58:17","guid":{"rendered":"https:\/\/www.iceagetv.com\/radiosite\/?p=24416"},"modified":"2023-04-01T06:58:17","modified_gmt":"2023-04-01T06:58:17","slug":"jean-luc-melenchon-vise-par-une-enquete-pour-injure-publique-apres-des-propos-tenus-sur-la-brav-m-expliquant-que-ces-policiers-devraient-aller-se-faire-soigner","status":"publish","type":"post","link":"https:\/\/www.iceagetv.com\/radiosite\/jean-luc-melenchon-vise-par-une-enquete-pour-injure-publique-apres-des-propos-tenus-sur-la-brav-m-expliquant-que-ces-policiers-devraient-aller-se-faire-soigner\/","title":{"rendered":"Jean-Luc M\u00e9lenchon vis\u00e9 par une enqu\u00eate pour injure publique apr\u00e8s des propos tenus sur la BRAV-M, expliquant que ces policiers \u00ab\u00a0devraient aller se faire soigner\u00a0\u00bb"},"content":{"rendered":"\n<p>Le parquet de Paris a ouvert une enqu\u00eate pour \u00abinjure publique envers personne d\u00e9positaire de l&rsquo;autorit\u00e9 publique\u00bb visant Jean-Luc M\u00e9lenchon, apr\u00e8s un signalement du pr\u00e9fet de police de Paris, Laurent Nu\u00f1ez apr\u00e8s des propos tenus sur la BRAV-M, la Brigade de r\u00e9pression de l&rsquo;action violente motoris\u00e9e.<\/p>\n\n\n\n<p>\u00abVous imaginez ce que c&rsquo;est que de dire je suis volontaire pour monter sur une moto et tabasser des gens en passant ? C&rsquo;est manifester un \u00e9tat d&rsquo;esprit qui ne me convient pas et que je trouve anormal\u00bb, avait lanc\u00e9 Jean-Luc M\u00e9lenchon, alors que l&rsquo;unit\u00e9 de police est mise en cause pour ses m\u00e9thodes lors des r\u00e9centes manifestations contre la r\u00e9forme des retraites. \u00abNous enverrons ces jeunes gens se faire soigner\u00bb, avait-il ajout\u00e9 \u00e0 propos des membres de ces unit\u00e9s.&nbsp;<\/p>\n\n\n\n<p>L&rsquo;enqu\u00eate, confi\u00e9e \u00e0 la Brigade de r\u00e9pression de la d\u00e9linquance aux personnes, vise \u00e9galement l&rsquo;avocat Ari\u00e9 Alimi, connu notamment pour d\u00e9fendre des personnes victimes de violences polici\u00e8res. Ses propos avaient \u00e9galement fait l&rsquo;objet d&rsquo;un signalement du pr\u00e9fet de police.<\/p>\n\n\n\n<p>Le 22 mars, l&rsquo;avocat avait d\u00e9clar\u00e9 que les BRAV-M \u00absont un certain type de policiers engag\u00e9s volontaires, qui recherchent la violence, c&rsquo;est comme \u00e7a qu&rsquo;on les s\u00e9lectionne, qui sont lanc\u00e9s dans les rues de Paris avec des matraques et des armes, qui brisent les os et qui font des chasses \u00e0 l&rsquo;homme\u00bb.<\/p>\n\n\n\n<p>Invit\u00e9 de la Matinale de CNEWS ce vendredi, le pr\u00e9fet de police de Paris, Laurent Nu\u00f1ez, a vivement d\u00e9fendu la Brigade : \u00abJe mets au d\u00e9fi quiconque de me d\u00e9montrer que la BRAV-M donne des coups de matraque \u00e0 moto\u00bb. \u00abIls font un travail remarquable, ils sont indispensables. Et dans bien des manifestations, ces BRAV-M ont permis d&rsquo;\u00e9viter des exactions graves\u00bb, a-t-il ajout\u00e9.<\/p>\n","protected":false},"excerpt":{"rendered":"<p>Le parquet de Paris a ouvert une enqu\u00eate pour \u00abinjure publique envers personne d\u00e9positaire de l&rsquo;autorit\u00e9 publique\u00bb visant Jean-Luc M\u00e9lenchon, apr\u00e8s un signalement du pr\u00e9fet de police de Paris, Laurent Nu\u00f1ez apr\u00e8s des propos tenus sur la BRAV-M, la Brigade de r\u00e9pression de l&rsquo;action violente motoris\u00e9e. \u00abVous imaginez ce que c&rsquo;est que de dire je [&hellip;]<\/p>\n","protected":false},"author":2,"featured_media":24417,"comment_status":"open","ping_status":"open","sticky":false,"template":"","format":"standard","meta":{"_jetpack_memberships_contains_paid_content":false,"footnotes":"","jetpack_publicize_message":"","jetpack_publicize_feature_enabled":true,"jetpack_social_post_already_shared":true,"jetpack_social_options":{"image_generator_settings":{"template":"highway","default_image_id":0,"font":"","enabled":false},"version":2},"_wpas_customize_per_network":false},"categories":[405],"tags":[],"class_list":["post-24416","post","type-post","status-publish","format-standard","has-post-thumbnail","hentry","category-actu-france-monde"],"jetpack_publicize_connections":[],"jetpack_featured_media_url":"https:\/\/i0.wp.com\/www.iceagetv.com\/radiosite\/wp-content\/uploads\/2023\/04\/Jean-Luc-Melenchon-vise-par-une-enquete-pour-injure-publique.jpg?fit=679%2C293&ssl=1","jetpack_sharing_enabled":true,"_links":{"self":[{"href":"https:\/\/www.iceagetv.com\/radiosite\/wp-json\/wp\/v2\/posts\/24416","targetHints":{"allow":["GET"]}}],"collection":[{"href":"https:\/\/www.iceagetv.com\/radiosite\/wp-json\/wp\/v2\/posts"}],"about":[{"href":"https:\/\/www.iceagetv.com\/radiosite\/wp-json\/wp\/v2\/types\/post"}],"author":[{"embeddable":true,"href":"https:\/\/www.iceagetv.com\/radiosite\/wp-json\/wp\/v2\/users\/2"}],"replies":[{"embeddable":true,"href":"https:\/\/www.iceagetv.com\/radiosite\/wp-json\/wp\/v2\/comments?post=24416"}],"version-history":[{"count":1,"href":"https:\/\/www.iceagetv.com\/radiosite\/wp-json\/wp\/v2\/posts\/24416\/revisions"}],"predecessor-version":[{"id":24418,"href":"https:\/\/www.iceagetv.com\/radiosite\/wp-json\/wp\/v2\/posts\/24416\/revisions\/24418"}],"wp:featuredmedia":[{"embeddable":true,"href":"https:\/\/www.iceagetv.com\/radiosite\/wp-json\/wp\/v2\/media\/24417"}],"wp:attachment":[{"href":"https:\/\/www.iceagetv.com\/radiosite\/wp-json\/wp\/v2\/media?parent=24416"}],"wp:term":[{"taxonomy":"category","embeddable":true,"href":"https:\/\/www.iceagetv.com\/radiosite\/wp-json\/wp\/v2\/categories?post=24416"},{"taxonomy":"post_tag","embeddable":true,"href":"https:\/\/www.iceagetv.com\/radiosite\/wp-json\/wp\/v2\/tags?post=24416"}],"curies":[{"name":"wp","href":"https:\/\/api.w.org\/{rel}","templated":true}]}}