{"id":24419,"date":"2023-04-01T17:20:42","date_gmt":"2023-04-01T17:20:42","guid":{"rendered":"https:\/\/www.iceagetv.com\/radiosite\/?p=24419"},"modified":"2023-04-01T17:20:42","modified_gmt":"2023-04-01T17:20:42","slug":"linflation-ralentit-mais-les-consommateurs-ne-sont-pas-au-bout-de-leurs-peines-lindice-des-prix-a-la-consommation-sest-etabli-a-56-en-mars-sur-un-an-contre-63-en-fevrier","status":"publish","type":"post","link":"https:\/\/www.iceagetv.com\/radiosite\/linflation-ralentit-mais-les-consommateurs-ne-sont-pas-au-bout-de-leurs-peines-lindice-des-prix-a-la-consommation-sest-etabli-a-56-en-mars-sur-un-an-contre-63-en-fevrier\/","title":{"rendered":"L&rsquo;inflation ralentit mais les consommateurs ne sont pas au bout de leurs peines: l&rsquo;indice des prix \u00e0 la consommation s&rsquo;est \u00e9tabli \u00e0 5,6% en mars sur un an, contre 6,3% en f\u00e9vrier"},"content":{"rendered":"\n<p>L&rsquo;inflation ralentit mais les consommateurs ne sont pas au bout de leurs peines: l&rsquo;indice des prix \u00e0 la consommation s&rsquo;est \u00e9tabli \u00e0 5,6% en mars sur un an, contre 6,3% en f\u00e9vrier, l&rsquo;assagissement des prix de l&rsquo;\u00e9nergie \u00e9tant assombri par la hausse continue du co\u00fbt de l&rsquo;alimentation.<\/p>\n\n\n\n<p>La premi\u00e8re estimation de l&rsquo;indice des prix \u00e0 la consommation pour mars publi\u00e9e vendredi par l&rsquo;Institut national de la statistique et des \u00e9tudes \u00e9conomiques (Insee) est sup\u00e9rieure de 0,1 point aux pr\u00e9visions des analystes du fournisseur de donn\u00e9es financi\u00e8res Factset, mais son ralentissement accentue une tendance d\u00e9j\u00e0 observ\u00e9e ces derniers jours dans d&rsquo;autres grands pays de la zone euro.<\/p>\n\n\n\n<p>Du c\u00f4t\u00e9 des bonnes nouvelles, les prix de l\u2019\u00e9nergie ont progress\u00e9 d\u2019un peu moins de 5%, une hausse nettement moins rapide que celle enregistr\u00e9e en f\u00e9vrier (14,1% sur un an) et six fois moindre que le bond de pr\u00e8s 30% constat\u00e9 entre mars 2021 et mars 2022.<\/p>\n\n\n\n<p>Il y a un an, le d\u00e9clenchement de l\u2019offensive militaire russe en Ukraine avait achev\u00e9 de faire flamber les cours de l\u2019\u00e9lectricit\u00e9 et du gaz, d\u00e9j\u00e0 orient\u00e9s \u00e0 la hausse, et pr\u00e9cipit\u00e9 le retour de taux d\u2019inflation in\u00e9dits depuis les ann\u00e9es 1980.<\/p>\n\n\n\n<p>Autre cons\u00e9quence du conflit, les prix des produits alimentaires ont explos\u00e9 et ont d\u00e9sormais pris le relais de l\u2019\u00e9nergie comme principal moteur de l\u2019inflation en France.<\/p>\n\n\n\n<p>Sur un an, les prix de l\u2019alimentation ont bondi de 15,8% en mars, apr\u00e8s une hausse de 14,8% en f\u00e9vrier, selon une premi\u00e8re estimation de l\u2019Institut national de la statistique et des \u00e9tudes \u00e9conomiques (Insee), qui devra \u00eatre confirm\u00e9e mi-avril.<\/p>\n\n\n\n<p>Dans le d\u00e9tail, les produits frais se sont rench\u00e9ris de 16,6% sur un an (apr\u00e8s 15% en f\u00e9vrier), et les autres produits alimentaires de 15,6% (contre 14,8%).<\/p>\n\n\n\n<p>\u00ab\u00a0Dans les prochains mois, l\u2019inflation alimentaire devrait rester le plus grand contributeur \u00e0 la hausse des prix \u00e0 la consommation en France\u00a0\u00bb, avertit Charlotte de Montpellier, une \u00e9conomiste de la banque ING.<\/p>\n\n\n\n<p>Les distributeurs et les fournisseurs se sont en effet accord\u00e9s, lors de leurs n\u00e9gociations annuelles, sur des hausses de prix de l&rsquo;ordre de 10%, dont l&rsquo;impact sur les prix en rayon devrait \u00eatre \u00ab\u00a0progressif au cours du deuxi\u00e8me trimestre 2023\u00a0\u00bb, selon Charlotte de Montpellier.<\/p>\n\n\n\n<p>Les achats des Fran\u00e7ais s&rsquo;en ressentent: la consommation des m\u00e9nages a recul\u00e9 de 0,8% sur un mois en f\u00e9vrier, selon les donn\u00e9es publi\u00e9es par l\u2019Insee.<\/p>\n\n\n\n<p>Le repli des achats alimentaires a \u00e9t\u00e9 encore plus net (-1,2% sur un mois en f\u00e9vrier, apr\u00e8s une hausse de 0,6% en janvier). \u00ab\u00a0La consommation de produits agricoles diminue, tout comme celle de produits agroalimentaires\u00a0\u00bb, a comment\u00e9 l&rsquo;Insee.<\/p>\n\n\n\n<p>A l&rsquo;inverse, la consommation de tabac a connu un \u00ab\u00a0net rebond\u00a0\u00bb en f\u00e9vrier, son prix n&rsquo;ayant progress\u00e9 que de 0,2% sur un an. La donne pourrait \u00eatre diff\u00e9rente en mars, puisque les prix du tabac ont cette fois bondi de pr\u00e8s de 8% sur un an.<\/p>\n\n\n\n<p>L&rsquo;inflation a en tout cas port\u00e9 un gros coup au moral des Fran\u00e7ais, encore en baisse en mars et proche de son plancher historique selon des donn\u00e9es publi\u00e9es mercredi par l&rsquo;Insee.<\/p>\n\n\n\n<p>Mais la France et l&rsquo;Europe pourraient bient\u00f4t conna\u00eetre des jours meilleurs.<\/p>\n\n\n\n<p>L&rsquo;Allemagne et surtout l&rsquo;Espagne ont d\u00e9voil\u00e9 jeudi des taux d&rsquo;inflation en net ralentissement au mois de mars, en attendant la premi\u00e8re estimation d&rsquo;Eurostat pour l&rsquo;ensemble de la zone euro attendue vendredi en fin de matin\u00e9e.<\/p>\n\n\n\n<p>Les Pays-Bas leur ont embo\u00eet\u00e9 le pas vendredi, en d\u00e9voilant une inflation de 4,4% en mars sur un an, nettement inf\u00e9rieure \u00e0 celle de 8% enregistr\u00e9e en f\u00e9vrier.<\/p>\n\n\n\n<p>Dans une interview \u00e0 l&rsquo;hebdomadaire allemand Die Zeit, le chef \u00e9conomiste de la Banque centrale europ\u00e9enne Philip Lane a pr\u00e9dit mercredi une \u00ab\u00a0baisse rapide de l&rsquo;inflation \u00e0 la fin de cette ann\u00e9e\u00a0\u00bb en zone euro.<\/p>\n","protected":false},"excerpt":{"rendered":"<p>L&rsquo;inflation ralentit mais les consommateurs ne sont pas au bout de leurs peines: l&rsquo;indice des prix \u00e0 la consommation s&rsquo;est \u00e9tabli \u00e0 5,6% en mars sur un an, contre 6,3% en f\u00e9vrier, l&rsquo;assagissement des prix de l&rsquo;\u00e9nergie \u00e9tant assombri par la hausse continue du co\u00fbt de l&rsquo;alimentation. La premi\u00e8re estimation de l&rsquo;indice des prix \u00e0 [&hellip;]<\/p>\n","protected":false},"author":2,"featured_media":24420,"comment_status":"open","ping_status":"open","sticky":false,"template":"","format":"standard","meta":{"_jetpack_memberships_contains_paid_content":false,"footnotes":"","jetpack_publicize_message":"","jetpack_publicize_feature_enabled":true,"jetpack_social_post_already_shared":true,"jetpack_social_options":{"image_generator_settings":{"template":"highway","default_image_id":0,"font":"","enabled":false},"version":2},"_wpas_customize_per_network":false},"categories":[405],"tags":[],"class_list":["post-24419","post","type-post","status-publish","format-standard","has-post-thumbnail","hentry","category-actu-france-monde"],"jetpack_publicize_connections":[],"jetpack_featured_media_url":"https:\/\/i0.wp.com\/www.iceagetv.com\/radiosite\/wp-content\/uploads\/2023\/04\/Linflation-ralentit.jpg?fit=679%2C293&ssl=1","jetpack_sharing_enabled":true,"_links":{"self":[{"href":"https:\/\/www.iceagetv.com\/radiosite\/wp-json\/wp\/v2\/posts\/24419","targetHints":{"allow":["GET"]}}],"collection":[{"href":"https:\/\/www.iceagetv.com\/radiosite\/wp-json\/wp\/v2\/posts"}],"about":[{"href":"https:\/\/www.iceagetv.com\/radiosite\/wp-json\/wp\/v2\/types\/post"}],"author":[{"embeddable":true,"href":"https:\/\/www.iceagetv.com\/radiosite\/wp-json\/wp\/v2\/users\/2"}],"replies":[{"embeddable":true,"href":"https:\/\/www.iceagetv.com\/radiosite\/wp-json\/wp\/v2\/comments?post=24419"}],"version-history":[{"count":1,"href":"https:\/\/www.iceagetv.com\/radiosite\/wp-json\/wp\/v2\/posts\/24419\/revisions"}],"predecessor-version":[{"id":24421,"href":"https:\/\/www.iceagetv.com\/radiosite\/wp-json\/wp\/v2\/posts\/24419\/revisions\/24421"}],"wp:featuredmedia":[{"embeddable":true,"href":"https:\/\/www.iceagetv.com\/radiosite\/wp-json\/wp\/v2\/media\/24420"}],"wp:attachment":[{"href":"https:\/\/www.iceagetv.com\/radiosite\/wp-json\/wp\/v2\/media?parent=24419"}],"wp:term":[{"taxonomy":"category","embeddable":true,"href":"https:\/\/www.iceagetv.com\/radiosite\/wp-json\/wp\/v2\/categories?post=24419"},{"taxonomy":"post_tag","embeddable":true,"href":"https:\/\/www.iceagetv.com\/radiosite\/wp-json\/wp\/v2\/tags?post=24419"}],"curies":[{"name":"wp","href":"https:\/\/api.w.org\/{rel}","templated":true}]}}