{"id":24425,"date":"2023-04-02T09:04:21","date_gmt":"2023-04-02T09:04:21","guid":{"rendered":"https:\/\/www.iceagetv.com\/radiosite\/?p=24425"},"modified":"2023-04-02T09:05:12","modified_gmt":"2023-04-02T09:05:12","slug":"gerald-darmanin-annonce-que-plus-de-1-000-membres-de-forces-de-lordre-et-sapeurs-pompiers-ont-ete-blesses-ces-deux-dernieres-semaines-lors-des-manifestations-contre-la-reforme-des-retraites","status":"publish","type":"post","link":"https:\/\/www.iceagetv.com\/radiosite\/gerald-darmanin-annonce-que-plus-de-1-000-membres-de-forces-de-lordre-et-sapeurs-pompiers-ont-ete-blesses-ces-deux-dernieres-semaines-lors-des-manifestations-contre-la-reforme-des-retraites\/","title":{"rendered":"G\u00e9rald Darmanin annonce que plus de 1.000 membres de forces de l&rsquo;ordre et sapeurs-pompiers ont \u00e9t\u00e9 bless\u00e9s ces deux derni\u00e8res semaines lors des manifestations contre la r\u00e9forme des retraites"},"content":{"rendered":"\n<p>G\u00e9rald Darmanin annonce que plus de 1.000 membres de forces de l&rsquo;ordre et sapeurs-pompiers ont \u00e9t\u00e9 bless\u00e9s ces deux derni\u00e8res semaines lors des manifestations contre la r\u00e9forme des retraites, dans un entretien au Journal du Dimanche.<\/p>\n\n\n\n<p>Au total, a relev\u00e9 le ministre, \u00abdepuis le 16 mars, 1.093 policiers, gendarmes et sapeurs-pompiers ont \u00e9t\u00e9 bless\u00e9s\u00bb. Et il y a eu \u00ab2.579 incendies volontaires et 316 atteintes \u00e0 des b\u00e2timents publics\u00bb, a-t-il ajout\u00e9.<\/p>\n\n\n\n<p>\u00abQuand la violence, les casseurs et l&rsquo;ultragauche s&rsquo;en m\u00ealent, alors il est du devoir des forces de l&rsquo;ordre de dire stop\u00bb, selon G\u00e9rald Darmanin. \u00abJe refuse de c\u00e9der au terrorisme intellectuel de l&rsquo;extr\u00eame gauche qui consiste \u00e0 renverser les valeurs: les casseurs deviendraient les agress\u00e9s et les policiers les agresseurs\u00bb, a-t-il dit.<\/p>\n\n\n\n<p>Le ministre de l&rsquo;int\u00e9rieur a aussi annonc\u00e9 que \u00ab36 enqu\u00eates judiciaires\u00bb avaient \u00e9t\u00e9 ouvertes par l&rsquo;IGPN, \u00abla police des polices\u00bb, et 2 par l&rsquo;IGGN (l&rsquo;\u00e9quivalent pour les gendarmes) depuis le d\u00e9but de la mobilisation. A<\/p>\n\n\n\n<p>lors que les accusations se multiplient contre les \u00abviolences polici\u00e8res\u00bb au cours des manifestations contre la r\u00e9forme des retraites ou les retenues d&rsquo;eau comme \u00e0 Sainte-Soline (Deux-S\u00e8vres), le ministre de l&rsquo;Int\u00e9rieur a assur\u00e9 n&rsquo;avoir \u00abjamais eu la main qui tremble pour ceux qui d\u00e9shonorent leur propre uniforme\u00bb.<\/p>\n\n\n\n<p>Il a rappel\u00e9 qu&rsquo;en 2021, \u00ab111\u00bb policiers et gendarmes avaient \u00e9t\u00e9 sanctionn\u00e9s, et \u00ab101\u00bb en 2020, pour \u00abusage disproportionn\u00e9 de la force\u00bb.<\/p>\n","protected":false},"excerpt":{"rendered":"<p>G\u00e9rald Darmanin annonce que plus de 1.000 membres de forces de l&rsquo;ordre et sapeurs-pompiers ont \u00e9t\u00e9 bless\u00e9s ces deux derni\u00e8res semaines lors des manifestations contre la r\u00e9forme des retraites, dans un entretien au Journal du Dimanche. Au total, a relev\u00e9 le ministre, \u00abdepuis le 16 mars, 1.093 policiers, gendarmes et sapeurs-pompiers ont \u00e9t\u00e9 bless\u00e9s\u00bb. Et [&hellip;]<\/p>\n","protected":false},"author":2,"featured_media":24426,"comment_status":"open","ping_status":"open","sticky":false,"template":"","format":"standard","meta":{"_jetpack_memberships_contains_paid_content":false,"footnotes":"","jetpack_publicize_message":"","jetpack_publicize_feature_enabled":true,"jetpack_social_post_already_shared":true,"jetpack_social_options":{"image_generator_settings":{"template":"highway","default_image_id":0,"font":"","enabled":false},"version":2},"_wpas_customize_per_network":false},"categories":[405],"tags":[],"class_list":["post-24425","post","type-post","status-publish","format-standard","has-post-thumbnail","hentry","category-actu-france-monde"],"jetpack_publicize_connections":[],"jetpack_featured_media_url":"https:\/\/i0.wp.com\/www.iceagetv.com\/radiosite\/wp-content\/uploads\/2023\/04\/HthCFq2w.jpg?fit=679%2C293&ssl=1","jetpack_sharing_enabled":true,"_links":{"self":[{"href":"https:\/\/www.iceagetv.com\/radiosite\/wp-json\/wp\/v2\/posts\/24425","targetHints":{"allow":["GET"]}}],"collection":[{"href":"https:\/\/www.iceagetv.com\/radiosite\/wp-json\/wp\/v2\/posts"}],"about":[{"href":"https:\/\/www.iceagetv.com\/radiosite\/wp-json\/wp\/v2\/types\/post"}],"author":[{"embeddable":true,"href":"https:\/\/www.iceagetv.com\/radiosite\/wp-json\/wp\/v2\/users\/2"}],"replies":[{"embeddable":true,"href":"https:\/\/www.iceagetv.com\/radiosite\/wp-json\/wp\/v2\/comments?post=24425"}],"version-history":[{"count":2,"href":"https:\/\/www.iceagetv.com\/radiosite\/wp-json\/wp\/v2\/posts\/24425\/revisions"}],"predecessor-version":[{"id":24428,"href":"https:\/\/www.iceagetv.com\/radiosite\/wp-json\/wp\/v2\/posts\/24425\/revisions\/24428"}],"wp:featuredmedia":[{"embeddable":true,"href":"https:\/\/www.iceagetv.com\/radiosite\/wp-json\/wp\/v2\/media\/24426"}],"wp:attachment":[{"href":"https:\/\/www.iceagetv.com\/radiosite\/wp-json\/wp\/v2\/media?parent=24425"}],"wp:term":[{"taxonomy":"category","embeddable":true,"href":"https:\/\/www.iceagetv.com\/radiosite\/wp-json\/wp\/v2\/categories?post=24425"},{"taxonomy":"post_tag","embeddable":true,"href":"https:\/\/www.iceagetv.com\/radiosite\/wp-json\/wp\/v2\/tags?post=24425"}],"curies":[{"name":"wp","href":"https:\/\/api.w.org\/{rel}","templated":true}]}}