{"id":24433,"date":"2023-04-03T16:49:02","date_gmt":"2023-04-03T16:49:02","guid":{"rendered":"https:\/\/www.iceagetv.com\/radiosite\/?p=24433"},"modified":"2023-04-03T16:49:02","modified_gmt":"2023-04-03T16:49:02","slug":"euthanasie-suicide-assiste-clause-de-conscience-les-mots-pour-comprendre-le-debat-sur-la-fin-de-vie","status":"publish","type":"post","link":"https:\/\/www.iceagetv.com\/radiosite\/euthanasie-suicide-assiste-clause-de-conscience-les-mots-pour-comprendre-le-debat-sur-la-fin-de-vie\/","title":{"rendered":"Euthanasie, suicide assist\u00e9, clause de conscience&#8230; les mots pour comprendre le d\u00e9bat sur la fin de vie"},"content":{"rendered":"\n<p>&nbsp;Il y a une in\u00e9galit\u00e9 face \u00e0 la mort&nbsp;\u00bb. Emmanuel Macron r\u00e9agissait ce lundi matin au rapport de la Convention citoyenne sur la fin de vie. Ce texte, vot\u00e9 par 184 citoyens tir\u00e9s au sort,&nbsp;<a href=\"https:\/\/www.leparisien.fr\/societe\/fin-de-vie-la-convention-citoyenne-dit-oui-a-laide-active-a-mourir-et-maintenant-02-04-2023-5PYMWUROLBCR7BUWDH6CVZRJWY.php\">pr\u00e9conisait l\u2019ouverture du suicide assist\u00e9 ou de l\u2019euthanasie<\/a>&nbsp;avec un certain nombre de garde-fous. Mais de quoi parle-t-on vraiment&nbsp;?<\/p>\n\n\n\n<h2 class=\"wp-block-heading\">Fin de vie<\/h2>\n\n\n\n<p>C\u2019est le sujet central de la Convention citoyenne et d\u2019un potentiel futur projet de loi. La fin de vie correspond \u00e0 la situation des personnes \u00ab&nbsp;ayant une maladie grave, \u00e9volutive, en phase avanc\u00e9e, potentiellement mortelle&nbsp;; ou des personnes chez lesquelles le pronostic vital est engag\u00e9 \u00e0 court ou moyen terme, apr\u00e8s un accident par exemple&nbsp;\u00bb, pr\u00e9cise le rapport.<\/p>\n\n\n\n<p>La Convention s\u2019est justement prononc\u00e9e \u00e0 97&nbsp;% en faveur d\u2019un meilleur cadre d\u2019accompagnement de la fin de vie des Fran\u00e7ais. Pour 82&nbsp;% d\u2019entre eux, le cadre n\u2019est pas adapt\u00e9 aux diff\u00e9rentes situations rencontr\u00e9es. C\u2019est de ce constat qu\u2019est n\u00e9e la r\u00e9flexion sur&nbsp;<a href=\"https:\/\/www.leparisien.fr\/societe\/fin-de-vie-emmanuel-macron-veut-une-proposition-de-loi-dici-la-fin-de-cet-ete-03-04-2023-GSYVB46Z5NGNNOAEN6452A3N3A.php\" target=\"_blank\" rel=\"noreferrer noopener\">\u00ab&nbsp;l\u2019aide active \u00e0 mourir&nbsp;\u00bb, \u00e9voqu\u00e9e par Emmanuel Macron<\/a>, qui englobe l\u2019euthanasie et le suicide assist\u00e9.<\/p>\n\n\n\n<h2 class=\"wp-block-heading\">Euthanasie<\/h2>\n\n\n\n<p>On rentre dans le vif du sujet. Selon le Comit\u00e9 Consultatif National d\u2019\u00e9thique, l\u2019euthanasie est \u00ab\u00a0l\u2019acte d\u2019un tiers qui met d\u00e9lib\u00e9r\u00e9ment fin \u00e0 la vie d\u2019une personne qui le demande, dans l\u2019intention de mettre un terme \u00e0 une situation jug\u00e9e insupportable.\u00a0\u00bb<\/p>\n\n\n\n<p>Dans les faits,&nbsp;<a href=\"https:\/\/www.leparisien.fr\/societe\/sante\/euthanasie-13-organisations-representant-800000-professionnels-sopposent-a-sa-legalisation-17-02-2023-2L6QV5V7PNBWZN427LQJHBEQAY.php\" target=\"_blank\" rel=\"noreferrer noopener\">la substance l\u00e9tale peut \u00eatre administr\u00e9e par voie orale ou intraveineuse<\/a>&nbsp;\u00e0 la personne qui le demande, par une autre personne, issue du corps m\u00e9dical. \u00ab&nbsp;En moins d\u2019une minute, le patient s\u2019endort sans aucune souffrance, et le d\u00e9c\u00e8s survient deux \u00e0 trois minutes plus tard&nbsp;\u00bb, ajoute le docteur belge. Cette m\u00e9thode est pour l\u2019instant interdite en France. Dans d\u2019autres pays, comme la Belgique donc, l\u2019euthanasie est l\u00e9gale, mais dispose d\u2019un cadre juridique propre (conditions d\u2019\u00e9ligibilit\u00e9, modalit\u00e9s de contr\u00f4le\u2026)<\/p>\n\n\n\n<h2 class=\"wp-block-heading\">Suicide assist\u00e9<\/h2>\n\n\n\n<p>Le suicide assist\u00e9 est l\u00e9g\u00e8rement diff\u00e9rent de l\u2019euthanasie. Cette m\u00e9thode consiste \u00e0 prodiguer \u00e0 une personne qui le demande \u00ab&nbsp;l\u2019environnement et les moyens n\u00e9cessaires pour qu\u2019elle mette fin \u00e0 sa vie&nbsp;\u00bb, selon la d\u00e9finition du Centre national des soins palliatifs et de la fin de vie. C\u2019est donc&nbsp;<a href=\"https:\/\/www.leparisien.fr\/societe\/sante\/fin-de-vie-le-suicide-assiste-en-france-est-ce-pour-bientot-13-09-2022-ZJS2JBOCPVBBRKLGS7BRJDCWVM.php\" target=\"_blank\" rel=\"noreferrer noopener\">le patient, lui-m\u00eame, qui s\u2019auto-administre la substance l\u00e9tale<\/a>&nbsp;par voie intraveineuse ou orale.<\/p>\n","protected":false},"excerpt":{"rendered":"<p>&nbsp;Il y a une in\u00e9galit\u00e9 face \u00e0 la mort&nbsp;\u00bb. Emmanuel Macron r\u00e9agissait ce lundi matin au rapport de la Convention citoyenne sur la fin de vie. Ce texte, vot\u00e9 par 184 citoyens tir\u00e9s au sort,&nbsp;pr\u00e9conisait l\u2019ouverture du suicide assist\u00e9 ou de l\u2019euthanasie&nbsp;avec un certain nombre de garde-fous. Mais de quoi parle-t-on vraiment&nbsp;? Fin de vie [&hellip;]<\/p>\n","protected":false},"author":2,"featured_media":24434,"comment_status":"open","ping_status":"open","sticky":false,"template":"","format":"standard","meta":{"_jetpack_memberships_contains_paid_content":false,"footnotes":"","jetpack_publicize_message":"","jetpack_publicize_feature_enabled":true,"jetpack_social_post_already_shared":true,"jetpack_social_options":{"image_generator_settings":{"template":"highway","default_image_id":0,"font":"","enabled":false},"version":2},"_wpas_customize_per_network":false},"categories":[405],"tags":[],"class_list":["post-24433","post","type-post","status-publish","format-standard","has-post-thumbnail","hentry","category-actu-france-monde"],"jetpack_publicize_connections":[],"jetpack_featured_media_url":"https:\/\/i0.wp.com\/www.iceagetv.com\/radiosite\/wp-content\/uploads\/2023\/04\/Euthanasie.jpg?fit=932%2C582&ssl=1","jetpack_sharing_enabled":true,"_links":{"self":[{"href":"https:\/\/www.iceagetv.com\/radiosite\/wp-json\/wp\/v2\/posts\/24433","targetHints":{"allow":["GET"]}}],"collection":[{"href":"https:\/\/www.iceagetv.com\/radiosite\/wp-json\/wp\/v2\/posts"}],"about":[{"href":"https:\/\/www.iceagetv.com\/radiosite\/wp-json\/wp\/v2\/types\/post"}],"author":[{"embeddable":true,"href":"https:\/\/www.iceagetv.com\/radiosite\/wp-json\/wp\/v2\/users\/2"}],"replies":[{"embeddable":true,"href":"https:\/\/www.iceagetv.com\/radiosite\/wp-json\/wp\/v2\/comments?post=24433"}],"version-history":[{"count":1,"href":"https:\/\/www.iceagetv.com\/radiosite\/wp-json\/wp\/v2\/posts\/24433\/revisions"}],"predecessor-version":[{"id":24435,"href":"https:\/\/www.iceagetv.com\/radiosite\/wp-json\/wp\/v2\/posts\/24433\/revisions\/24435"}],"wp:featuredmedia":[{"embeddable":true,"href":"https:\/\/www.iceagetv.com\/radiosite\/wp-json\/wp\/v2\/media\/24434"}],"wp:attachment":[{"href":"https:\/\/www.iceagetv.com\/radiosite\/wp-json\/wp\/v2\/media?parent=24433"}],"wp:term":[{"taxonomy":"category","embeddable":true,"href":"https:\/\/www.iceagetv.com\/radiosite\/wp-json\/wp\/v2\/categories?post=24433"},{"taxonomy":"post_tag","embeddable":true,"href":"https:\/\/www.iceagetv.com\/radiosite\/wp-json\/wp\/v2\/tags?post=24433"}],"curies":[{"name":"wp","href":"https:\/\/api.w.org\/{rel}","templated":true}]}}