{"id":24440,"date":"2023-04-03T16:56:16","date_gmt":"2023-04-03T16:56:16","guid":{"rendered":"https:\/\/www.iceagetv.com\/radiosite\/?p=24440"},"modified":"2023-04-03T16:56:16","modified_gmt":"2023-04-03T16:56:16","slug":"trois-morts-en-une-nuit-a-marseille-vendetta-trafic-de-drogue-ce-que-lon-sait-des-fusillades","status":"publish","type":"post","link":"https:\/\/www.iceagetv.com\/radiosite\/trois-morts-en-une-nuit-a-marseille-vendetta-trafic-de-drogue-ce-que-lon-sait-des-fusillades\/","title":{"rendered":"Trois morts en une nuit \u00e0 Marseille : \u00ab\u00a0vendetta\u00a0\u00bb, trafic de drogue\u2026 ce que l&rsquo;on sait des fusillades"},"content":{"rendered":"\n<p>Marseille a v\u00e9cu ce lundi 3\u00a0avril une nuit de violence extr\u00eame, \u00e9ni\u00e8me \u00e9pisode sanglant d&rsquo;une guerre de territoires entre trafiquants de drogue qui, selon la police, ressemble de plus en plus \u00e0 une \u00ab\u00a0vendetta\u00a0\u00bb. La D\u00e9p\u00eache fait le point.<\/p>\n\n\n\n<h2 class=\"wp-block-heading\">Que s&rsquo;est-il pass\u00e9 ?<\/h2>\n\n\n\n<p>Trois fusillades ont \u00e9clat\u00e9 cette nuit du dimanche 2 au lundi 3 avril. Les premiers tirs ont eu lieu autour de minuit, pr\u00e8s de la cit\u00e9 du Castellas, dans le 15e arrondissement. Puis d&rsquo;autres ont suivi, de l&rsquo;autre c\u00f4t\u00e9 de l&rsquo;autoroute A7, pr\u00e8s des Aygalades.<\/p>\n\n\n\n<p>Deux hommes \u00e2g\u00e9s de 21 ans et de 23 ans ont \u00e9t\u00e9 tu\u00e9s au Castellas, o\u00f9 une cinquantaine de douilles de fusils d&rsquo;assaut ont \u00e9t\u00e9 d\u00e9couvertes, a d\u00e9taill\u00e9 la procureure de Marseille Dominique Laurens, en pr\u00e9cisant l&rsquo;\u00e2ge des victimes et en annon\u00e7ant une conf\u00e9rence de presse \u00e0 17h30.<\/p>\n\n\n\n<p>La troisi\u00e8me fusillade a \u00e9clat\u00e9 peu avant 01h00 du matin, pr\u00e8s du centre-ville, dans le quartier portuaire de la Joliette (2e arrondissement).&nbsp;C&rsquo;est l\u00e0 qu&rsquo;est d\u00e9c\u00e9d\u00e9 l&rsquo;adolescent de 16 ans et qu&rsquo;un autre a \u00e9t\u00e9 gravement bless\u00e9, avec un pronostic vital engag\u00e9 selon le parquet. Un troisi\u00e8me adolescent, de 14 ans, a \u00e9t\u00e9 bless\u00e9 moins gravement.<\/p>\n\n\n\n<h2 class=\"wp-block-heading\">Que sait-on des victimes ?<\/h2>\n\n\n\n<p>L&rsquo;adolescent d\u00e9c\u00e9d\u00e9 lundi matin serait un gamin de Marseille et, \u00e0 la Joliette, un jeune de 18 ans assurant le conna\u00eetre a confi\u00e9 \u00e0 des journalistes : \u00ab\u00a0L\u00e0, j&rsquo;ai envie de rentrer chez moi et me cacher. Je suis triste, j&rsquo;ai peur, je vais me faire tuer moi aussi en ville, c&rsquo;est grave quand m\u00eame\u00a0\u00bb, a-t-il t\u00e9moign\u00e9, sans vouloir donner son identit\u00e9.<\/p>\n\n\n\n<h2 class=\"wp-block-heading\">Des tirs li\u00e9s au trafic de stup\u00e9fiants<\/h2>\n\n\n\n<p>Selon les premiers \u00e9l\u00e9ments de l&rsquo;enqu\u00eate, les \u00e9v\u00e9nements de la Joliette auraient \u00ab\u00a0des liens avec le trafic de stup\u00e9fiants \u00e0 La Paternelle\u00a0\u00bb, a relev\u00e9 la pr\u00e9f\u00e8te de police des Bouches-du-Rh\u00f4ne, interrog\u00e9e par l&rsquo;AFP.<\/p>\n\n\n\n<p>Or \u00ab\u00a0cette cit\u00e9 est aujourd&rsquo;hui \u00e0 l&rsquo;origine de la quasi-totalit\u00e9 des assassinats de ces derniers mois \u00e0 Marseille, avec deux \u00e9quipes qui se disputent les points de deal et sont sans doute rentr\u00e9es dans une sorte de dynamique de vendetta\u00a0\u00bb, a pr\u00e9cis\u00e9 Fr\u00e9d\u00e9rique Camilleri.<\/p>\n\n\n\n<p>\u00ab\u00a0On va essayer de faire mal \u00e0 l&rsquo;adversaire en tuant des gens de son entourage, de son r\u00e9seau\u00a0\u00bb, a-t-elle expliqu\u00e9. \u00ab\u00a0Et cela explique sans doute l&rsquo;encha\u00eenement de fusillades, (qui visent) le plus souvent des personnes extr\u00eamement bas dans le r\u00e9seau\u00a0\u00bb.<\/p>\n\n\n\n<h2 class=\"wp-block-heading\">Quatre personnes interpell\u00e9es<\/h2>\n\n\n\n<p>Les enqu\u00eateurs de la police judiciaire, \u00e0 qui ont \u00e9t\u00e9 confi\u00e9es les investigations, ont d\u00e9j\u00e0 interpell\u00e9 quatre personnes concernant la troisi\u00e8me fusillade, selon une source proche de l&rsquo;enqu\u00eate.<\/p>\n\n\n\n<h2 class=\"wp-block-heading\">Des tensions croissantes dans cette&nbsp;cit\u00e9<\/h2>\n\n\n\n<p>Situ\u00e9e dans le 14e arrondissement, la cit\u00e9 de la Paternelle est une succession de petits immeubles color\u00e9s et d\u00e9grad\u00e9s. Sur les murs, les points de vente de drogue, extr\u00eamement lucratifs, sont indiqu\u00e9s par des parcours fl\u00e9ch\u00e9s, et les menus \u00ab\u00a0shit, beuh, coke\u00a0\u00bb affich\u00e9s au vu de tous.<\/p>\n\n\n\n<p>Un gar\u00e7on de 17 ans, connu pour \u00ab\u00a0dealer\u00a0\u00bb, a \u00e9t\u00e9 lynch\u00e9 \u00e0 mort mi-f\u00e9vrier \u00e0 La Paternelle. Fin mars, c&rsquo;est le corps d&rsquo;un homme de 20 ans cribl\u00e9 de balles, qui a \u00e9t\u00e9 retrouv\u00e9 sur un terrain vague.<\/p>\n","protected":false},"excerpt":{"rendered":"<p>Marseille a v\u00e9cu ce lundi 3\u00a0avril une nuit de violence extr\u00eame, \u00e9ni\u00e8me \u00e9pisode sanglant d&rsquo;une guerre de territoires entre trafiquants de drogue qui, selon la police, ressemble de plus en plus \u00e0 une \u00ab\u00a0vendetta\u00a0\u00bb. La D\u00e9p\u00eache fait le point. Que s&rsquo;est-il pass\u00e9 ? Trois fusillades ont \u00e9clat\u00e9 cette nuit du dimanche 2 au lundi 3 [&hellip;]<\/p>\n","protected":false},"author":2,"featured_media":0,"comment_status":"open","ping_status":"open","sticky":false,"template":"","format":"standard","meta":{"_jetpack_memberships_contains_paid_content":false,"footnotes":"","jetpack_publicize_message":"","jetpack_publicize_feature_enabled":true,"jetpack_social_post_already_shared":true,"jetpack_social_options":{"image_generator_settings":{"template":"highway","default_image_id":0,"font":"","enabled":false},"version":2},"_wpas_customize_per_network":false},"categories":[405],"tags":[],"class_list":["post-24440","post","type-post","status-publish","format-standard","hentry","category-actu-france-monde"],"jetpack_publicize_connections":[],"jetpack_featured_media_url":"","jetpack_sharing_enabled":true,"_links":{"self":[{"href":"https:\/\/www.iceagetv.com\/radiosite\/wp-json\/wp\/v2\/posts\/24440","targetHints":{"allow":["GET"]}}],"collection":[{"href":"https:\/\/www.iceagetv.com\/radiosite\/wp-json\/wp\/v2\/posts"}],"about":[{"href":"https:\/\/www.iceagetv.com\/radiosite\/wp-json\/wp\/v2\/types\/post"}],"author":[{"embeddable":true,"href":"https:\/\/www.iceagetv.com\/radiosite\/wp-json\/wp\/v2\/users\/2"}],"replies":[{"embeddable":true,"href":"https:\/\/www.iceagetv.com\/radiosite\/wp-json\/wp\/v2\/comments?post=24440"}],"version-history":[{"count":1,"href":"https:\/\/www.iceagetv.com\/radiosite\/wp-json\/wp\/v2\/posts\/24440\/revisions"}],"predecessor-version":[{"id":24443,"href":"https:\/\/www.iceagetv.com\/radiosite\/wp-json\/wp\/v2\/posts\/24440\/revisions\/24443"}],"wp:attachment":[{"href":"https:\/\/www.iceagetv.com\/radiosite\/wp-json\/wp\/v2\/media?parent=24440"}],"wp:term":[{"taxonomy":"category","embeddable":true,"href":"https:\/\/www.iceagetv.com\/radiosite\/wp-json\/wp\/v2\/categories?post=24440"},{"taxonomy":"post_tag","embeddable":true,"href":"https:\/\/www.iceagetv.com\/radiosite\/wp-json\/wp\/v2\/tags?post=24440"}],"curies":[{"name":"wp","href":"https:\/\/api.w.org\/{rel}","templated":true}]}}