{"id":24445,"date":"2023-04-04T16:06:07","date_gmt":"2023-04-04T16:06:07","guid":{"rendered":"https:\/\/www.iceagetv.com\/radiosite\/?p=24445"},"modified":"2023-04-04T16:06:10","modified_gmt":"2023-04-04T16:06:10","slug":"retraites-la-sncf-annonce-un-trafic-perturbe-jeudi-11eme-jour-de-mobilisation-la-ratp-annonce-un-trafic-quasi-normal-dans-le-metro-et-le-rer","status":"publish","type":"post","link":"https:\/\/www.iceagetv.com\/radiosite\/retraites-la-sncf-annonce-un-trafic-perturbe-jeudi-11eme-jour-de-mobilisation-la-ratp-annonce-un-trafic-quasi-normal-dans-le-metro-et-le-rer\/","title":{"rendered":"Retraites &#8211; La SNCF annonce un trafic perturb\u00e9 jeudi, 11\u00e8me jour de mobilisation &#8211; La RATP annonce un trafic \u00ab\u00a0quasi normal\u00a0\u00bb dans le m\u00e9tro et le RER"},"content":{"rendered":"\n<p><strong>La RATP annonce quant \u00e0 elle un trafic\u00a0\u00ab\u00a0quasi normal\u00a0\u00bb\u00a0dans le m\u00e9tro et le RER, pour jeudi, \u00e0 l&rsquo;occasion de la 11e journ\u00e9e de mobilisation contre la r\u00e9forme des retraites.<\/strong><\/p>\n\n\n\n<p><strong>La SNCF annonce ses pr\u00e9visions de trafic pour jeudi, 11\u00e8me jour de mobilisation contre la r\u00e9forme des retraites \u00e0 l&rsquo;appel de l&rsquo;intersyndicale.<\/strong><\/p>\n\n\n\n<p><strong>1 TER sur 2 en moyenne nationale<\/strong><\/p>\n\n\n\n<p><strong>3 TGV INOUI (France et International) et OUIGO sur 4<\/strong><\/p>\n\n\n\n<p><strong>1 Intercit\u00e9s de jour sur 4, mais aucune circulation d\u2019INTERCITES de nuit<\/strong><\/p>\n\n\n\n<p><strong>Les circulations Eurostar et Thalys seront quasi-normales<\/strong><\/p>\n\n\n\n<p>11H54: Ce matin, le porte-parole du gouvernement Olivier V\u00e9ran s&rsquo;est exprim\u00e9 apr\u00e8s le Conseil des ministres. Il a notamment \u00e9t\u00e9 interrog\u00e9 sur la r\u00e9forme des retraites. Pour lui, l&rsquo;ex\u00e9cutif est \u00ab\u00a0dans une phase de dialogue vitale pour le pays\u00a0\u00bb.<\/p>\n\n\n\n<p>A la veille de la rencontre entre la Premi\u00e8re ministre Elisabeth Borne et de l&rsquo;intersyndicale, Olivier V\u00e9ran a indiqu\u00e9 \u00ab\u00a0On ne s&rsquo;inscrit pas dans l&rsquo;optique d&rsquo;une r\u00e9union \u00e9court\u00e9e. Nous avons entendu la demande de dialogue de l&rsquo;intersyndicale. Les Fran\u00e7ais attendent de nous cette recherche du consensus\u00a0\u00bb.<\/p>\n\n\n\n<p>A la veille d&rsquo;un rendez-vous tr\u00e8s attendu entre les responsables syndicaux et la Premi\u00e8re ministre, les consultations politiques se poursuivent mardi \u00e0 Matignon pour tenter de sortir de la crise des retraites, avant une 11e journ\u00e9e de mobilisation. Discuter encore, malgr\u00e9 les d\u00e9saccords.<\/p>\n\n\n\n<p>Apr\u00e8s les t\u00e9nors de la droite et du centre lundi, \u00c9lisabeth Borne a rendez-vous avec la cheffe des \u00e9cologistes, Marine Tondelier, depuis 12H15, puis le patron des socialistes, Olivier Faure, \u00e0 17H30. Les deux ont fait savoir qu&rsquo;ils ne souhaitaient pas parler des retraites.<\/p>\n","protected":false},"excerpt":{"rendered":"<p>La RATP annonce quant \u00e0 elle un trafic\u00a0\u00ab\u00a0quasi normal\u00a0\u00bb\u00a0dans le m\u00e9tro et le RER, pour jeudi, \u00e0 l&rsquo;occasion de la 11e journ\u00e9e de mobilisation contre la r\u00e9forme des retraites. La SNCF annonce ses pr\u00e9visions de trafic pour jeudi, 11\u00e8me jour de mobilisation contre la r\u00e9forme des retraites \u00e0 l&rsquo;appel de l&rsquo;intersyndicale. 1 TER sur 2 [&hellip;]<\/p>\n","protected":false},"author":2,"featured_media":24155,"comment_status":"open","ping_status":"open","sticky":false,"template":"","format":"standard","meta":{"_jetpack_memberships_contains_paid_content":false,"footnotes":"","jetpack_publicize_message":"","jetpack_publicize_feature_enabled":true,"jetpack_social_post_already_shared":true,"jetpack_social_options":{"image_generator_settings":{"template":"highway","default_image_id":0,"font":"","enabled":false},"version":2},"_wpas_customize_per_network":false},"categories":[405],"tags":[],"class_list":["post-24445","post","type-post","status-publish","format-standard","has-post-thumbnail","hentry","category-actu-france-monde"],"jetpack_publicize_connections":[],"jetpack_featured_media_url":"https:\/\/i0.wp.com\/www.iceagetv.com\/radiosite\/wp-content\/uploads\/2023\/03\/Greve-du-7-Mars.jpg?fit=679%2C293&ssl=1","jetpack_sharing_enabled":true,"_links":{"self":[{"href":"https:\/\/www.iceagetv.com\/radiosite\/wp-json\/wp\/v2\/posts\/24445","targetHints":{"allow":["GET"]}}],"collection":[{"href":"https:\/\/www.iceagetv.com\/radiosite\/wp-json\/wp\/v2\/posts"}],"about":[{"href":"https:\/\/www.iceagetv.com\/radiosite\/wp-json\/wp\/v2\/types\/post"}],"author":[{"embeddable":true,"href":"https:\/\/www.iceagetv.com\/radiosite\/wp-json\/wp\/v2\/users\/2"}],"replies":[{"embeddable":true,"href":"https:\/\/www.iceagetv.com\/radiosite\/wp-json\/wp\/v2\/comments?post=24445"}],"version-history":[{"count":1,"href":"https:\/\/www.iceagetv.com\/radiosite\/wp-json\/wp\/v2\/posts\/24445\/revisions"}],"predecessor-version":[{"id":24446,"href":"https:\/\/www.iceagetv.com\/radiosite\/wp-json\/wp\/v2\/posts\/24445\/revisions\/24446"}],"wp:featuredmedia":[{"embeddable":true,"href":"https:\/\/www.iceagetv.com\/radiosite\/wp-json\/wp\/v2\/media\/24155"}],"wp:attachment":[{"href":"https:\/\/www.iceagetv.com\/radiosite\/wp-json\/wp\/v2\/media?parent=24445"}],"wp:term":[{"taxonomy":"category","embeddable":true,"href":"https:\/\/www.iceagetv.com\/radiosite\/wp-json\/wp\/v2\/categories?post=24445"},{"taxonomy":"post_tag","embeddable":true,"href":"https:\/\/www.iceagetv.com\/radiosite\/wp-json\/wp\/v2\/tags?post=24445"}],"curies":[{"name":"wp","href":"https:\/\/api.w.org\/{rel}","templated":true}]}}