{"id":24451,"date":"2023-04-04T16:10:23","date_gmt":"2023-04-04T16:10:23","guid":{"rendered":"https:\/\/www.iceagetv.com\/radiosite\/?p=24451"},"modified":"2023-04-04T16:10:23","modified_gmt":"2023-04-04T16:10:23","slug":"sainte-soline-une-3e-plainte-deposee-pour-violences-volontaires-par-lun-des-manifestants-blesses","status":"publish","type":"post","link":"https:\/\/www.iceagetv.com\/radiosite\/sainte-soline-une-3e-plainte-deposee-pour-violences-volontaires-par-lun-des-manifestants-blesses\/","title":{"rendered":"SAINTE-SOLINE: UNE 3E PLAINTE D\u00c9POS\u00c9E POUR \u00ab\u00a0VIOLENCES VOLONTAIRES\u00a0\u00bb PAR L&rsquo;UN DES MANIFESTANTS BLESS\u00c9S"},"content":{"rendered":"\n<p>Le parquet de Rennes est charg\u00e9 de d\u00e9terminer les conditions dans lesquelles quatre manifestants a Sainte-Soline ont \u00e9t\u00e9 bless\u00e9s. L&rsquo;un d&rsquo;entre eux a d\u00e9pos\u00e9 plainte ce mardi pour \u00ab\u00a0violences volontaires par personne d\u00e9positaire de l&rsquo;autorit\u00e9 publique\u00a0\u00bb.<\/p>\n\n\n\n<p>Quatre proc\u00e9dures sont en cours au parquet de Rennes, apr\u00e8s&nbsp;<a href=\"https:\/\/www.bfmtv.com\/police-justice\/sainte-soline-la-defenseure-des-droits-se-saisit-des-cas-des-deux-manifestants-grievement-blesses_AD-202303300553.html\">les d\u00e9bordements constat\u00e9s \u00e0 Sainte-Soline<\/a>, dans les Deux-S\u00e8vres, lors de la manifestation du 25 mars contre les \u00ab\u00a0m\u00e9ga-bassines\u00a0\u00bb. Une nouvelle plainte a \u00e9t\u00e9 d\u00e9pos\u00e9e ce mardi pour \u00ab\u00a0violences volontaires ayant entra\u00een\u00e9 une infirmit\u00e9 ou une mutilation permanente par personne d\u00e9positaire de l&rsquo;autorit\u00e9 publique\u00a0\u00bb, a annonc\u00e9 le procureur, Philippe Astruc, lors d&rsquo;une conf\u00e9rence de presse.<\/p>\n\n\n\n<p>Cette plainte a \u00e9t\u00e9 d\u00e9pos\u00e9e par un homme de 28 ans sur lequel des ecchymoses et des \u00e9rosions ont \u00e9t\u00e9 relev\u00e9es, ainsi qu&rsquo;un traumatisme au pied gauche \u00ab\u00a0que la victime impute \u00e0 une grenade de d\u00e9sencerclement\u00a0\u00bb, a soulign\u00e9 le procureur.<\/p>\n\n\n\n<blockquote class=\"wp-block-quote is-layout-flow wp-block-quote-is-layout-flow\">\n<p>Le m\u00e9decin l\u00e9giste a estim\u00e9 que ces blessures \u00e9taient compatibles avec un blaste de d\u00e9sencerclement. La victime s&rsquo;est vue attribuer une interruption totale de travail de 60 jours, avec un risque de mutilation permanente.\u00a0\u00bb<\/p>\n<\/blockquote>\n\n\n\n<h2 class=\"wp-block-heading\">Quatre proc\u00e9dures en cours<\/h2>\n\n\n\n<p>Cette plainte s&rsquo;ajoute aux deux autres d\u00e9pos\u00e9es pr\u00e9c\u00e9demment par les familles de Serge et de Micka\u00ebl, deux manifestants eux aussi bless\u00e9s lors de cette manifestation. Leurs plaintes visent des faits de&nbsp;<a href=\"https:\/\/www.bfmtv.com\/police-justice\/sainte-soline-la-famille-du-deuxieme-manifestant-gravement-blesse-porte-plainte-pour-tentative-de-meurtre_AN-202303290471.html\">\u00ab\u00a0tentative de meurtre et entrave volontaire \u00e0 l&rsquo;intervention des secours\u00a0\u00bb<\/a>, ainsi que de \u00ab\u00a0violation du secret professionnel et d\u00e9tournement d\u2019informations contenues dans un fichier\u00a0\u00bb, a rappel\u00e9 Philippe Astruc.<\/p>\n\n\n\n<p><a href=\"https:\/\/www.bfmtv.com\/police-justice\/son-pronostic-vital-est-toujours-engage-les-parents-de-serge-blesse-a-sainte-soline-donnent-de-ses-nouvelles_AN-202304040354.html\">Victime d&rsquo;un traumatisme cr\u00e2nien<\/a>, et tardivement pris en charge par les secours, Serge est toujours dans le coma avec un pronostic vital engag\u00e9. Micka\u00ebl est de son c\u00f4t\u00e9 sorti du coma et a \u00ab\u00a0termin\u00e9 sa phase de r\u00e9veil\u00a0\u00bb, a pr\u00e9cis\u00e9 le magistrat.La quatri\u00e8me proc\u00e9dure en cours a \u00e9t\u00e9 d\u00e9clench\u00e9e par le parquet de Niort, puis transf\u00e9r\u00e9e \u00e0 Rennes, et concerne une jeune femme souffrant d&rsquo;un \u00ab\u00a0polytraumatisme facial tr\u00e8s important et de blessures aux jambes. Le premier appara\u00eet secondaire \u00e0 un m\u00e9canisme contondant \u00e0 forte synergie et le second \u00e0 un m\u00e9canisme perforant et \u00e9rosif\u00a0\u00bb, a d\u00e9taill\u00e9 Philippe Astruc.<\/p>\n","protected":false},"excerpt":{"rendered":"<p>Le parquet de Rennes est charg\u00e9 de d\u00e9terminer les conditions dans lesquelles quatre manifestants a Sainte-Soline ont \u00e9t\u00e9 bless\u00e9s. L&rsquo;un d&rsquo;entre eux a d\u00e9pos\u00e9 plainte ce mardi pour \u00ab\u00a0violences volontaires par personne d\u00e9positaire de l&rsquo;autorit\u00e9 publique\u00a0\u00bb. Quatre proc\u00e9dures sont en cours au parquet de Rennes, apr\u00e8s&nbsp;les d\u00e9bordements constat\u00e9s \u00e0 Sainte-Soline, dans les Deux-S\u00e8vres, lors de [&hellip;]<\/p>\n","protected":false},"author":2,"featured_media":24452,"comment_status":"open","ping_status":"open","sticky":false,"template":"","format":"standard","meta":{"_jetpack_memberships_contains_paid_content":false,"footnotes":"","jetpack_publicize_message":"","jetpack_publicize_feature_enabled":true,"jetpack_social_post_already_shared":true,"jetpack_social_options":{"image_generator_settings":{"template":"highway","default_image_id":0,"font":"","enabled":false},"version":2},"_wpas_customize_per_network":false},"categories":[405],"tags":[],"class_list":["post-24451","post","type-post","status-publish","format-standard","has-post-thumbnail","hentry","category-actu-france-monde"],"jetpack_publicize_connections":[],"jetpack_featured_media_url":"https:\/\/i0.wp.com\/www.iceagetv.com\/radiosite\/wp-content\/uploads\/2023\/04\/SAINTE-SOLINE-UNE-3E-PLAINTE.jpg?fit=680%2C383&ssl=1","jetpack_sharing_enabled":true,"_links":{"self":[{"href":"https:\/\/www.iceagetv.com\/radiosite\/wp-json\/wp\/v2\/posts\/24451","targetHints":{"allow":["GET"]}}],"collection":[{"href":"https:\/\/www.iceagetv.com\/radiosite\/wp-json\/wp\/v2\/posts"}],"about":[{"href":"https:\/\/www.iceagetv.com\/radiosite\/wp-json\/wp\/v2\/types\/post"}],"author":[{"embeddable":true,"href":"https:\/\/www.iceagetv.com\/radiosite\/wp-json\/wp\/v2\/users\/2"}],"replies":[{"embeddable":true,"href":"https:\/\/www.iceagetv.com\/radiosite\/wp-json\/wp\/v2\/comments?post=24451"}],"version-history":[{"count":1,"href":"https:\/\/www.iceagetv.com\/radiosite\/wp-json\/wp\/v2\/posts\/24451\/revisions"}],"predecessor-version":[{"id":24453,"href":"https:\/\/www.iceagetv.com\/radiosite\/wp-json\/wp\/v2\/posts\/24451\/revisions\/24453"}],"wp:featuredmedia":[{"embeddable":true,"href":"https:\/\/www.iceagetv.com\/radiosite\/wp-json\/wp\/v2\/media\/24452"}],"wp:attachment":[{"href":"https:\/\/www.iceagetv.com\/radiosite\/wp-json\/wp\/v2\/media?parent=24451"}],"wp:term":[{"taxonomy":"category","embeddable":true,"href":"https:\/\/www.iceagetv.com\/radiosite\/wp-json\/wp\/v2\/categories?post=24451"},{"taxonomy":"post_tag","embeddable":true,"href":"https:\/\/www.iceagetv.com\/radiosite\/wp-json\/wp\/v2\/tags?post=24451"}],"curies":[{"name":"wp","href":"https:\/\/api.w.org\/{rel}","templated":true}]}}