{"id":24454,"date":"2023-04-05T11:29:53","date_gmt":"2023-04-05T11:29:53","guid":{"rendered":"https:\/\/www.iceagetv.com\/radiosite\/?p=24454"},"modified":"2023-04-05T11:29:53","modified_gmt":"2023-04-05T11:29:53","slug":"retraites-les-syndicats-claquent-la-porte-de-la-reunion-avec-elisabeth-borne-cest-un-echec-la-premiere-ministre-ne-fait-aucune-ouverture-nous-ne-retournerons-pas-a-la-table-des-negociations","status":"publish","type":"post","link":"https:\/\/www.iceagetv.com\/radiosite\/retraites-les-syndicats-claquent-la-porte-de-la-reunion-avec-elisabeth-borne-cest-un-echec-la-premiere-ministre-ne-fait-aucune-ouverture-nous-ne-retournerons-pas-a-la-table-des-negociations\/","title":{"rendered":"Retraites &#8211; Les syndicats claquent la porte de la r\u00e9union avec Elisabeth Borne: \u00ab\u00a0C&rsquo;est un \u00e9chec, la Premi\u00e8re ministre ne fait aucune ouverture. Nous ne retournerons pas \u00e0 la table des n\u00e9gociations\u00a0\u00bb"},"content":{"rendered":"\n<p><strong>\u00c9lisabeth Borne a assur\u00e9 mercredi \u00e0 l\u2019issue d\u2019une rencontre avec l\u2019intersyndicale qu\u2019elle \u00ab&nbsp;n\u2019envisage pas d\u2019avancer sans les partenaires sociaux&nbsp;\u00bb malgr\u00e9 le constat \u00ab&nbsp;d\u2019\u00e9chec&nbsp;\u00bb \u00e9tabli par les leaders syndicaux, qui r\u00e9clament le retrait de la r\u00e9forme des retraites avant d\u2019autres discussions sur les questions li\u00e9es au travail.<\/strong><\/p>\n\n\n\n<p>\u00ab&nbsp;M\u00eame si nos d\u00e9saccords sur l\u2019\u00e2ge n\u2019ont pas permis de discuter de fa\u00e7on approfondie, je pense que cette r\u00e9union marque n\u00e9anmoins une \u00e9tape importante&nbsp;\u00bb, a d\u00e9clar\u00e9 la cheffe du gouvernement lors d\u2019une courte prise de parole devant la presse dans la cour de Matignon, en compagnie de ses ministres du Travail Olivier Dussopt et de la Fonction publique Stanislas Gu\u00e9rini.<\/p>\n\n\n\n<p>\u00ab&nbsp;Les organisations syndicales, comme elles ont pu vous l\u2019indiquer, sont disponibles pour travailler ult\u00e9rieurement sur ces sujets et je leur ai dit ma disponibilit\u00e9 et celle de mon gouvernement parce que je n\u2019envisage pas d\u2019avancer sans les partenaires sociaux&nbsp;\u00bb, a ajout\u00e9 Mme Borne. Venue lui demander de renoncer au recul de l\u2019\u00e2ge l\u00e9gal de d\u00e9part \u00e0 la retraite de 62 \u00e0 64 ans, l\u2019intersyndicale unie a constat\u00e9 l\u2019\u00ab&nbsp;\u00e9chec&nbsp;\u00bb de cette rencontre.<\/p>\n\n\n\n<p>\u00c9lisabeth Borne doit rencontrer mercredi apr\u00e8s-midi les organisations patronales, puis les responsables des R\u00e9publicains, Olivier Marleix (pr\u00e9sident du groupe \u00e0 l\u2019Assembl\u00e9e), Bruno Retailleau (pr\u00e9sident du groupe au S\u00e9nat) et Eric Ciotti, pr\u00e9sident du parti, en d\u00e9but de soir\u00e9e. Ces trois dirigeants de LR sont favorables \u00e0 la r\u00e9forme des retraites.\u00a0\u00bbComplet soutien \u00e0 l&rsquo;intersyndicale qui ne l\u00e2che rien. Demain, \u00e0 leur appel : mobilisation dans le calme et le sang froid et gr\u00e8ve dans tous les secteurs seront la censure populaire de ce gouvernement obtus qui choisit le blocage\u00a0\u00bb, a d\u00e9clar\u00e9 Jean-Luc M\u00e9lenchon sur Twitter.<\/p>\n\n\n\n<p><strong>L\u2019intersyndicale qui combat la r\u00e9forme des retraites a constat\u00e9 mercredi un \u00ab&nbsp;\u00e9chec&nbsp;\u00bb apr\u00e8s une rencontre de moins d\u2019une heure \u00e0 Matignon avec Elisabeth Borne, lors de laquelle la Premi\u00e8re ministre a refus\u00e9, selon les syndicats, le retrait du texte.<\/strong><\/p>\n\n\n\n<p>\u00ab&nbsp;Nous avons redit \u00e0 la Premi\u00e8re ministre qu\u2019il ne saurait y avoir d\u2019autre issue d\u00e9mocratique que le retrait du texte. La Premi\u00e8re ministre a r\u00e9pondu qu\u2019elle souhaitait maintenir son texte, une d\u00e9cision grave&nbsp;\u00bb, a d\u00e9clar\u00e9 Cyril Chabanier (CFTC) au nom de l\u2019intersyndicale sur le perron de Matignon.<\/p>\n\n\n\n<p>\u00ab&nbsp;C\u2019est forc\u00e9ment un \u00e9chec quand la Premi\u00e8re ministre ne fait aucune ouverture sur cette discussion. Donc oui c\u2019est forc\u00e9ment un \u00e9chec&nbsp;\u00bb, a-t-il ajout\u00e9. Les syndicats refusent de \u00ab&nbsp;tourner la page et d\u2019ouvrir, comme le souhaite le gouvernement, d\u2019autres s\u00e9quences de concertations&nbsp;\u00bb.<\/p>\n\n\n\n<p>\u00ab&nbsp;Nous en appelons \u00e0 la sagesse du Conseil constitutionnel qui doit entendre la juste col\u00e8re des travailleuses et des travailleurs&nbsp;\u00bb, a encore dit le responsable syndical, alors que les Sages doivent se prononcer sur la r\u00e9forme le 14 avril. Il a \u00e9galement invit\u00e9 \u00ab&nbsp;\u00e0 se joindre massivement&nbsp;\u00bb \u00e0 la onzi\u00e8me journ\u00e9e de mobilisation pr\u00e9vue jeudi.<\/p>\n\n\n\n<p>\u00ab&nbsp;Nous ne passerons pas outre que des millions de salari\u00e9s se mobilisent&nbsp;\u00bb, a soulign\u00e9 \u00e0 ses c\u00f4t\u00e9s, le secr\u00e9taire g\u00e9n\u00e9ral de la CFDT Laurent Berger, estimant qu\u2019\u00ab&nbsp;on est en train de vivre une grave crise d\u00e9mocratique&nbsp;\u00bb.<\/p>\n\n\n\n<p>\u00ab\u00a0La Premi\u00e8re ministre nous a adress\u00e9 une fin de non-recevoir et choisi de nous renvoyer dans la rue\u00a0\u00bb, a lanc\u00e9 pour sa part la nouvelle secr\u00e9taire g\u00e9n\u00e9rale de la CGT Sophie Binet, pointant une r\u00e9union \u00ab\u00a0inutile\u00a0\u00bb et assurant que l\u2019intersyndicale \u00ab\u00a0sera unie jusqu\u2019au bout\u00a0\u00bb.<\/p>\n\n\n\n<p><strong>L&rsquo;intersyndicale sort \u00e0 l&rsquo;instant de la r\u00e9union avec la Premi\u00e8re ministre Elisabeth Borne<\/strong><\/p>\n\n\n\n<p><strong>\u00ab\u00a0Nous lui avons dit que sa r\u00e9forme est injuste et brutale (&#8230;) A aucun moment nos propositions alternatives de financement n&rsquo;ont \u00e9t\u00e9 prises au s\u00e9rieux (&#8230;) La Premi\u00e8re ministre a dit qu&rsquo;elle souhaitait maintenir son texte\u00a0\u00bb<\/strong><\/p>\n\n\n\n<p><strong>\u00ab\u00a0C&rsquo;est un \u00e9chec, la Premi\u00e8re ministre ne fait aucune ouverture. Nous ne retournerons pas \u00e0 la table des n\u00e9gociations\u00a0\u00bb<\/strong><\/p>\n\n\n\n<p><strong>\u00ab\u00a0La responsabilit\u00e9 \u00e0 laquelle nous avons appel\u00e9 est de ne pas appliquer cette r\u00e9forme. La responsabilit\u00e9 du Conseil constitutionnel est de voir que notre d\u00e9mocratie a besoin d&rsquo;apaisement\u00a0\u00bb, a d\u00e9clar\u00e9 Laurent Berger<\/strong><\/p>\n","protected":false},"excerpt":{"rendered":"<p>\u00c9lisabeth Borne a assur\u00e9 mercredi \u00e0 l\u2019issue d\u2019une rencontre avec l\u2019intersyndicale qu\u2019elle \u00ab&nbsp;n\u2019envisage pas d\u2019avancer sans les partenaires sociaux&nbsp;\u00bb malgr\u00e9 le constat \u00ab&nbsp;d\u2019\u00e9chec&nbsp;\u00bb \u00e9tabli par les leaders syndicaux, qui r\u00e9clament le retrait de la r\u00e9forme des retraites avant d\u2019autres discussions sur les questions li\u00e9es au travail. \u00ab&nbsp;M\u00eame si nos d\u00e9saccords sur l\u2019\u00e2ge n\u2019ont pas permis [&hellip;]<\/p>\n","protected":false},"author":2,"featured_media":24299,"comment_status":"open","ping_status":"open","sticky":false,"template":"","format":"standard","meta":{"_jetpack_memberships_contains_paid_content":false,"footnotes":"","jetpack_publicize_message":"","jetpack_publicize_feature_enabled":true,"jetpack_social_post_already_shared":true,"jetpack_social_options":{"image_generator_settings":{"template":"highway","default_image_id":0,"font":"","enabled":false},"version":2},"_wpas_customize_per_network":false},"categories":[405],"tags":[],"class_list":["post-24454","post","type-post","status-publish","format-standard","has-post-thumbnail","hentry","category-actu-france-monde"],"jetpack_publicize_connections":[],"jetpack_featured_media_url":"https:\/\/i0.wp.com\/www.iceagetv.com\/radiosite\/wp-content\/uploads\/2023\/03\/borne_sfd_0.jpg?fit=920%2C397&ssl=1","jetpack_sharing_enabled":true,"_links":{"self":[{"href":"https:\/\/www.iceagetv.com\/radiosite\/wp-json\/wp\/v2\/posts\/24454","targetHints":{"allow":["GET"]}}],"collection":[{"href":"https:\/\/www.iceagetv.com\/radiosite\/wp-json\/wp\/v2\/posts"}],"about":[{"href":"https:\/\/www.iceagetv.com\/radiosite\/wp-json\/wp\/v2\/types\/post"}],"author":[{"embeddable":true,"href":"https:\/\/www.iceagetv.com\/radiosite\/wp-json\/wp\/v2\/users\/2"}],"replies":[{"embeddable":true,"href":"https:\/\/www.iceagetv.com\/radiosite\/wp-json\/wp\/v2\/comments?post=24454"}],"version-history":[{"count":2,"href":"https:\/\/www.iceagetv.com\/radiosite\/wp-json\/wp\/v2\/posts\/24454\/revisions"}],"predecessor-version":[{"id":24456,"href":"https:\/\/www.iceagetv.com\/radiosite\/wp-json\/wp\/v2\/posts\/24454\/revisions\/24456"}],"wp:featuredmedia":[{"embeddable":true,"href":"https:\/\/www.iceagetv.com\/radiosite\/wp-json\/wp\/v2\/media\/24299"}],"wp:attachment":[{"href":"https:\/\/www.iceagetv.com\/radiosite\/wp-json\/wp\/v2\/media?parent=24454"}],"wp:term":[{"taxonomy":"category","embeddable":true,"href":"https:\/\/www.iceagetv.com\/radiosite\/wp-json\/wp\/v2\/categories?post=24454"},{"taxonomy":"post_tag","embeddable":true,"href":"https:\/\/www.iceagetv.com\/radiosite\/wp-json\/wp\/v2\/tags?post=24454"}],"curies":[{"name":"wp","href":"https:\/\/api.w.org\/{rel}","templated":true}]}}