{"id":24460,"date":"2023-04-05T13:42:23","date_gmt":"2023-04-05T13:42:23","guid":{"rendered":"https:\/\/www.iceagetv.com\/radiosite\/?p=24460"},"modified":"2023-04-05T13:42:23","modified_gmt":"2023-04-05T13:42:23","slug":"pollution-de-lair-enquete-ouverte-pour-mise-en-danger-dautrui-et-tromperie-contre-la-ratp","status":"publish","type":"post","link":"https:\/\/www.iceagetv.com\/radiosite\/pollution-de-lair-enquete-ouverte-pour-mise-en-danger-dautrui-et-tromperie-contre-la-ratp\/","title":{"rendered":"POLLUTION DE L&rsquo;AIR: ENQU\u00caTE OUVERTE POUR \u00ab\u00a0MISE EN DANGER D&rsquo;AUTRUI\u00a0\u00bb ET \u00ab\u00a0TROMPERIE\u00a0\u00bb CONTRE LA RATP"},"content":{"rendered":"\n<p>L&rsquo;ouverture de l&rsquo;enqu\u00eate fait suite au d\u00e9p\u00f4t de plainte de l&rsquo;association Respire en mars 2021.<\/p>\n\n\n\n<p>Deux ans apr\u00e8s&nbsp;<a href=\"https:\/\/www.bfmtv.com\/paris\/qualite-de-l-air-dans-le-metro-l-association-respire-attaque-la-ratp-en-justice_AD-202103230106.html\">le d\u00e9p\u00f4t d&rsquo;une plainte<\/a>&nbsp;de l&rsquo;association Respire contre la RATP pour d\u00e9noncer la pollution de l&rsquo;air dans le m\u00e9tro, une enqu\u00eate a \u00e9t\u00e9 ouverte par le parquet de Paris, a appris ce mercredi BFM Paris \u00cele-de-France confirmant une information de nos confr\u00e8res de&nbsp;<a href=\"https:\/\/www.20minutes.fr\/paris\/4031277-20230405-paris-enquete-ouverte-contre-ratp-pollution-air\" target=\"_blank\" rel=\"noreferrer noopener\">20 minutes<\/a>.<\/p>\n\n\n\n<p>Cette enqu\u00eate pr\u00e9liminaire, ouverte en f\u00e9vrier et confi\u00e9e \u00e0 l&rsquo;Office central de lutte contre les atteintes \u00e0 l&rsquo;environnement et \u00e0 la sant\u00e9 publique, porte sur des faits de \u00ab\u00a0mise en danger d&rsquo;autrui\u00a0\u00bb et \u00ab\u00a0tromperie sur une prestation de service entra\u00eenant un danger pour la sant\u00e9 de l&rsquo;homme\u00a0\u00bb.<\/p>\n\n\n\n<h2 class=\"wp-block-heading\">Un \u00ab\u00a0niveau critique\u00a0\u00bb<\/h2>\n\n\n\n<p>Dans un communiqu\u00e9, l&rsquo;association affirme que \u00ab\u00a0la RATP conna\u00eet la situation [&#8230;] pourtant, elle s\u2019abstient d\u00e9lib\u00e9r\u00e9ment d\u2019alerter les usagers de son r\u00e9seau sur les risques qu\u2019ils encourent\u00a0\u00bb.<\/p>\n\n\n\n<blockquote class=\"wp-block-quote is-layout-flow wp-block-quote-is-layout-flow\">\n<p>L\u2019association \u00ab\u00a0se f\u00e9licite de cette nouvelle \u00e9tape et esp\u00e8re que la RATP fera enfin le n\u00e9cessaire pour r\u00e9duire la pollution de l&rsquo;air dans ses enceintes ferroviaires souterraines, qui est consid\u00e9rablement plus \u00e9lev\u00e9e que celle de l&rsquo;air ext\u00e9rieur\u00a0\u00bb.<\/p>\n<\/blockquote>\n\n\n\n<p>Lors de son d\u00e9p\u00f4t de plainte, l&rsquo;association Respire avait indiqu\u00e9 qu&rsquo;il existait dans le m\u00e9tro \u00ab\u00a0un niveau critique de la pollution de l&rsquo;air dans les enceintes ferroviaires souterraines de la RATP\u00a0\u00bb.<\/p>\n\n\n\n<p>\u00ab\u00a0L&rsquo;ensemble des usagers des transports en commun sont expos\u00e9s \u00e0 des risques sanitaires consid\u00e9rables\u00a0\u00bb, avait soulign\u00e9 l&rsquo;association dans sa communication.De son c\u00f4t\u00e9, la r\u00e9gie avait mis en cause la mise en \u0153uvre de ces mesures de la qualit\u00e9 de l&rsquo;air par l&rsquo;association Respire. \u00ab\u00a0Les r\u00e9sultats de ces appareils portatifs ne peuvent \u00eatre qu&rsquo;indicatifs et non v\u00e9ridiques\u00a0\u00bb, avait point\u00e9 la RATP.<\/p>\n","protected":false},"excerpt":{"rendered":"<p>L&rsquo;ouverture de l&rsquo;enqu\u00eate fait suite au d\u00e9p\u00f4t de plainte de l&rsquo;association Respire en mars 2021. Deux ans apr\u00e8s&nbsp;le d\u00e9p\u00f4t d&rsquo;une plainte&nbsp;de l&rsquo;association Respire contre la RATP pour d\u00e9noncer la pollution de l&rsquo;air dans le m\u00e9tro, une enqu\u00eate a \u00e9t\u00e9 ouverte par le parquet de Paris, a appris ce mercredi BFM Paris \u00cele-de-France confirmant une information [&hellip;]<\/p>\n","protected":false},"author":2,"featured_media":24461,"comment_status":"open","ping_status":"open","sticky":false,"template":"","format":"standard","meta":{"_jetpack_memberships_contains_paid_content":false,"footnotes":"","jetpack_publicize_message":"","jetpack_publicize_feature_enabled":true,"jetpack_social_post_already_shared":true,"jetpack_social_options":{"image_generator_settings":{"template":"highway","default_image_id":0,"font":"","enabled":false},"version":2},"_wpas_customize_per_network":false},"categories":[405],"tags":[],"class_list":["post-24460","post","type-post","status-publish","format-standard","has-post-thumbnail","hentry","category-actu-france-monde"],"jetpack_publicize_connections":[],"jetpack_featured_media_url":"https:\/\/i0.wp.com\/www.iceagetv.com\/radiosite\/wp-content\/uploads\/2023\/04\/Pollution-de-lair.jpg?fit=800%2C450&ssl=1","jetpack_sharing_enabled":true,"_links":{"self":[{"href":"https:\/\/www.iceagetv.com\/radiosite\/wp-json\/wp\/v2\/posts\/24460","targetHints":{"allow":["GET"]}}],"collection":[{"href":"https:\/\/www.iceagetv.com\/radiosite\/wp-json\/wp\/v2\/posts"}],"about":[{"href":"https:\/\/www.iceagetv.com\/radiosite\/wp-json\/wp\/v2\/types\/post"}],"author":[{"embeddable":true,"href":"https:\/\/www.iceagetv.com\/radiosite\/wp-json\/wp\/v2\/users\/2"}],"replies":[{"embeddable":true,"href":"https:\/\/www.iceagetv.com\/radiosite\/wp-json\/wp\/v2\/comments?post=24460"}],"version-history":[{"count":1,"href":"https:\/\/www.iceagetv.com\/radiosite\/wp-json\/wp\/v2\/posts\/24460\/revisions"}],"predecessor-version":[{"id":24462,"href":"https:\/\/www.iceagetv.com\/radiosite\/wp-json\/wp\/v2\/posts\/24460\/revisions\/24462"}],"wp:featuredmedia":[{"embeddable":true,"href":"https:\/\/www.iceagetv.com\/radiosite\/wp-json\/wp\/v2\/media\/24461"}],"wp:attachment":[{"href":"https:\/\/www.iceagetv.com\/radiosite\/wp-json\/wp\/v2\/media?parent=24460"}],"wp:term":[{"taxonomy":"category","embeddable":true,"href":"https:\/\/www.iceagetv.com\/radiosite\/wp-json\/wp\/v2\/categories?post=24460"},{"taxonomy":"post_tag","embeddable":true,"href":"https:\/\/www.iceagetv.com\/radiosite\/wp-json\/wp\/v2\/tags?post=24460"}],"curies":[{"name":"wp","href":"https:\/\/api.w.org\/{rel}","templated":true}]}}