{"id":24463,"date":"2023-04-06T07:58:21","date_gmt":"2023-04-06T07:58:21","guid":{"rendered":"https:\/\/www.iceagetv.com\/radiosite\/?p=24463"},"modified":"2023-04-06T07:58:21","modified_gmt":"2023-04-06T07:58:21","slug":"climat-les-deputes-ecologistes-veulent-interdire-les-vols-en-jet-prive-pour-ramener-les-riches-sur-terre","status":"publish","type":"post","link":"https:\/\/www.iceagetv.com\/radiosite\/climat-les-deputes-ecologistes-veulent-interdire-les-vols-en-jet-prive-pour-ramener-les-riches-sur-terre\/","title":{"rendered":"Climat\u00a0: les d\u00e9put\u00e9s \u00e9cologistes veulent interdire les vols en jet priv\u00e9 pour \u00ab\u00a0ramener les riches sur terre\u00a0\u00bb"},"content":{"rendered":"\n<p><\/p>\n\n\n\n<p>Les footballeurs du Paris-Saint-Germain qui privil\u00e9gient l\u2019avion au train (et au \u00ab&nbsp;char \u00e0 voile&nbsp;\u00bb) pour aller disputer un match \u00e0 Nantes, l\u2019homme d\u2019affaires Bernard Arnault qui pr\u00e9f\u00e8re vendre son jet pour \u00e9chapper au d\u00e9compte public de chacun de ses (courts) d\u00e9placements\u2026 Les vols en jet priv\u00e9 sont r\u00e9guli\u00e8rement sous le feu des critiques.<\/p>\n\n\n\n<p>Le d\u00e9put\u00e9 de Paris Julien Bayou, lui, veut les interdire pour <em>\u00ab\u00a0ramener les riches sur terre\u00a0\u00bb<\/em>. Avec sa coll\u00e8gue Christine Arrighi (Haute-Garonne), il est \u00e0 l\u2019initiative d\u2019une proposition de loi qui doit \u00eatre examin\u00e9e jeudi 6\u00a0avril \u00e0 l\u2019Assembl\u00e9e nationale, dans le cadre de la niche parlementaire du groupe EELV. Le d\u00e9put\u00e9 \u00e9cologiste d\u00e9fend une mesure de <em>\u00ab\u00a0justice sociale\u00a0\u00bb<\/em>\u00a0: <em>\u00ab\u00a0C\u2019est une mani\u00e8re d\u2019associer les ultra-riches \u00e0 l\u2019effort de mod\u00e9ration r\u00e9clam\u00e9e aux Fran\u00e7ais face \u00e0 l\u2019urgence climatique.<\/em> <em>C\u2019est la mesure qui p\u00e9nalise le moins de monde pour l\u2019impact le plus grand et le plus imm\u00e9diat en faveur du climat.\u00a0\u00bb<\/em>Un jet priv\u00e9 \u00e9met autant de CO<sub>2<\/sub>\u00a0(8\u00a0tonnes) en quatre heures de vol qu\u2019un Fran\u00e7ais moyen en une ann\u00e9e, rappelle le texte qui vise les vols, au d\u00e9part ou \u00e0 destination de la France m\u00e9tropolitaine, d\u2019avions de moins de 60\u00a0passagers. Au printemps 2022, le compte Instagram de tracking \u00ab\u00a0L\u2019avion de Bernard\u00a0\u00bb avait identifi\u00e9 18\u00a0<em>\u00ab\u00a0vols caprices\u00a0\u00bb<\/em>, comme les surnomme Julien Bayou,<\/p>\n","protected":false},"excerpt":{"rendered":"<p>Les footballeurs du Paris-Saint-Germain qui privil\u00e9gient l\u2019avion au train (et au \u00ab&nbsp;char \u00e0 voile&nbsp;\u00bb) pour aller disputer un match \u00e0 Nantes, l\u2019homme d\u2019affaires Bernard Arnault qui pr\u00e9f\u00e8re vendre son jet pour \u00e9chapper au d\u00e9compte public de chacun de ses (courts) d\u00e9placements\u2026 Les vols en jet priv\u00e9 sont r\u00e9guli\u00e8rement sous le feu des critiques. Le d\u00e9put\u00e9 [&hellip;]<\/p>\n","protected":false},"author":2,"featured_media":24464,"comment_status":"open","ping_status":"open","sticky":false,"template":"","format":"standard","meta":{"_jetpack_memberships_contains_paid_content":false,"footnotes":"","jetpack_publicize_message":"","jetpack_publicize_feature_enabled":true,"jetpack_social_post_already_shared":true,"jetpack_social_options":{"image_generator_settings":{"template":"highway","default_image_id":0,"font":"","enabled":false},"version":2},"_wpas_customize_per_network":false},"categories":[405],"tags":[],"class_list":["post-24463","post","type-post","status-publish","format-standard","has-post-thumbnail","hentry","category-actu-france-monde"],"jetpack_publicize_connections":[],"jetpack_featured_media_url":"https:\/\/i0.wp.com\/www.iceagetv.com\/radiosite\/wp-content\/uploads\/2023\/04\/les-deputes-ecologistes-veulent-interdire-les-vols-en-jet-prive.jpg?fit=680%2C340&ssl=1","jetpack_sharing_enabled":true,"_links":{"self":[{"href":"https:\/\/www.iceagetv.com\/radiosite\/wp-json\/wp\/v2\/posts\/24463","targetHints":{"allow":["GET"]}}],"collection":[{"href":"https:\/\/www.iceagetv.com\/radiosite\/wp-json\/wp\/v2\/posts"}],"about":[{"href":"https:\/\/www.iceagetv.com\/radiosite\/wp-json\/wp\/v2\/types\/post"}],"author":[{"embeddable":true,"href":"https:\/\/www.iceagetv.com\/radiosite\/wp-json\/wp\/v2\/users\/2"}],"replies":[{"embeddable":true,"href":"https:\/\/www.iceagetv.com\/radiosite\/wp-json\/wp\/v2\/comments?post=24463"}],"version-history":[{"count":1,"href":"https:\/\/www.iceagetv.com\/radiosite\/wp-json\/wp\/v2\/posts\/24463\/revisions"}],"predecessor-version":[{"id":24465,"href":"https:\/\/www.iceagetv.com\/radiosite\/wp-json\/wp\/v2\/posts\/24463\/revisions\/24465"}],"wp:featuredmedia":[{"embeddable":true,"href":"https:\/\/www.iceagetv.com\/radiosite\/wp-json\/wp\/v2\/media\/24464"}],"wp:attachment":[{"href":"https:\/\/www.iceagetv.com\/radiosite\/wp-json\/wp\/v2\/media?parent=24463"}],"wp:term":[{"taxonomy":"category","embeddable":true,"href":"https:\/\/www.iceagetv.com\/radiosite\/wp-json\/wp\/v2\/categories?post=24463"},{"taxonomy":"post_tag","embeddable":true,"href":"https:\/\/www.iceagetv.com\/radiosite\/wp-json\/wp\/v2\/tags?post=24463"}],"curies":[{"name":"wp","href":"https:\/\/api.w.org\/{rel}","templated":true}]}}