{"id":24477,"date":"2023-04-07T08:44:42","date_gmt":"2023-04-07T08:44:42","guid":{"rendered":"https:\/\/www.iceagetv.com\/radiosite\/?p=24477"},"modified":"2023-04-07T08:44:42","modified_gmt":"2023-04-07T08:44:42","slug":"une-tempete-de-verglas-a-fige-montreal-sous-la-glace-et-provoque-dimportants-degats-materiels-au-moins-deux-morts","status":"publish","type":"post","link":"https:\/\/www.iceagetv.com\/radiosite\/une-tempete-de-verglas-a-fige-montreal-sous-la-glace-et-provoque-dimportants-degats-materiels-au-moins-deux-morts\/","title":{"rendered":"Une temp\u00eate de verglas a fig\u00e9 Montr\u00e9al sous la glace et provoqu\u00e9 d\u2019importants d\u00e9g\u00e2ts mat\u00e9riels &#8211; Au moins deux morts"},"content":{"rendered":"\n<p>La moiti\u00e9 de la ville sans \u00e9lectricit\u00e9, toutes les \u00e9coles ferm\u00e9es et des rues jonch\u00e9es d&rsquo;arbres: les d\u00e9g\u00e2ts mat\u00e9riels \u00e9taient consid\u00e9rables jeudi \u00e0 Montr\u00e9al, particuli\u00e8rement frapp\u00e9 par la temp\u00eate de glace qui s&rsquo;est abattue la veille sur l&rsquo;est du Canada. \u00ab\u00a0Montr\u00e9al est d\u00e9vast\u00e9e\u00a0\u00bb mais la situation est \u00ab\u00a0sous contr\u00f4le\u00a0\u00bb, a estim\u00e9 le ministre qu\u00e9b\u00e9cois de l&rsquo;Economie et de l&rsquo;Energie, Pierre Fitzgibbon, lors d&rsquo;un point presse jeudi, alors que les alertes aux pluies vergla\u00e7antes ont \u00e9t\u00e9 lev\u00e9es.<\/p>\n\n\n\n<p>Au total dans le pays, 1,2 million de foyers \u00e9taient toujours priv\u00e9s d&rsquo;\u00e9lectricit\u00e9 jeudi matin, dont 1,1 million au Qu\u00e9bec, en raison de la chute d&rsquo;arbres qui ont flanch\u00e9 sous le poids de la glace et endommag\u00e9 les lignes \u00e9lectriques. Feux de signalisation, v\u00e9los, voitures, v\u00e9g\u00e9tation&#8230; \u00e0 Montr\u00e9al, tout \u00e9tait recouvert par une \u00e9paisse couche glac\u00e9e depuis mercredi soir, figeant la m\u00e9tropole francophone du Qu\u00e9bec. Les donn\u00e9es pr\u00e9liminaires montrent que de 3 \u00e0 4 cm de verglas sont tomb\u00e9s sur la ville en quelques heures.<\/p>\n\n\n\n<p>Des centres ont \u00e9t\u00e9 ouverts pour accueillir les habitants sans \u00e9lectricit\u00e9, alors que les temp\u00e9ratures fr\u00f4lent le z\u00e9ro et que cela pourrait prendre plusieurs jours de r\u00e9tablir le courant pour tout le monde. \u00ab\u00a0Des 20 derni\u00e8res ann\u00e9es, c&rsquo;est la pire temp\u00eate de glace que l&rsquo;on a eu\u00a0\u00bb, raconte \u00e0 l&rsquo;AFP Jean-Marc Grondin. Ce retrait\u00e9 de 64 ans, qui habite le Plateau, un quartier central de la ville, est sorti pour voir le transformateur \u00e9lectrique qui a pris feu apr\u00e8s la chute d&rsquo;un arbre mercredi.<\/p>\n\n\n\n<p>Il s&rsquo;agit pour le Qu\u00e9bec de la plus grosse panne sur le r\u00e9seau \u00e9lectrique depuis la crise du verglas de 1998, qui avait plong\u00e9 la province dans le chaos pendant plusieurs semaines. \u00ab\u00a0Des \u00e9v\u00e9nements m\u00e9t\u00e9o comme on vient de vivre, on va en avoir de plus en plus, ils vont \u00eatre de plus en plus importants\u00a0\u00bb, a estim\u00e9 Sophie Brochu, PDG de la compagnie d&rsquo;\u00e9lectricit\u00e9 Hydro-Qu\u00e9bec, en r\u00e9f\u00e9rence au changement climatique.<\/p>\n\n\n\n<p>\u00ab\u00a0Nous pensons aux gens du Qu\u00e9bec et de l&rsquo;Est ontarien touch\u00e9s par la temp\u00eate d&rsquo;hier, et nous remercions les \u00e9quipes qui d\u00e9gagent les routes et r\u00e9tablissent le courant\u00a0\u00bb, a tweet\u00e9 le Premier ministre canadien Justin Trudeau.<\/p>\n","protected":false},"excerpt":{"rendered":"<p>La moiti\u00e9 de la ville sans \u00e9lectricit\u00e9, toutes les \u00e9coles ferm\u00e9es et des rues jonch\u00e9es d&rsquo;arbres: les d\u00e9g\u00e2ts mat\u00e9riels \u00e9taient consid\u00e9rables jeudi \u00e0 Montr\u00e9al, particuli\u00e8rement frapp\u00e9 par la temp\u00eate de glace qui s&rsquo;est abattue la veille sur l&rsquo;est du Canada. \u00ab\u00a0Montr\u00e9al est d\u00e9vast\u00e9e\u00a0\u00bb mais la situation est \u00ab\u00a0sous contr\u00f4le\u00a0\u00bb, a estim\u00e9 le ministre qu\u00e9b\u00e9cois de [&hellip;]<\/p>\n","protected":false},"author":2,"featured_media":24478,"comment_status":"open","ping_status":"open","sticky":false,"template":"","format":"standard","meta":{"_jetpack_memberships_contains_paid_content":false,"footnotes":"","jetpack_publicize_message":"","jetpack_publicize_feature_enabled":true,"jetpack_social_post_already_shared":true,"jetpack_social_options":{"image_generator_settings":{"template":"highway","default_image_id":0,"font":"","enabled":false},"version":2},"_wpas_customize_per_network":false},"categories":[14],"tags":[],"class_list":["post-24477","post","type-post","status-publish","format-standard","has-post-thumbnail","hentry","category-actu-meteo"],"jetpack_publicize_connections":[],"jetpack_featured_media_url":"https:\/\/i0.wp.com\/www.iceagetv.com\/radiosite\/wp-content\/uploads\/2023\/04\/Une-tempete-de-verglas-a-fige-Montreal-sous-la-glace-et-provoque-dimportants-degats-materiels-Au-moins-deux-morts.jpg?fit=679%2C293&ssl=1","jetpack_sharing_enabled":true,"_links":{"self":[{"href":"https:\/\/www.iceagetv.com\/radiosite\/wp-json\/wp\/v2\/posts\/24477","targetHints":{"allow":["GET"]}}],"collection":[{"href":"https:\/\/www.iceagetv.com\/radiosite\/wp-json\/wp\/v2\/posts"}],"about":[{"href":"https:\/\/www.iceagetv.com\/radiosite\/wp-json\/wp\/v2\/types\/post"}],"author":[{"embeddable":true,"href":"https:\/\/www.iceagetv.com\/radiosite\/wp-json\/wp\/v2\/users\/2"}],"replies":[{"embeddable":true,"href":"https:\/\/www.iceagetv.com\/radiosite\/wp-json\/wp\/v2\/comments?post=24477"}],"version-history":[{"count":1,"href":"https:\/\/www.iceagetv.com\/radiosite\/wp-json\/wp\/v2\/posts\/24477\/revisions"}],"predecessor-version":[{"id":24479,"href":"https:\/\/www.iceagetv.com\/radiosite\/wp-json\/wp\/v2\/posts\/24477\/revisions\/24479"}],"wp:featuredmedia":[{"embeddable":true,"href":"https:\/\/www.iceagetv.com\/radiosite\/wp-json\/wp\/v2\/media\/24478"}],"wp:attachment":[{"href":"https:\/\/www.iceagetv.com\/radiosite\/wp-json\/wp\/v2\/media?parent=24477"}],"wp:term":[{"taxonomy":"category","embeddable":true,"href":"https:\/\/www.iceagetv.com\/radiosite\/wp-json\/wp\/v2\/categories?post=24477"},{"taxonomy":"post_tag","embeddable":true,"href":"https:\/\/www.iceagetv.com\/radiosite\/wp-json\/wp\/v2\/tags?post=24477"}],"curies":[{"name":"wp","href":"https:\/\/api.w.org\/{rel}","templated":true}]}}