{"id":24512,"date":"2023-04-11T16:17:06","date_gmt":"2023-04-11T16:17:06","guid":{"rendered":"https:\/\/www.iceagetv.com\/radiosite\/?p=24512"},"modified":"2023-04-11T16:17:06","modified_gmt":"2023-04-11T16:17:06","slug":"adrien-quatennens-condamne-pour-violences-contre-son-ex-compagne-reintegre-au-groupe-lfi","status":"publish","type":"post","link":"https:\/\/www.iceagetv.com\/radiosite\/adrien-quatennens-condamne-pour-violences-contre-son-ex-compagne-reintegre-au-groupe-lfi\/","title":{"rendered":"Adrien Quatennens, condamn\u00e9 pour violences contre son ex-compagne, r\u00e9int\u00e9gr\u00e9 au groupe LFI"},"content":{"rendered":"\n<p>Il y a eu un vote. La d\u00e9cision est de r\u00e9int\u00e9grer Adrien Quatennens\u00a0\u00bb, a indiqu\u00e9 la d\u00e9put\u00e9e LFI de Seine-Maritime, Alma Dufour. Condamn\u00e9 en d\u00e9cembre \u00e0 quatre mois de prison avec sursis pour des \u00ab\u00a0violences\u00a0\u00bb sur son \u00e9pouse, il avait \u00e9t\u00e9 suspendu le 13 d\u00e9cembre pour une dur\u00e9e de quatre mois.<\/p>\n\n\n\n<p>Le groupe LFI \u00ab\u00a0consid\u00e8re que les conditions de la r\u00e9int\u00e9gration d&rsquo;Adrien Quatennens sont r\u00e9unies\u00a0\u00bb, selon un communiqu\u00e9. Il avait conditionn\u00e9 son retour au suivi d&rsquo;un stage de responsabilisation aupr\u00e8s d&rsquo;associations f\u00e9ministes.<\/p>\n\n\n\n<p>Un \u00ab\u00a0groupe de travail\u00a0\u00bb interne a \u00e9t\u00e9 mandat\u00e9 \u00ab\u00a0pour \u00e9valuer les conditions du retour d&rsquo;Adrien Quatennens\u00a0\u00bb et il ressort des \u00e9changes avec ce dernier qu&rsquo;il est \u00ab\u00a0engag\u00e9 dans un stage, en cours de finalisation, r\u00e9pondant aux crit\u00e8res attendus\u00a0\u00bb, pr\u00e9cise le communiqu\u00e9.<\/p>\n\n\n\n<p>Le d\u00e9put\u00e9 a aussi affirm\u00e9 \u00ab\u00a0regretter les expressions m\u00e9diatiques qu&rsquo;il a eues \u00e0 la suite de sa condamnation\u00a0\u00bb et \u00ab\u00a0reconna\u00eet que certains de ses propos ont eu pour effet, sans qu&rsquo;il n&rsquo;en ait eu l&rsquo;intention, de relativiser la gravit\u00e9 des faits et d&rsquo;inverser la culpabilit\u00e9 entre l&rsquo;auteur et la victime de violence\u00a0\u00bb, poursuit le groupe.<\/p>\n\n\n\n<p>Adrien Quatennens a effectu\u00e9 son retour \u00e0 l&rsquo;Assembl\u00e9e nationale mi-janvier, en tant que non inscrit. Des partenaires de la coalition Nupes ont estim\u00e9 qu&rsquo;il devait \u00eatre d\u00e9finitivement exclu de La France insoumise.<\/p>\n","protected":false},"excerpt":{"rendered":"<p>Il y a eu un vote. La d\u00e9cision est de r\u00e9int\u00e9grer Adrien Quatennens\u00a0\u00bb, a indiqu\u00e9 la d\u00e9put\u00e9e LFI de Seine-Maritime, Alma Dufour. Condamn\u00e9 en d\u00e9cembre \u00e0 quatre mois de prison avec sursis pour des \u00ab\u00a0violences\u00a0\u00bb sur son \u00e9pouse, il avait \u00e9t\u00e9 suspendu le 13 d\u00e9cembre pour une dur\u00e9e de quatre mois. Le groupe LFI \u00ab\u00a0consid\u00e8re [&hellip;]<\/p>\n","protected":false},"author":2,"featured_media":24513,"comment_status":"open","ping_status":"open","sticky":false,"template":"","format":"standard","meta":{"_jetpack_memberships_contains_paid_content":false,"footnotes":"","jetpack_publicize_message":"","jetpack_publicize_feature_enabled":true,"jetpack_social_post_already_shared":true,"jetpack_social_options":{"image_generator_settings":{"template":"highway","default_image_id":0,"font":"","enabled":false},"version":2},"_wpas_customize_per_network":false},"categories":[405],"tags":[],"class_list":["post-24512","post","type-post","status-publish","format-standard","has-post-thumbnail","hentry","category-actu-france-monde"],"jetpack_publicize_connections":[],"jetpack_featured_media_url":"https:\/\/i0.wp.com\/www.iceagetv.com\/radiosite\/wp-content\/uploads\/2023\/04\/Adrien-Quatennens.jpg?fit=680%2C453&ssl=1","jetpack_sharing_enabled":true,"_links":{"self":[{"href":"https:\/\/www.iceagetv.com\/radiosite\/wp-json\/wp\/v2\/posts\/24512","targetHints":{"allow":["GET"]}}],"collection":[{"href":"https:\/\/www.iceagetv.com\/radiosite\/wp-json\/wp\/v2\/posts"}],"about":[{"href":"https:\/\/www.iceagetv.com\/radiosite\/wp-json\/wp\/v2\/types\/post"}],"author":[{"embeddable":true,"href":"https:\/\/www.iceagetv.com\/radiosite\/wp-json\/wp\/v2\/users\/2"}],"replies":[{"embeddable":true,"href":"https:\/\/www.iceagetv.com\/radiosite\/wp-json\/wp\/v2\/comments?post=24512"}],"version-history":[{"count":1,"href":"https:\/\/www.iceagetv.com\/radiosite\/wp-json\/wp\/v2\/posts\/24512\/revisions"}],"predecessor-version":[{"id":24514,"href":"https:\/\/www.iceagetv.com\/radiosite\/wp-json\/wp\/v2\/posts\/24512\/revisions\/24514"}],"wp:featuredmedia":[{"embeddable":true,"href":"https:\/\/www.iceagetv.com\/radiosite\/wp-json\/wp\/v2\/media\/24513"}],"wp:attachment":[{"href":"https:\/\/www.iceagetv.com\/radiosite\/wp-json\/wp\/v2\/media?parent=24512"}],"wp:term":[{"taxonomy":"category","embeddable":true,"href":"https:\/\/www.iceagetv.com\/radiosite\/wp-json\/wp\/v2\/categories?post=24512"},{"taxonomy":"post_tag","embeddable":true,"href":"https:\/\/www.iceagetv.com\/radiosite\/wp-json\/wp\/v2\/tags?post=24512"}],"curies":[{"name":"wp","href":"https:\/\/api.w.org\/{rel}","templated":true}]}}