{"id":24521,"date":"2023-04-12T07:14:32","date_gmt":"2023-04-12T07:14:32","guid":{"rendered":"https:\/\/www.iceagetv.com\/radiosite\/?p=24521"},"modified":"2023-04-12T07:14:32","modified_gmt":"2023-04-12T07:14:32","slug":"la-violente-charge-cette-nuit-de-donald-trump-qui-accuse-le-president-francais-emmanuel-macron-de-lecher-le-cul-de-la-chine-dans-une-interview-a-la-tele-americaine","status":"publish","type":"post","link":"https:\/\/www.iceagetv.com\/radiosite\/la-violente-charge-cette-nuit-de-donald-trump-qui-accuse-le-president-francais-emmanuel-macron-de-lecher-le-cul-de-la-chine-dans-une-interview-a-la-tele-americaine\/","title":{"rendered":"La violente charge cette nuit de Donald Trump qui accuse le Pr\u00e9sident Fran\u00e7ais, Emmanuel Macron de&#8230; \u00ab\u00a0l\u00e9cher le cul de la Chine\u00a0\u00bb dans une interview \u00e0 la t\u00e9l\u00e9 am\u00e9ricaine"},"content":{"rendered":"\n<p>Donald Trump a accus\u00e9 le pr\u00e9sident fran\u00e7ais Emmanuel Macron de \u00abl\u00e9cher le cul\u00bb de son homologue chinois Xi Jinping apr\u00e8s sa visite \u00e0 P\u00e9kin, lors d&rsquo;une interview diffus\u00e9e cette nuit. Emmanuel Macron est sous le feu des critiques apr\u00e8s ses propos appelant l&rsquo;Union europ\u00e9enne \u00e0 ne pas \u00eatre \u00absuiviste\u00bb de l&rsquo;Am\u00e9rique ou de la Chine sur la question de Ta\u00efwan, prononc\u00e9s apr\u00e8s son s\u00e9jour en Asie.<\/p>\n\n\n\n<p>\u00abMacron, qui est un ami, est avec la Chine en train de lui l\u00e9cher le cul\u00bb, a estim\u00e9 l&rsquo;ancien pr\u00e9sident am\u00e9ricain lors d&rsquo;une interview \u00e0 la cha\u00eene Fox News, en faisant allusion au dirigeant chinois. Donald Trump a accus\u00e9 l&rsquo;administration de son successeur Joe Biden d&rsquo;avoir consid\u00e9rablement affaibli le leadership des Etats-Unis sur la sc\u00e8ne internationale, au point de perdre le soutien de ses alli\u00e9s traditionnels.<\/p>\n\n\n\n<p>\u00abVous avez ce monde de fou, qui explose de partout, et les Etats-Unis n&rsquo;ont absolument pas leur mot \u00e0 dire\u00bb, a assur\u00e9 Donald Trump. \u00abJe me suis dit \u201cOk! La France va en Chine maintenant!\u201d\u00bb, a confi\u00e9 le milliardaire.<\/p>\n\n\n\n<p>L&rsquo;administration Biden avait cherch\u00e9 lundi \u00e0 d\u00e9dramatiser la pol\u00e9mique, estimant que les Etats-Unis entretenaient une \u00abrelation bilat\u00e9rale formidable\u00bb avec la France. Face au toll\u00e9, l&rsquo;Elys\u00e9e a d\u00e9fendu la posture du pr\u00e9sident fran\u00e7ais, estimant que l&rsquo;Europe \u00abdoit pouvoir faire entendre sa voix singuli\u00e8re\u00bb<\/p>\n","protected":false},"excerpt":{"rendered":"<p>Donald Trump a accus\u00e9 le pr\u00e9sident fran\u00e7ais Emmanuel Macron de \u00abl\u00e9cher le cul\u00bb de son homologue chinois Xi Jinping apr\u00e8s sa visite \u00e0 P\u00e9kin, lors d&rsquo;une interview diffus\u00e9e cette nuit. Emmanuel Macron est sous le feu des critiques apr\u00e8s ses propos appelant l&rsquo;Union europ\u00e9enne \u00e0 ne pas \u00eatre \u00absuiviste\u00bb de l&rsquo;Am\u00e9rique ou de la Chine [&hellip;]<\/p>\n","protected":false},"author":2,"featured_media":24522,"comment_status":"open","ping_status":"open","sticky":false,"template":"","format":"standard","meta":{"_jetpack_memberships_contains_paid_content":false,"footnotes":"","jetpack_publicize_message":"","jetpack_publicize_feature_enabled":true,"jetpack_social_post_already_shared":true,"jetpack_social_options":{"image_generator_settings":{"template":"highway","default_image_id":0,"font":"","enabled":false},"version":2},"_wpas_customize_per_network":false},"categories":[405],"tags":[],"class_list":["post-24521","post","type-post","status-publish","format-standard","has-post-thumbnail","hentry","category-actu-france-monde"],"jetpack_publicize_connections":[],"jetpack_featured_media_url":"https:\/\/i0.wp.com\/www.iceagetv.com\/radiosite\/wp-content\/uploads\/2023\/04\/La-violente-charge-cette-nuit-de-Donald-Trump.jpg?fit=679%2C293&ssl=1","jetpack_sharing_enabled":true,"_links":{"self":[{"href":"https:\/\/www.iceagetv.com\/radiosite\/wp-json\/wp\/v2\/posts\/24521","targetHints":{"allow":["GET"]}}],"collection":[{"href":"https:\/\/www.iceagetv.com\/radiosite\/wp-json\/wp\/v2\/posts"}],"about":[{"href":"https:\/\/www.iceagetv.com\/radiosite\/wp-json\/wp\/v2\/types\/post"}],"author":[{"embeddable":true,"href":"https:\/\/www.iceagetv.com\/radiosite\/wp-json\/wp\/v2\/users\/2"}],"replies":[{"embeddable":true,"href":"https:\/\/www.iceagetv.com\/radiosite\/wp-json\/wp\/v2\/comments?post=24521"}],"version-history":[{"count":1,"href":"https:\/\/www.iceagetv.com\/radiosite\/wp-json\/wp\/v2\/posts\/24521\/revisions"}],"predecessor-version":[{"id":24523,"href":"https:\/\/www.iceagetv.com\/radiosite\/wp-json\/wp\/v2\/posts\/24521\/revisions\/24523"}],"wp:featuredmedia":[{"embeddable":true,"href":"https:\/\/www.iceagetv.com\/radiosite\/wp-json\/wp\/v2\/media\/24522"}],"wp:attachment":[{"href":"https:\/\/www.iceagetv.com\/radiosite\/wp-json\/wp\/v2\/media?parent=24521"}],"wp:term":[{"taxonomy":"category","embeddable":true,"href":"https:\/\/www.iceagetv.com\/radiosite\/wp-json\/wp\/v2\/categories?post=24521"},{"taxonomy":"post_tag","embeddable":true,"href":"https:\/\/www.iceagetv.com\/radiosite\/wp-json\/wp\/v2\/tags?post=24521"}],"curies":[{"name":"wp","href":"https:\/\/api.w.org\/{rel}","templated":true}]}}