{"id":24531,"date":"2023-04-13T18:42:00","date_gmt":"2023-04-13T18:42:00","guid":{"rendered":"https:\/\/www.iceagetv.com\/radiosite\/?p=24531"},"modified":"2023-04-13T18:42:00","modified_gmt":"2023-04-13T18:42:00","slug":"retraites-le-ministere-de-linterieur-annonce-que-380-000-personnes-ont-manifeste-en-france-10-membres-des-forces-de-lordre-blesses-a-paris-reponse-du-conseil-constitutionnel-vendredi-a-17h30","status":"publish","type":"post","link":"https:\/\/www.iceagetv.com\/radiosite\/retraites-le-ministere-de-linterieur-annonce-que-380-000-personnes-ont-manifeste-en-france-10-membres-des-forces-de-lordre-blesses-a-paris-reponse-du-conseil-constitutionnel-vendredi-a-17h30\/","title":{"rendered":"Retraites : Le minist\u00e8re de l&rsquo;Int\u00e9rieur annonce que 380.000 personnes ont manifest\u00e9 en France &#8211; 10 membres des forces de l&rsquo;ordre bless\u00e9s \u00e0 Paris &#8211; R\u00e9ponse du Conseil Constitutionnel vendredi \u00e0 17h30"},"content":{"rendered":"\n<p><strong>Le minist\u00e8re de l&rsquo;Int\u00e9rieur a annonc\u00e9 que 380.000 personnes avaient manifest\u00e9 ce jeudi en France<\/strong>, un chiffre en baisse par rapport \u00e0 la semaine derni\u00e8re (570.000). L&rsquo;intersyndicale a de son c\u00f4t\u00e9 annonc\u00e9 plus d&rsquo;un million de manifestants, contre pr\u00e8s de deux millions la semaine derni\u00e8re. <\/p>\n\n\n\n<p><strong>La pr\u00e9fecture fait \u00e9tat de 10 bless\u00e9s au sein des forces de l&rsquo;ordre \u00e0 ce stade \u00e0 Paris<\/strong><\/p>\n\n\n\n<p>\u00a0La pr\u00e9fecture de police indique que 36 personnes ont \u00e9t\u00e9 interpell\u00e9es en marge de la manifestation \u00e0 Paris<strong>\u00a0La CGT revendique 400.000 manifestants \u00e0 Paris &#8211; 42.000 selon la pr\u00e9fecture de police<\/strong>A 16h30, les forces de l&rsquo;ordre avaient proc\u00e9d\u00e9 \u00e0 Paris \u00e0 25 interpellations, annonce la pr\u00e9fecture de police<strong>\u00a0Le pr\u00e9fet de police de Paris a pris un arr\u00eat\u00e9 pour interdire d\u00e8s ce soir 18h00 toute manifestation aux abords du Conseil constitutionnel. Cette interdiction sera effective jusqu&rsquo;\u00e0 samedi 8h00.\u00a0\u00ab\u00a0Il existe un risque important que des rassemblements non d\u00e9clar\u00e9s se tiennent ce jour-l\u00e0 aux abords du Conseil constitutionnel, en vue de faire notamment pression sur sa d\u00e9cision\u00a0\u00bb, peut-on lire dans l&rsquo;arr\u00eat\u00e9.<\/strong><\/p>\n\n\n\n<p>\u00c0 Rennes, la douzi\u00e8me journ\u00e9e de manifestation a donn\u00e9 lieu aux traditionnels incendies de poubelles et actes de vandalisme contre des vitrines et du mobilier urbain. Deux v\u00e9hicules de marque Mercedes et Tesla stationn\u00e9s le long du parcours ont \u00e9t\u00e9 vandalis\u00e9s et incendi\u00e9s, ont constat\u00e9 des journalistes de l&rsquo;AFP.<\/p>\n\n\n\n<p>\u00c0 la fin de la manifestation officielle, qui a rassembl\u00e9 15.000 personnes selon l&rsquo;intersyndicale et 6.500 selon la pr\u00e9fecture, plusieurs centaines d&rsquo;individus au visage masqu\u00e9 ont poursuivi leur marche en direction du centre historique, provoquant au passage les forces de l&rsquo;ordre qui ont fait usage de grenades lacrymog\u00e8nes et de canon \u00e0 eau.<\/p>\n\n\n\n<p>Les forces de l&rsquo;ordre, qui avaient organis\u00e9 des fouilles aux abords du point de rassemblement, ont saisi \u00ab\u00a0plusieurs sacs remplis de cailloux et pav\u00e9s en amont de la manifestation\u00a0\u00bb, a pr\u00e9cis\u00e9 la pr\u00e9fecture d&rsquo;Ille-et-Vilaine.<\/p>\n","protected":false},"excerpt":{"rendered":"<p>Le minist\u00e8re de l&rsquo;Int\u00e9rieur a annonc\u00e9 que 380.000 personnes avaient manifest\u00e9 ce jeudi en France, un chiffre en baisse par rapport \u00e0 la semaine derni\u00e8re (570.000). L&rsquo;intersyndicale a de son c\u00f4t\u00e9 annonc\u00e9 plus d&rsquo;un million de manifestants, contre pr\u00e8s de deux millions la semaine derni\u00e8re. La pr\u00e9fecture fait \u00e9tat de 10 bless\u00e9s au sein des [&hellip;]<\/p>\n","protected":false},"author":2,"featured_media":24532,"comment_status":"open","ping_status":"open","sticky":false,"template":"","format":"standard","meta":{"_jetpack_memberships_contains_paid_content":false,"footnotes":"","jetpack_publicize_message":"","jetpack_publicize_feature_enabled":true,"jetpack_social_post_already_shared":true,"jetpack_social_options":{"image_generator_settings":{"template":"highway","default_image_id":0,"font":"","enabled":false},"version":2},"_wpas_customize_per_network":false},"categories":[405],"tags":[],"class_list":["post-24531","post","type-post","status-publish","format-standard","has-post-thumbnail","hentry","category-actu-france-monde"],"jetpack_publicize_connections":[],"jetpack_featured_media_url":"https:\/\/i0.wp.com\/www.iceagetv.com\/radiosite\/wp-content\/uploads\/2023\/04\/Le-ministere-de-lInterieur-annonce-que-380.000-personnes.jpg?fit=679%2C293&ssl=1","jetpack_sharing_enabled":true,"_links":{"self":[{"href":"https:\/\/www.iceagetv.com\/radiosite\/wp-json\/wp\/v2\/posts\/24531","targetHints":{"allow":["GET"]}}],"collection":[{"href":"https:\/\/www.iceagetv.com\/radiosite\/wp-json\/wp\/v2\/posts"}],"about":[{"href":"https:\/\/www.iceagetv.com\/radiosite\/wp-json\/wp\/v2\/types\/post"}],"author":[{"embeddable":true,"href":"https:\/\/www.iceagetv.com\/radiosite\/wp-json\/wp\/v2\/users\/2"}],"replies":[{"embeddable":true,"href":"https:\/\/www.iceagetv.com\/radiosite\/wp-json\/wp\/v2\/comments?post=24531"}],"version-history":[{"count":1,"href":"https:\/\/www.iceagetv.com\/radiosite\/wp-json\/wp\/v2\/posts\/24531\/revisions"}],"predecessor-version":[{"id":24533,"href":"https:\/\/www.iceagetv.com\/radiosite\/wp-json\/wp\/v2\/posts\/24531\/revisions\/24533"}],"wp:featuredmedia":[{"embeddable":true,"href":"https:\/\/www.iceagetv.com\/radiosite\/wp-json\/wp\/v2\/media\/24532"}],"wp:attachment":[{"href":"https:\/\/www.iceagetv.com\/radiosite\/wp-json\/wp\/v2\/media?parent=24531"}],"wp:term":[{"taxonomy":"category","embeddable":true,"href":"https:\/\/www.iceagetv.com\/radiosite\/wp-json\/wp\/v2\/categories?post=24531"},{"taxonomy":"post_tag","embeddable":true,"href":"https:\/\/www.iceagetv.com\/radiosite\/wp-json\/wp\/v2\/tags?post=24531"}],"curies":[{"name":"wp","href":"https:\/\/api.w.org\/{rel}","templated":true}]}}