{"id":24534,"date":"2023-04-13T18:44:47","date_gmt":"2023-04-13T18:44:47","guid":{"rendered":"https:\/\/www.iceagetv.com\/radiosite\/?p=24534"},"modified":"2023-04-13T18:44:48","modified_gmt":"2023-04-13T18:44:48","slug":"accord-surprise-entre-canal-et-apple-tv-la-chaine-cryptee-va-offrir-a-tous-ses-abonnes-lacces-gratuit-a-tous-les-contenus-de-la-plateforme-a-partir-du-jeudi-20-avril","status":"publish","type":"post","link":"https:\/\/www.iceagetv.com\/radiosite\/accord-surprise-entre-canal-et-apple-tv-la-chaine-cryptee-va-offrir-a-tous-ses-abonnes-lacces-gratuit-a-tous-les-contenus-de-la-plateforme-a-partir-du-jeudi-20-avril\/","title":{"rendered":"Accord surprise entre Canal+ et Apple TV+ : La cha\u00eene crypt\u00e9e va offrir \u00e0 tous ses abonn\u00e9s l&rsquo;acc\u00e8s gratuit \u00e0 tous les contenus de la plateforme \u00e0 partir du jeudi 20 avril"},"content":{"rendered":"\n<p>D\u00e8s le 20 avril prochain, toutes les offres CANAL+ s\u2019enrichissent avec l\u2019arriv\u00e9e d\u2019Apple TV+, le service de streaming prim\u00e9 d\u2019Apple. L\u2019ensemble des contenus d\u2019Apple TV+ sera offert \u00e0 tous les abonn\u00e9s CANAL+ en France m\u00e9tropolitaine. L\u2019int\u00e9gralit\u00e9 des nouveaux abonn\u00e9s CANAL+ b\u00e9n\u00e9ficieront \u00e9galement d\u2019Apple TV+ inclus dans leur offre, \u00e0 compter de leur souscription. L&rsquo;ensemble des contenus d\u2019Apple TV+ pourra \u00eatre visionn\u00e9 directement sur myCANAL et dans l\u2019univers CANAL+ des d\u00e9codeurs des partenaires et des d\u00e9codeurs CANAL+.<\/p>\n\n\n\n<p>Les abonn\u00e9s CANAL+ pourront ainsi profiter des nouveaux programmes tr\u00e8s attendus d\u2019Apple TV+. La com\u00e9die explosive \u201dGhosted\u201d avec Chris Evans et Ana de Armas sera disponible d\u00e8s le 21 avril, date \u00e0 laquelle d\u00e9butera \u00e9galement la s\u00e9rie franco-japonaise \u201dLes Gouttes de Dieu\u201d, inspir\u00e9e du manga \u00e0 succ\u00e8s, mettant en sc\u00e8ne une course \u00e0 l&rsquo;h\u00e9ritage dans le monde de l\u2019\u0153nologie.<\/p>\n\n\n\n<p>Le 5 mai verra le coup d\u2019envoi de \u00ab\u00a0Silo\u201d, s\u00e9rie de science-fiction avec Rebecca Ferguson, adapt\u00e9e de la trilogie dystopique de Hugh Howey.<\/p>\n\n\n\n<p>Les abonn\u00e9s CANAL+ pourront \u00e9galement retrouver des s\u00e9ries embl\u00e9matiques d\u2019Apple TV+ comme \u201dThe Morning Show\u201d, acclam\u00e9e par la critique, \u201dTed Lasso\u201d, prim\u00e9e aux Emmy Awards, mais aussi \u201dT\u00e9h\u00e9ran\u201d, \u201dLiaison\u201d, \u201dSee\u201d, \u201dSeverance\u201d, \u201dFor All Mankind\u201d et \u201dFoundation\u201d ainsi que des films prim\u00e9s comme \u201dCODA\u201d, laur\u00e9at de l\u2019Oscar du meilleur long-m\u00e9trage, ou des succ\u00e8s comme \u201dGreyhound\u201d, \u201dFinch\u201d, \u201dLuck\u201d, \u201dCauseway\u201d, \u201dEmancipation\u201d, \u201dTetris\u201d et bien plus encore.<\/p>\n\n\n\n<p>De plus, tout au long de cet accord pluriannuel, le Groupe CANAL+ diffusera sur sa cha\u00eene CANAL+ des s\u00e9ries Apple Original, dont \u201dThe Morning Show\u201d d\u00e8s le 20 avril ou encore \u201dFoundation\u201d et \u201dT\u00e9h\u00e9ran\u201d.<\/p>\n\n\n\n<p>Maxime Saada, Pr\u00e9sident du Directoire du Groupe CANAL+, a d\u00e9clar\u00e9 :<\/p>\n\n\n\n<p>\u00ab Apple est l\u2019une des plus belles marques du monde et nous sommes fiers d\u2019y associer aujourd\u2019hui la marque CANAL+. Tout au long de son histoire, Apple a r\u00e9volutionn\u00e9 toutes les cat\u00e9gories de produits et services dans lesquelles il a choisi de se lancer. Avec Apple TV+, Apple a appliqu\u00e9 son exigence et son excellence aux contenus pour devenir, en seulement quelques ann\u00e9es, l\u2019un des principaux acteurs mondiaux de cette industrie, comme en t\u00e9moignent ses nombreux films et s\u00e9ries prim\u00e9s.<\/p>\n\n\n\n<p>C\u2019est pourquoi, pour la premi\u00e8re fois de son histoire, le Groupe CANAL+ a choisi d\u2019offrir l\u2019acc\u00e8s aux contenus d\u2019une plateforme partenaire \u00e0 tous ses abonn\u00e9s en France.<\/p>\n\n\n\n<p>Avec ce partenariat historique, nous consolidons \u00e0 la fois notre m\u00e9tier d\u2019agr\u00e9gateur, via la distribution d\u2019Apple TV+, et notre m\u00e9tier d\u2019\u00e9diteur, avec la diffusion de s\u00e9ries Apple Original sur notre cha\u00eene CANAL+, pour le plus grand plaisir de nos abonn\u00e9s.\u00bb<\/p>\n\n\n\n<p>\u00ab J&rsquo;ai toujours admir\u00e9 CANAL+ et son attachement \u00e0 proposer une programmation de grande qualit\u00e9. Nous sommes donc plus que ravis de travailler avec eux pour proposer les s\u00e9ries et films prim\u00e9s d&rsquo;Apple TV+ dans encore plus de foyers en France \u00bb, a d\u00e9clar\u00e9 Eddy Cue, senior vice-president des Services d&rsquo;Apple.<\/p>\n\n\n\n<p>\u00ab C\u2019est une offre extraordinaire pour les abonn\u00e9s de CANAL+. Et avec des s\u00e9ries comme Liaison et Les Gouttes de Dieu, nous confirmons notre engagement aupr\u00e8s de l&rsquo;industrie cr\u00e9ative fran\u00e7aise et contribuons \u00e0 mettre en lumi\u00e8re certains de ses meilleurs talents.\u00bb<\/p>\n","protected":false},"excerpt":{"rendered":"<p>D\u00e8s le 20 avril prochain, toutes les offres CANAL+ s\u2019enrichissent avec l\u2019arriv\u00e9e d\u2019Apple TV+, le service de streaming prim\u00e9 d\u2019Apple. L\u2019ensemble des contenus d\u2019Apple TV+ sera offert \u00e0 tous les abonn\u00e9s CANAL+ en France m\u00e9tropolitaine. L\u2019int\u00e9gralit\u00e9 des nouveaux abonn\u00e9s CANAL+ b\u00e9n\u00e9ficieront \u00e9galement d\u2019Apple TV+ inclus dans leur offre, \u00e0 compter de leur souscription. L&rsquo;ensemble des [&hellip;]<\/p>\n","protected":false},"author":2,"featured_media":24535,"comment_status":"open","ping_status":"open","sticky":false,"template":"","format":"standard","meta":{"_jetpack_memberships_contains_paid_content":false,"footnotes":"","jetpack_publicize_message":"","jetpack_publicize_feature_enabled":true,"jetpack_social_post_already_shared":true,"jetpack_social_options":{"image_generator_settings":{"template":"highway","default_image_id":0,"font":"","enabled":false},"version":2},"_wpas_customize_per_network":false},"categories":[68],"tags":[],"class_list":["post-24534","post","type-post","status-publish","format-standard","has-post-thumbnail","hentry","category-actu-culturelle"],"jetpack_publicize_connections":[],"jetpack_featured_media_url":"https:\/\/i0.wp.com\/www.iceagetv.com\/radiosite\/wp-content\/uploads\/2023\/04\/Accord-surprise-entre-Canal-et-Apple-TV.jpg?fit=680%2C429&ssl=1","jetpack_sharing_enabled":true,"_links":{"self":[{"href":"https:\/\/www.iceagetv.com\/radiosite\/wp-json\/wp\/v2\/posts\/24534","targetHints":{"allow":["GET"]}}],"collection":[{"href":"https:\/\/www.iceagetv.com\/radiosite\/wp-json\/wp\/v2\/posts"}],"about":[{"href":"https:\/\/www.iceagetv.com\/radiosite\/wp-json\/wp\/v2\/types\/post"}],"author":[{"embeddable":true,"href":"https:\/\/www.iceagetv.com\/radiosite\/wp-json\/wp\/v2\/users\/2"}],"replies":[{"embeddable":true,"href":"https:\/\/www.iceagetv.com\/radiosite\/wp-json\/wp\/v2\/comments?post=24534"}],"version-history":[{"count":1,"href":"https:\/\/www.iceagetv.com\/radiosite\/wp-json\/wp\/v2\/posts\/24534\/revisions"}],"predecessor-version":[{"id":24536,"href":"https:\/\/www.iceagetv.com\/radiosite\/wp-json\/wp\/v2\/posts\/24534\/revisions\/24536"}],"wp:featuredmedia":[{"embeddable":true,"href":"https:\/\/www.iceagetv.com\/radiosite\/wp-json\/wp\/v2\/media\/24535"}],"wp:attachment":[{"href":"https:\/\/www.iceagetv.com\/radiosite\/wp-json\/wp\/v2\/media?parent=24534"}],"wp:term":[{"taxonomy":"category","embeddable":true,"href":"https:\/\/www.iceagetv.com\/radiosite\/wp-json\/wp\/v2\/categories?post=24534"},{"taxonomy":"post_tag","embeddable":true,"href":"https:\/\/www.iceagetv.com\/radiosite\/wp-json\/wp\/v2\/tags?post=24534"}],"curies":[{"name":"wp","href":"https:\/\/api.w.org\/{rel}","templated":true}]}}