{"id":24554,"date":"2023-04-14T12:27:55","date_gmt":"2023-04-14T12:27:55","guid":{"rendered":"https:\/\/www.iceagetv.com\/radiosite\/?p=24554"},"modified":"2023-04-14T12:27:58","modified_gmt":"2023-04-14T12:27:58","slug":"le-smic-augmentera-dun-peu-plus-de-2-au-1er-mai","status":"publish","type":"post","link":"https:\/\/www.iceagetv.com\/radiosite\/le-smic-augmentera-dun-peu-plus-de-2-au-1er-mai\/","title":{"rendered":"Le smic augmentera d\u2019un peu plus de 2\u00a0% au 1er\u00a0mai"},"content":{"rendered":"\n<p>Une bonne nouvelle pour le pouvoir d\u2019achat. \u00c9lisabeth Borne a annonc\u00e9 ce vendredi matin que le smic augmenterait \u00ab d\u2019un peu plus de 2 % \u00bb au 1er mai. La Premi\u00e8re ministre, en d\u00e9placement dans un supermarch\u00e9 de l\u2019Eure-et-Loir, entend ainsi donner un coup de pouce aux Fran\u00e7ais qui touchent le salaire minimum, pour contrer&nbsp;<a href=\"https:\/\/www.leparisien.fr\/economie\/linflation-devrait-commencer-a-refluer-mi-2023-estime-bruno-le-maire-11-04-2023-646DXWFUUFBAPC74R4X5I5WI2Q.php\" target=\"_blank\" rel=\"noreferrer noopener\">une hausse des prix \u00e0 la consommation<\/a>&nbsp;qui a atteint 5,7 % en mars sur douze mois.<\/p>\n\n\n\n<p>Selon le cabinet du ministre du Travail Olivier Dussopt, la hausse sera de 2,19 %. Le smic net mensuel sera ainsi revaloris\u00e9 de 30 euros \u00e0 1 383 euros pour un temps plein de 35 heures.Lors de sa visite dans un supermarch\u00e9, qui a \u00e9t\u00e9 interrompue \u00e0 plusieurs reprises par des manifestants hostiles \u00e0 la r\u00e9forme des retraites, la Premi\u00e8re ministre a appel\u00e9 les entreprises \u00e0 \u00ab ren\u00e9gocier au plus vite les grilles salariales \u00bb pour les employ\u00e9s afin que les salari\u00e9s qui gagnent l\u00e9g\u00e8rement plus que le smic ne soient pas p\u00e9nalis\u00e9s. \u00ab J\u2019invite toutes les branches professionnelles et toutes les entreprises qui le peuvent \u00e0 se mobiliser aussi pour r\u00e9pondre \u00e0 cette premi\u00e8re pr\u00e9occupation des Fran\u00e7ais qui est le pouvoir d\u2019achat \u00bb, a-t-elle d\u00e9clar\u00e9.<\/p>\n\n\n\n<p>Lors de ce d\u00e9placement avec la ministre d\u00e9l\u00e9gu\u00e9e aux PME Olivia Gr\u00e9goire, \u00c9lisabeth Borne a assur\u00e9 que le \u00ab panier anti-inflation \u00bb mis en place par la grande distribution a permis d\u2019\u00e9viter une forte hausse des prix. \u00ab Gr\u00e2ce au trimestre anti-inflation, avec cet engagement des distributeurs \u00e0 rogner sur leurs marges pour prot\u00e9ger le pouvoir d\u2019achat, on a pu \u00e9viter cette flamb\u00e9e des prix de l\u2019alimentation et des produits d\u2019hygi\u00e8ne \u00bb, a affirm\u00e9 la cheffe du gouvernement.<\/p>\n\n\n\n<p>Elle a \u00e9galement assur\u00e9 que \u00ab pour toutes les enseignes qui se sont engag\u00e9es dans le trimestre anti-inflation (qui arrive \u00e0 \u00e9ch\u00e9ance le 15 juin), sur les produits qui sont dans le panier, les prix ont baiss\u00e9 de 5 % en moyenne \u00bb.Pour rappel, le smic b\u00e9n\u00e9ficie chaque ann\u00e9e d\u2019une hausse m\u00e9canique au 1er janvier qui tient compte de la hausse des prix pond\u00e9r\u00e9e pour les 20 % de m\u00e9nages aux plus faibles revenus. Des revalorisations interviennent aussi en cours d\u2019ann\u00e9e d\u00e8s que l\u2019inflation d\u00e9passe les 2 %. En 2022, au 1er mai, le smic avait d\u00e9j\u00e0 augment\u00e9 de 2,65 % par rapport au 1er mai 2021, passant le salaire minimum mensuel net de 1 230,60 euros \u00e0 1 302,64 euros.<\/p>\n","protected":false},"excerpt":{"rendered":"<p>Une bonne nouvelle pour le pouvoir d\u2019achat. \u00c9lisabeth Borne a annonc\u00e9 ce vendredi matin que le smic augmenterait \u00ab d\u2019un peu plus de 2 % \u00bb au 1er mai. La Premi\u00e8re ministre, en d\u00e9placement dans un supermarch\u00e9 de l\u2019Eure-et-Loir, entend ainsi donner un coup de pouce aux Fran\u00e7ais qui touchent le salaire minimum, pour contrer&nbsp;une [&hellip;]<\/p>\n","protected":false},"author":2,"featured_media":24555,"comment_status":"open","ping_status":"open","sticky":false,"template":"","format":"standard","meta":{"_jetpack_memberships_contains_paid_content":false,"footnotes":"","jetpack_publicize_message":"","jetpack_publicize_feature_enabled":true,"jetpack_social_post_already_shared":true,"jetpack_social_options":{"image_generator_settings":{"template":"highway","default_image_id":0,"font":"","enabled":false},"version":2},"_wpas_customize_per_network":false},"categories":[405],"tags":[],"class_list":["post-24554","post","type-post","status-publish","format-standard","has-post-thumbnail","hentry","category-actu-france-monde"],"jetpack_publicize_connections":[],"jetpack_featured_media_url":"https:\/\/i0.wp.com\/www.iceagetv.com\/radiosite\/wp-content\/uploads\/2023\/04\/Le-smic-augmentera-dun-peu-plus-de-2-au-1er-mai.jpg?fit=932%2C582&ssl=1","jetpack_sharing_enabled":true,"_links":{"self":[{"href":"https:\/\/www.iceagetv.com\/radiosite\/wp-json\/wp\/v2\/posts\/24554","targetHints":{"allow":["GET"]}}],"collection":[{"href":"https:\/\/www.iceagetv.com\/radiosite\/wp-json\/wp\/v2\/posts"}],"about":[{"href":"https:\/\/www.iceagetv.com\/radiosite\/wp-json\/wp\/v2\/types\/post"}],"author":[{"embeddable":true,"href":"https:\/\/www.iceagetv.com\/radiosite\/wp-json\/wp\/v2\/users\/2"}],"replies":[{"embeddable":true,"href":"https:\/\/www.iceagetv.com\/radiosite\/wp-json\/wp\/v2\/comments?post=24554"}],"version-history":[{"count":1,"href":"https:\/\/www.iceagetv.com\/radiosite\/wp-json\/wp\/v2\/posts\/24554\/revisions"}],"predecessor-version":[{"id":24556,"href":"https:\/\/www.iceagetv.com\/radiosite\/wp-json\/wp\/v2\/posts\/24554\/revisions\/24556"}],"wp:featuredmedia":[{"embeddable":true,"href":"https:\/\/www.iceagetv.com\/radiosite\/wp-json\/wp\/v2\/media\/24555"}],"wp:attachment":[{"href":"https:\/\/www.iceagetv.com\/radiosite\/wp-json\/wp\/v2\/media?parent=24554"}],"wp:term":[{"taxonomy":"category","embeddable":true,"href":"https:\/\/www.iceagetv.com\/radiosite\/wp-json\/wp\/v2\/categories?post=24554"},{"taxonomy":"post_tag","embeddable":true,"href":"https:\/\/www.iceagetv.com\/radiosite\/wp-json\/wp\/v2\/tags?post=24554"}],"curies":[{"name":"wp","href":"https:\/\/api.w.org\/{rel}","templated":true}]}}