{"id":24569,"date":"2023-04-17T18:20:25","date_gmt":"2023-04-17T18:20:25","guid":{"rendered":"https:\/\/www.iceagetv.com\/radiosite\/?p=24569"},"modified":"2023-04-17T18:20:28","modified_gmt":"2023-04-17T18:20:28","slug":"emmanuel-macron-cette-reforme-des-retraites-est-elle-acceptee-a-levidence-non-une-colere-sest-exprimee-et-personne-ne-peut-rester-sourd-nous-devons-agir-ensemble-je-ferai-un-bilan-le-14-j","status":"publish","type":"post","link":"https:\/\/www.iceagetv.com\/radiosite\/emmanuel-macron-cette-reforme-des-retraites-est-elle-acceptee-a-levidence-non-une-colere-sest-exprimee-et-personne-ne-peut-rester-sourd-nous-devons-agir-ensemble-je-ferai-un-bilan-le-14-j\/","title":{"rendered":"Emmanuel Macron : \u00ab\u00a0Cette r\u00e9forme des retraites est-elle accept\u00e9e ? A l&rsquo;\u00e9vidence non. Une col\u00e8re s&rsquo;est exprim\u00e9e et personne ne peut rester sourd. Nous devons agir ensemble. Je ferai un bilan le 14 juillet, dans 100 jours\u00a0\u00bb"},"content":{"rendered":"\n<p><strong>Emmanuel Macron prend la parole : \u00ab\u00a0La r\u00e9forme des retraites \u00e9tait n\u00e9cessaire, on ne pouvait pas ne rien faire. Cette r\u00e9forme est-elle accept\u00e9e ? A l&rsquo;\u00e9vidence non.<\/strong>&nbsp;Une col\u00e8re s&rsquo;est exprim\u00e9e et personne ne peut rester sourd.&nbsp;C&rsquo;est toute cette col\u00e8re que de tr\u00e8s nombreux Fran\u00e7ais ont exprim\u00e9e en manifestant, et pour l&rsquo;immense majorit\u00e9, dans le calme et le respect de nos institutions. Personne et surtout pas moi ne peut rester sourd \u00e0 cette revendication de justice sociale et de r\u00e9novation de notre vie d\u00e9mocratique.&nbsp;<\/p>\n\n\n\n<p>Je vais recevoir d\u00e8s demain les organisations patronales et syndicales pour celles qui y sont pr\u00eates avec&nbsp;&nbsp;la volont\u00e9&nbsp;d&rsquo;ouvrir sans limites ni tabous une s\u00e9rie de n\u00e9gociations sur des sujets essentiels. Ce nouveau pacte de la vie au travail sera construit dans les semaines qui viennent par le dialogue social, et ce sera au plus pr\u00e8s du terrain que les accords que les organisations syndicales et patronales sauront trouv\u00e9s.<\/p>\n\n\n\n<p>Je veux que chacun d&rsquo;entre vous retrouve la certitude que nos enfants pourront b\u00e2tir une vie meilleure. Et ce sont nos services publics qui devront porter cette esp\u00e9rance, de la petite enfance au grand \u00e2ge.<\/p>\n\n\n\n<p>L&rsquo;Education nationale doit renouer avec l&rsquo;ambition d&rsquo;\u00eatre une des meilleures d&rsquo;Europe. Aussi, d\u00e8s la rentr\u00e9e, notre \u00e9cole va changer \u00e0 vue d&rsquo;\u0153il : pour les enseignants, qui seront mieux r\u00e9mun\u00e9r\u00e9s et auront plus de libert\u00e9, pour les \u00e9l\u00e8ves, qui seront davantage accompagn\u00e9s en fran\u00e7ais et en math\u00e9matiques pour leurs devoirs, et pratiqueront plus de sport \u00e0 l&rsquo;\u00e9cole : pour les parents qui verront le remplacement syst\u00e9matique des enseignants absents.<\/p>\n\n\n\n<p>Je ferai un bilan le 14 juillet prochain. Nous avons 100 jours d&rsquo;apaisement devant nous.&nbsp;<\/p>\n\n\n\n<p>Chers&nbsp;compatriotes, ensemble, nous avons fait face \u00e0 l&rsquo;\u00e9pid\u00e9mie, \u00e0 de nombreuses crises depuis six ans, \u00e0 tant de p\u00e9rils. A chaque fois, j&rsquo;ai cherch\u00e9 \u00e0 lib\u00e9rer les \u00e9nergies, \u00e0 prot\u00e9ger les plus faibles, \u00e0 tenir l&rsquo;unit\u00e9 du pays avec le seul int\u00e9r\u00eat de la nation comme guide. C&rsquo;est le m\u00eame esprit de responsabilit\u00e9 qui doit nous animer au moment o\u00f9 nous avons \u00e0 relever sans attendre les d\u00e9fis du changement climatique, du vieillissement, des d\u00e9sordres g\u00e9opolitiques, des r\u00e9volutions technologiques comme l&rsquo;intelligence artificielle ou les algorithmes.<\/p>\n","protected":false},"excerpt":{"rendered":"<p>Emmanuel Macron prend la parole : \u00ab\u00a0La r\u00e9forme des retraites \u00e9tait n\u00e9cessaire, on ne pouvait pas ne rien faire. Cette r\u00e9forme est-elle accept\u00e9e ? A l&rsquo;\u00e9vidence non.&nbsp;Une col\u00e8re s&rsquo;est exprim\u00e9e et personne ne peut rester sourd.&nbsp;C&rsquo;est toute cette col\u00e8re que de tr\u00e8s nombreux Fran\u00e7ais ont exprim\u00e9e en manifestant, et pour l&rsquo;immense majorit\u00e9, dans le calme [&hellip;]<\/p>\n","protected":false},"author":2,"featured_media":24570,"comment_status":"open","ping_status":"open","sticky":false,"template":"","format":"standard","meta":{"_jetpack_memberships_contains_paid_content":false,"footnotes":"","jetpack_publicize_message":"","jetpack_publicize_feature_enabled":true,"jetpack_social_post_already_shared":true,"jetpack_social_options":{"image_generator_settings":{"template":"highway","default_image_id":0,"font":"","enabled":false},"version":2},"_wpas_customize_per_network":false},"categories":[405],"tags":[],"class_list":["post-24569","post","type-post","status-publish","format-standard","has-post-thumbnail","hentry","category-actu-france-monde"],"jetpack_publicize_connections":[],"jetpack_featured_media_url":"https:\/\/i0.wp.com\/www.iceagetv.com\/radiosite\/wp-content\/uploads\/2023\/04\/Cette-reforme-des-retraites-est-elle-acceptee.jpg?fit=679%2C293&ssl=1","jetpack_sharing_enabled":true,"_links":{"self":[{"href":"https:\/\/www.iceagetv.com\/radiosite\/wp-json\/wp\/v2\/posts\/24569","targetHints":{"allow":["GET"]}}],"collection":[{"href":"https:\/\/www.iceagetv.com\/radiosite\/wp-json\/wp\/v2\/posts"}],"about":[{"href":"https:\/\/www.iceagetv.com\/radiosite\/wp-json\/wp\/v2\/types\/post"}],"author":[{"embeddable":true,"href":"https:\/\/www.iceagetv.com\/radiosite\/wp-json\/wp\/v2\/users\/2"}],"replies":[{"embeddable":true,"href":"https:\/\/www.iceagetv.com\/radiosite\/wp-json\/wp\/v2\/comments?post=24569"}],"version-history":[{"count":1,"href":"https:\/\/www.iceagetv.com\/radiosite\/wp-json\/wp\/v2\/posts\/24569\/revisions"}],"predecessor-version":[{"id":24571,"href":"https:\/\/www.iceagetv.com\/radiosite\/wp-json\/wp\/v2\/posts\/24569\/revisions\/24571"}],"wp:featuredmedia":[{"embeddable":true,"href":"https:\/\/www.iceagetv.com\/radiosite\/wp-json\/wp\/v2\/media\/24570"}],"wp:attachment":[{"href":"https:\/\/www.iceagetv.com\/radiosite\/wp-json\/wp\/v2\/media?parent=24569"}],"wp:term":[{"taxonomy":"category","embeddable":true,"href":"https:\/\/www.iceagetv.com\/radiosite\/wp-json\/wp\/v2\/categories?post=24569"},{"taxonomy":"post_tag","embeddable":true,"href":"https:\/\/www.iceagetv.com\/radiosite\/wp-json\/wp\/v2\/tags?post=24569"}],"curies":[{"name":"wp","href":"https:\/\/api.w.org\/{rel}","templated":true}]}}