{"id":24572,"date":"2023-04-17T18:23:13","date_gmt":"2023-04-17T18:23:13","guid":{"rendered":"https:\/\/www.iceagetv.com\/radiosite\/?p=24572"},"modified":"2023-04-17T18:23:16","modified_gmt":"2023-04-17T18:23:16","slug":"la-france-ne-respecte-pas-les-droits-fondamentaux-des-personnes-handicapees-a-tranche-le-conseil-de-leurope-donnant-ainsi-raison-a-des-associations-qui-lavaient-saisi-en-2018","status":"publish","type":"post","link":"https:\/\/www.iceagetv.com\/radiosite\/la-france-ne-respecte-pas-les-droits-fondamentaux-des-personnes-handicapees-a-tranche-le-conseil-de-leurope-donnant-ainsi-raison-a-des-associations-qui-lavaient-saisi-en-2018\/","title":{"rendered":"La France ne respecte pas les droits fondamentaux des personnes handicap\u00e9es, a tranch\u00e9 le Conseil de l\u2019Europe, donnant ainsi raison \u00e0 des associations qui l\u2019avaient saisi en 2018"},"content":{"rendered":"\n<p>B\u00e2timents et transports inaccessibles, difficult\u00e9s dans la scolarisation des enfants ou l\u2019acc\u00e8s aux soins: la France ne respecte pas les droits fondamentaux des personnes handicap\u00e9es, a tranch\u00e9 le Conseil de l\u2019Europe, donnant ainsi raison \u00e0 des associations qui l\u2019avaient saisi en 2018.<\/p>\n\n\n\n<p>Le Comit\u00e9 europ\u00e9en des droits sociaux (CEDS), une structure de l\u2019organisation paneurop\u00e9enne bas\u00e9e \u00e0 Strasbourg, a annonc\u00e9 lundi avoir conclu \u00e0 l\u2019unanimit\u00e9 que la France avait viol\u00e9 plusieurs articles de la Charte sociale europ\u00e9enne, un texte qui garantit les droits sociaux et \u00e9conomiques fondamentaux.<\/p>\n\n\n\n<p>Le gouvernement fran\u00e7ais doit tirer les cons\u00e9quences de cette violation \u00ab&nbsp;\u00e9tablie&nbsp;\u00bb par des \u00ab&nbsp;mesures imm\u00e9diates&nbsp;\u00bb pour mettre fin \u00e0 des \u00ab&nbsp;injustices intol\u00e9rables&nbsp;\u00bb, ont r\u00e9agi dans un communiqu\u00e9 les quatre associations qui avaient d\u00e9pos\u00e9 une \u00ab&nbsp;r\u00e9clamation&nbsp;\u00bb \u00e0 Strasbourg, l\u2019Unapei, APF France handicap, l\u2019Unafam et la FNATH.<\/p>\n\n\n\n<p>Dans sa longue d\u00e9cision argument\u00e9e, le Conseil de l\u2019Europe \u00e9num\u00e8re plusieurs manquements imputables selon lui \u00e0 la France. Il cite notamment le manque de places en structures d\u2019accueil pour personnes handicap\u00e9es &#8211; ce qui contraint des centaines d\u2019entre elles \u00e0 s\u2019exiler en Belgique -, l\u2019insuffisance des aides financi\u00e8res, ou l\u2019inaccessibilit\u00e9 des b\u00e2timents ou moyens de transport.<\/p>\n\n\n\n<p>Sont \u00e9galement point\u00e9s l\u2019insuffisante inclusion des \u00e9l\u00e8ves handicap\u00e9s dans les \u00e9coles ordinaires, ou encore, en mati\u00e8re de sant\u00e9, le \u00ab&nbsp;nombre \u00e9lev\u00e9 de cas de refus de soins&nbsp;\u00bb. Tous ces probl\u00e8mes conduisent \u00ab&nbsp;de nombreuses familles \u00e0 vivre dans des conditions pr\u00e9caires&nbsp;\u00bb, r\u00e9sume le Comit\u00e9 des droits sociaux. \u00ab&nbsp;Cette d\u00e9cision est tr\u00e8s importante, elle doit \u00eatre un aiguillon qui exhorte les pouvoirs publics fran\u00e7ais \u00e0 enfin changer de paradigme&nbsp;\u00bb, a comment\u00e9 aupr\u00e8s de l\u2019AFP Pascale Ribes, la pr\u00e9sidente de APF France handicap.<\/p>\n","protected":false},"excerpt":{"rendered":"<p>B\u00e2timents et transports inaccessibles, difficult\u00e9s dans la scolarisation des enfants ou l\u2019acc\u00e8s aux soins: la France ne respecte pas les droits fondamentaux des personnes handicap\u00e9es, a tranch\u00e9 le Conseil de l\u2019Europe, donnant ainsi raison \u00e0 des associations qui l\u2019avaient saisi en 2018. Le Comit\u00e9 europ\u00e9en des droits sociaux (CEDS), une structure de l\u2019organisation paneurop\u00e9enne bas\u00e9e [&hellip;]<\/p>\n","protected":false},"author":2,"featured_media":24573,"comment_status":"open","ping_status":"open","sticky":false,"template":"","format":"standard","meta":{"_jetpack_memberships_contains_paid_content":false,"footnotes":"","jetpack_publicize_message":"","jetpack_publicize_feature_enabled":true,"jetpack_social_post_already_shared":true,"jetpack_social_options":{"image_generator_settings":{"template":"highway","default_image_id":0,"font":"","enabled":false},"version":2},"_wpas_customize_per_network":false},"categories":[405],"tags":[],"class_list":["post-24572","post","type-post","status-publish","format-standard","has-post-thumbnail","hentry","category-actu-france-monde"],"jetpack_publicize_connections":[],"jetpack_featured_media_url":"https:\/\/i0.wp.com\/www.iceagetv.com\/radiosite\/wp-content\/uploads\/2023\/04\/La-France-ne-respecte-pas-les-droits-fondamentaux-des-personnes-handicapees.jpg?fit=679%2C293&ssl=1","jetpack_sharing_enabled":true,"_links":{"self":[{"href":"https:\/\/www.iceagetv.com\/radiosite\/wp-json\/wp\/v2\/posts\/24572","targetHints":{"allow":["GET"]}}],"collection":[{"href":"https:\/\/www.iceagetv.com\/radiosite\/wp-json\/wp\/v2\/posts"}],"about":[{"href":"https:\/\/www.iceagetv.com\/radiosite\/wp-json\/wp\/v2\/types\/post"}],"author":[{"embeddable":true,"href":"https:\/\/www.iceagetv.com\/radiosite\/wp-json\/wp\/v2\/users\/2"}],"replies":[{"embeddable":true,"href":"https:\/\/www.iceagetv.com\/radiosite\/wp-json\/wp\/v2\/comments?post=24572"}],"version-history":[{"count":1,"href":"https:\/\/www.iceagetv.com\/radiosite\/wp-json\/wp\/v2\/posts\/24572\/revisions"}],"predecessor-version":[{"id":24574,"href":"https:\/\/www.iceagetv.com\/radiosite\/wp-json\/wp\/v2\/posts\/24572\/revisions\/24574"}],"wp:featuredmedia":[{"embeddable":true,"href":"https:\/\/www.iceagetv.com\/radiosite\/wp-json\/wp\/v2\/media\/24573"}],"wp:attachment":[{"href":"https:\/\/www.iceagetv.com\/radiosite\/wp-json\/wp\/v2\/media?parent=24572"}],"wp:term":[{"taxonomy":"category","embeddable":true,"href":"https:\/\/www.iceagetv.com\/radiosite\/wp-json\/wp\/v2\/categories?post=24572"},{"taxonomy":"post_tag","embeddable":true,"href":"https:\/\/www.iceagetv.com\/radiosite\/wp-json\/wp\/v2\/tags?post=24572"}],"curies":[{"name":"wp","href":"https:\/\/api.w.org\/{rel}","templated":true}]}}