{"id":24582,"date":"2023-04-19T16:23:39","date_gmt":"2023-04-19T16:23:39","guid":{"rendered":"https:\/\/www.iceagetv.com\/radiosite\/?p=24582"},"modified":"2023-04-19T16:23:42","modified_gmt":"2023-04-19T16:23:42","slug":"emmanuel-macron-a-quitte-selestat-sous-les-huees-de-la-population-ma-mission-nest-pas-detre-aime-mais-de-faire-avancer-le-pays-dire-que-la-france-nest-pas-une-democratie-est-un-exces-de-lan","status":"publish","type":"post","link":"https:\/\/www.iceagetv.com\/radiosite\/emmanuel-macron-a-quitte-selestat-sous-les-huees-de-la-population-ma-mission-nest-pas-detre-aime-mais-de-faire-avancer-le-pays-dire-que-la-france-nest-pas-une-democratie-est-un-exces-de-lan\/","title":{"rendered":"Emmanuel Macron a quitt\u00e9 S\u00e9lestat sous les hu\u00e9es de la population : \u00ab\u00a0Ma mission n&rsquo;est pas d&rsquo;\u00eatre aim\u00e9 mais de faire avancer le pays. Dire que la France n&rsquo;est pas une d\u00e9mocratie est un exc\u00e8s de langage qui accro\u00eet les difficult\u00e9s\u00a0\u00bb"},"content":{"rendered":"\n<p><strong>Emmanuel Macron hu\u00e9 une nouvelle fois en sortant de la Mairie de S\u00e9lestat par une foule hostile. On peut entendre : \u00ab\u00a0Macron d\u00e9mission\u00a0\u00bb, \u00ab\u00a0Macron rend l&rsquo;ISF\u00a0\u00bb ou encore le fameux chant : \u00ab\u00a0On est l\u00e0, m\u00eame si Macron ne le veut pas, on est l\u00e0 !\u00a0\u00bb<\/strong><\/p>\n\n\n\n<p><strong>Emmanuel Macron s&rsquo;exprime:<\/strong>&nbsp;\u00ab\u00a0<strong>Il y a une col\u00e8re qui est l\u00e0, qui s&rsquo;exprime. Et c&rsquo;est normal qu&rsquo;elle s&rsquo;exprime. Je ne m&rsquo;attendais pas \u00e0 autre chose. Elle ne m&#8217;emp\u00eachera pas de me d\u00e9placer partout en France.<\/strong><\/p>\n\n\n\n<p><strong>On doit continuer l&rsquo;industrialisation du pays, et cr\u00e9er des emplois.<\/strong><\/p>\n\n\n\n<p>Nous devons continuer d&rsquo;agir dans plein de domaines.&nbsp;Je continuerai \u00e0 \u00eatre sur le terrain.&nbsp;La r\u00e9forme va permettre d&rsquo;autres progr\u00e8s notamment pour les retrait\u00e9s les plus modestes.&nbsp;Je ne suis pas sourd \u00e0 la col\u00e8re, et il y a des gens tr\u00e8s en col\u00e8re. Je le respecte.&nbsp;Dire que la France n&rsquo;est pas une d\u00e9mocratie est un exc\u00e8s de langage qui accro\u00eet les difficult\u00e9s. Nous sommes une grande d\u00e9mocratie.<\/p>\n\n\n\n<p>On ne peut pas dire d\u00e8s qu&rsquo;une partie est contre \u00ab\u00a0On arr\u00eate\u00a0\u00bb, sinon c&rsquo;est un pays \u00e0 l&rsquo;arr\u00eat!\u00a0Quand on arrive \u00e0 une situation comme celle-l\u00e0, on a tous une part de responsabilit\u00e9. J&rsquo;assume cette r\u00e9forme.\u00a0J&rsquo;ai ma part de responsabilit\u00e9, je n&rsquo;ai pas pas r\u00e9ussi \u00e0 convaincre suffisamment.\u00a0Je pr\u00e9f\u00e8re que les gens soient gentils mais c&rsquo;est normal. Je suis attach\u00e9 au respect.\u00a0Je pr\u00e9f\u00e8re que les gens soient heureux, et que l&rsquo;on d\u00e9batte de nos d\u00e9saccords.\u00a0<strong>Ma mission n&rsquo;est pas d&rsquo;\u00eatre aim\u00e9 mais de faire avancer le pays.\u00a0J&rsquo;ai un CDD jusqu&rsquo;en 2027.\u00a0\u00bb<\/strong><\/p>\n\n\n\n<p><strong>La CGT a revendiqu\u00e9 une coupure de courant intervenue lors du d\u00e9placement du pr\u00e9sident Emmanuel Macron dans une usine en Alsace ce matin, sans toutefois plonger les lieux dans l&rsquo;obscurit\u00e9. \u00ab\u00a0Nous l&rsquo;avions annonc\u00e9, les \u00e9nerg\u00e9ticiens seront partout et il fera tout noir pour le pr\u00e9sident !\u00a0\u00bb, a d\u00e9clar\u00e9 Fabrice Coudour, secr\u00e9taire f\u00e9d\u00e9ral FNME-CGT, dans un message adress\u00e9 \u00e0 l&rsquo;AFP.<\/strong><\/p>\n\n\n\n<p>Lors de la visite d&rsquo;Emmanuel Macron dans l&rsquo;entreprise Mathis de Muttersholtz, l&rsquo;usine sp\u00e9cialis\u00e9e dans la construction en bois s&rsquo;est retrouv\u00e9e priv\u00e9e de courant sans pour autant plonger les lieux dans le noir. \u00ab\u00a0La col\u00e8re est l\u00e0 et on ne tourne pas la page!\u00a0\u00bb, a ajout\u00e9 Fabrice Coudour au sujet de la r\u00e9forme des retraites, promulgu\u00e9e vendredi par le chef de l&rsquo;Etat. Et aussi \u00ab\u00a0C&rsquo;est pas des casseroles qui feront avancer la France\u00a0\u00bb dit Macron, accueilli en Alsace par un nouveau concert La coupure de courant a dur\u00e9 pendant toute la dur\u00e9e de la visite sans pour autant emp\u00eacher le pr\u00e9sident de continuer sa rencontre avec les salari\u00e9s de l&rsquo;entreprise, \u00e0 qui il a pu s&rsquo;adresser avec un micro.<\/p>\n\n\n\n<p>Les lieux \u00e9taient \u00e9clair\u00e9s par des puits de lumi\u00e8re. M\u00eame s&rsquo;il n&rsquo;a pas crois\u00e9 de manifestants dans ce village alsacien, le pr\u00e9sident de la R\u00e9publique y a \u00e9t\u00e9 accueilli par des hu\u00e9es et bruits de casseroles, au cri de \u00ab\u00a0Macron d\u00e9mission\u00a0\u00bb.<\/p>\n\n\n\n<p>Avant m\u00eame son arriv\u00e9e \u00e0 Muttersholtz, une petite centaine de manifestants dont certains rev\u00eatus de chasubles CGT et portant une pancarte : \u00ab\u00a0Macron non grata\u00a0\u00bb, avaient \u00e9t\u00e9 repouss\u00e9s par les forces de l&rsquo;ordre. Ils ont ensuite \u00e9t\u00e9 maintenus \u00e0 distance de l&rsquo;usine, dont la zone environnante avait \u00e9t\u00e9 interdite \u00e0 la manifestation.<strong>Enedis \u00ab\u00a0entend d\u00e9poser plainte\u00a0\u00bb apr\u00e8s avoir observ\u00e9 \u00ab\u00a0une coupure volontaire\u00a0\u00bb de courant pr\u00e8s de Mutterscholz (Bas-Rhin), alors qu&rsquo;Emmanuel Macron visitait l&rsquo;entreprise Mathis Construction. \u00ab\u00a0<\/strong>Nos techniciens se sont rendus sur place imm\u00e9diatement et ont r\u00e9aliment\u00e9 ce poste \u00e9lectrique\u00a0\u00bb, pr\u00e9cise l&rsquo;entreprise \u00e0 franceinfo. Cette interruption a dur\u00e9 une heure, avant d&rsquo;\u00eatre r\u00e9solue. \u00ab\u00a0Enedis condamne fermement tout acte ill\u00e9gal visant les infrastructures et \u00e9quipements du r\u00e9seau public de distribution d\u2019\u00e9lectricit\u00e9.\u00a0\u00bb<\/p>\n\n\n\n<p><strong>Emmanuel Macron a assur\u00e9 qu&rsquo;Elisabeth Borne a toujours sa confiance.&nbsp;\u00a0\u00bb Elle l&rsquo;a, sinon je ne lui aurais pas confi\u00e9 l&rsquo;avanc\u00e9e, la pr\u00e9paration de ces chantiers\u00a0\u00bb \u00e9voqu\u00e9s par lui-m\u00eame, lors de son allocution,&nbsp;sur le travail, l&rsquo;ordre et les \u00ab\u00a0progr\u00e8s\u00a0\u00bb dans les services publics.&nbsp;<\/strong><\/p>\n\n\n\n<p>\u00ab\u00a0Notre vie constitutionnelle et d\u00e9mocratique a un sens. C&rsquo;est le pr\u00e9sident qui nomme et elle doit avoir la confiance du Parlement. Ce temps politique a exist\u00e9 : il n&rsquo;y a pas de majorit\u00e9 alternative et la motion de censure&nbsp;a \u00e9t\u00e9 rejet\u00e9e\u00a0\u00bb, a ajout\u00e9 le chef de l&rsquo;Etat.<\/p>\n","protected":false},"excerpt":{"rendered":"<p>Emmanuel Macron hu\u00e9 une nouvelle fois en sortant de la Mairie de S\u00e9lestat par une foule hostile. On peut entendre : \u00ab\u00a0Macron d\u00e9mission\u00a0\u00bb, \u00ab\u00a0Macron rend l&rsquo;ISF\u00a0\u00bb ou encore le fameux chant : \u00ab\u00a0On est l\u00e0, m\u00eame si Macron ne le veut pas, on est l\u00e0 !\u00a0\u00bb Emmanuel Macron s&rsquo;exprime:&nbsp;\u00ab\u00a0Il y a une col\u00e8re qui est [&hellip;]<\/p>\n","protected":false},"author":2,"featured_media":24583,"comment_status":"open","ping_status":"open","sticky":false,"template":"","format":"standard","meta":{"_jetpack_memberships_contains_paid_content":false,"footnotes":"","jetpack_publicize_message":"","jetpack_publicize_feature_enabled":true,"jetpack_social_post_already_shared":true,"jetpack_social_options":{"image_generator_settings":{"template":"highway","default_image_id":0,"font":"","enabled":false},"version":2},"_wpas_customize_per_network":false},"categories":[405],"tags":[],"class_list":["post-24582","post","type-post","status-publish","format-standard","has-post-thumbnail","hentry","category-actu-france-monde"],"jetpack_publicize_connections":[],"jetpack_featured_media_url":"https:\/\/i0.wp.com\/www.iceagetv.com\/radiosite\/wp-content\/uploads\/2023\/04\/Emmanuel-Macron-a-quitte-Selestat.jpg?fit=679%2C293&ssl=1","jetpack_sharing_enabled":true,"_links":{"self":[{"href":"https:\/\/www.iceagetv.com\/radiosite\/wp-json\/wp\/v2\/posts\/24582","targetHints":{"allow":["GET"]}}],"collection":[{"href":"https:\/\/www.iceagetv.com\/radiosite\/wp-json\/wp\/v2\/posts"}],"about":[{"href":"https:\/\/www.iceagetv.com\/radiosite\/wp-json\/wp\/v2\/types\/post"}],"author":[{"embeddable":true,"href":"https:\/\/www.iceagetv.com\/radiosite\/wp-json\/wp\/v2\/users\/2"}],"replies":[{"embeddable":true,"href":"https:\/\/www.iceagetv.com\/radiosite\/wp-json\/wp\/v2\/comments?post=24582"}],"version-history":[{"count":1,"href":"https:\/\/www.iceagetv.com\/radiosite\/wp-json\/wp\/v2\/posts\/24582\/revisions"}],"predecessor-version":[{"id":24584,"href":"https:\/\/www.iceagetv.com\/radiosite\/wp-json\/wp\/v2\/posts\/24582\/revisions\/24584"}],"wp:featuredmedia":[{"embeddable":true,"href":"https:\/\/www.iceagetv.com\/radiosite\/wp-json\/wp\/v2\/media\/24583"}],"wp:attachment":[{"href":"https:\/\/www.iceagetv.com\/radiosite\/wp-json\/wp\/v2\/media?parent=24582"}],"wp:term":[{"taxonomy":"category","embeddable":true,"href":"https:\/\/www.iceagetv.com\/radiosite\/wp-json\/wp\/v2\/categories?post=24582"},{"taxonomy":"post_tag","embeddable":true,"href":"https:\/\/www.iceagetv.com\/radiosite\/wp-json\/wp\/v2\/tags?post=24582"}],"curies":[{"name":"wp","href":"https:\/\/api.w.org\/{rel}","templated":true}]}}