{"id":24606,"date":"2023-04-22T18:42:37","date_gmt":"2023-04-22T18:42:37","guid":{"rendered":"https:\/\/www.iceagetv.com\/radiosite\/?p=24606"},"modified":"2023-04-22T18:42:37","modified_gmt":"2023-04-22T18:42:37","slug":"trois-personnes-vont-etre-jugees-pour-avoir-insulte-et-fait-des-doigts-dhonneur-au-president-de-la-republique-emmanuel-macron-lors-de-son-bain-de-foule-pendant-sa-visite-en-alsace","status":"publish","type":"post","link":"https:\/\/www.iceagetv.com\/radiosite\/trois-personnes-vont-etre-jugees-pour-avoir-insulte-et-fait-des-doigts-dhonneur-au-president-de-la-republique-emmanuel-macron-lors-de-son-bain-de-foule-pendant-sa-visite-en-alsace\/","title":{"rendered":"Trois personnes vont \u00eatre jug\u00e9es pour avoir insult\u00e9 et fait des doigts d\u2019honneur au Pr\u00e9sident de la R\u00e9publique, Emmanuel Macron, lors de son bain de foule, pendant sa visite en Alsace"},"content":{"rendered":"\n<p>Mercredi dernier, Emmanuel Macron s\u2019est rendu \u00e0 S\u00e9lestat, dans le Bas-Rhin. Habitu\u00e9 des bains de foule, l\u2019ex\u00e9cutif s\u2019y \u00e9tait risqu\u00e9 pour cette visite en terres alsaciennes, alors qu\u2019il venait de promulguer le texte reculant l\u2019\u00e2ge du d\u00e9part \u00e0 la retraite. Le chef de l\u2019\u00c9tat a \u00e9t\u00e9 hu\u00e9 et chahut\u00e9, des images qui ont longuement \u00e9t\u00e9 diffus\u00e9es en direct sur les cha\u00eenes infos.<\/p>\n\n\n\n<p>On apprend ce samedi que trois personnes qui ce jour l\u00e0, dans la foule, ont prof\u00e9r\u00e9 des insultes et fait des doigts d\u2019honneur au Pr\u00e9sident, passeront en jugement \u00e0 la rentr\u00e9e pour \u201coutrage \u00e0 personne d\u00e9positaire de l\u2019autorit\u00e9 publique\u201d.<\/p>\n\n\n\n<p>La procureure de la R\u00e9publique \u00e0 Colmar Catherine Sorita-Minard a soulign\u00e9 que ces deux hommes et une femme, jusqu\u2019ici inconnus de la justice, seront jug\u00e9s dans le cadre d\u2019une comparution sur reconnaissance pr\u00e9alable de culpabilit\u00e9 (CRPC, ou \u201cplaider-coupable\u201d)<\/p>\n\n\n\n<p>Une quatri\u00e8me personne avait \u00e9t\u00e9 appr\u00e9hend\u00e9e et plac\u00e9e en garde \u00e0 vue pour s\u2019en \u00eatre vivement prise au pr\u00e9sident de la R\u00e9publique en milieu de semaine. Le dossier de cette personne a depuis \u00e9t\u00e9 class\u00e9 sans suite, en raison d\u2019une infraction insuffisamment caract\u00e9ris\u00e9e.<\/p>\n\n\n\n<p>La procureure de la R\u00e9publique de Colmar a, par ailleurs, \u00e9t\u00e9 saisie de deux plaintes concernant la coupure volontaire d\u2019\u00e9lectricit\u00e9 survenue lors de la visite du chef de l\u2019Etat mercredi dans la commune voisine de Muttersholtz. L\u2019Etat a port\u00e9 plainte pour cette coupure qui a affect\u00e9 deux communes, a dit samedi la pr\u00e9fecture du Bas-Rhin.<\/p>\n\n\n\n<p>Enedis a \u00e9galement confirm\u00e9 avoir d\u00e9pos\u00e9 plainte. Cette coupure de courant \u00e9tait survenue lors de la visite du chef de l\u2019Etat \u00e0 l\u2019entreprise Mathis. L\u2019usine sp\u00e9cialis\u00e9e dans la construction en bois s\u2019\u00e9tait retrouv\u00e9e priv\u00e9e de courant sans pour autant plonger les lieux dans le noir. Cette action a \u00e9t\u00e9 revendiqu\u00e9e par la CGT.<\/p>\n","protected":false},"excerpt":{"rendered":"<p>Mercredi dernier, Emmanuel Macron s\u2019est rendu \u00e0 S\u00e9lestat, dans le Bas-Rhin. Habitu\u00e9 des bains de foule, l\u2019ex\u00e9cutif s\u2019y \u00e9tait risqu\u00e9 pour cette visite en terres alsaciennes, alors qu\u2019il venait de promulguer le texte reculant l\u2019\u00e2ge du d\u00e9part \u00e0 la retraite. Le chef de l\u2019\u00c9tat a \u00e9t\u00e9 hu\u00e9 et chahut\u00e9, des images qui ont longuement \u00e9t\u00e9 [&hellip;]<\/p>\n","protected":false},"author":2,"featured_media":24607,"comment_status":"open","ping_status":"open","sticky":false,"template":"","format":"standard","meta":{"_jetpack_memberships_contains_paid_content":false,"footnotes":"","jetpack_publicize_message":"","jetpack_publicize_feature_enabled":true,"jetpack_social_post_already_shared":true,"jetpack_social_options":{"image_generator_settings":{"template":"highway","default_image_id":0,"font":"","enabled":false},"version":2},"_wpas_customize_per_network":false},"categories":[405],"tags":[],"class_list":["post-24606","post","type-post","status-publish","format-standard","has-post-thumbnail","hentry","category-actu-france-monde"],"jetpack_publicize_connections":[],"jetpack_featured_media_url":"https:\/\/i0.wp.com\/www.iceagetv.com\/radiosite\/wp-content\/uploads\/2023\/04\/Trois-personnes-vont-etre-jugees-pour-avoir-insulte-et-fait-des-doigts-dhonneur-au-President-de-la-Republique.jpg?fit=679%2C293&ssl=1","jetpack_sharing_enabled":true,"_links":{"self":[{"href":"https:\/\/www.iceagetv.com\/radiosite\/wp-json\/wp\/v2\/posts\/24606","targetHints":{"allow":["GET"]}}],"collection":[{"href":"https:\/\/www.iceagetv.com\/radiosite\/wp-json\/wp\/v2\/posts"}],"about":[{"href":"https:\/\/www.iceagetv.com\/radiosite\/wp-json\/wp\/v2\/types\/post"}],"author":[{"embeddable":true,"href":"https:\/\/www.iceagetv.com\/radiosite\/wp-json\/wp\/v2\/users\/2"}],"replies":[{"embeddable":true,"href":"https:\/\/www.iceagetv.com\/radiosite\/wp-json\/wp\/v2\/comments?post=24606"}],"version-history":[{"count":1,"href":"https:\/\/www.iceagetv.com\/radiosite\/wp-json\/wp\/v2\/posts\/24606\/revisions"}],"predecessor-version":[{"id":24608,"href":"https:\/\/www.iceagetv.com\/radiosite\/wp-json\/wp\/v2\/posts\/24606\/revisions\/24608"}],"wp:featuredmedia":[{"embeddable":true,"href":"https:\/\/www.iceagetv.com\/radiosite\/wp-json\/wp\/v2\/media\/24607"}],"wp:attachment":[{"href":"https:\/\/www.iceagetv.com\/radiosite\/wp-json\/wp\/v2\/media?parent=24606"}],"wp:term":[{"taxonomy":"category","embeddable":true,"href":"https:\/\/www.iceagetv.com\/radiosite\/wp-json\/wp\/v2\/categories?post=24606"},{"taxonomy":"post_tag","embeddable":true,"href":"https:\/\/www.iceagetv.com\/radiosite\/wp-json\/wp\/v2\/tags?post=24606"}],"curies":[{"name":"wp","href":"https:\/\/api.w.org\/{rel}","templated":true}]}}