{"id":24609,"date":"2023-04-23T06:54:20","date_gmt":"2023-04-23T06:54:20","guid":{"rendered":"https:\/\/www.iceagetv.com\/radiosite\/?p=24609"},"modified":"2023-04-23T06:54:22","modified_gmt":"2023-04-23T06:54:22","slug":"soudan-la-france-evacue-ses-ressortissants-du-pays","status":"publish","type":"post","link":"https:\/\/www.iceagetv.com\/radiosite\/soudan-la-france-evacue-ses-ressortissants-du-pays\/","title":{"rendered":"SOUDAN: LA FRANCE \u00c9VACUE SES RESSORTISSANTS DU PAYS"},"content":{"rendered":"\n<p>La France annonce entamer l&rsquo;op\u00e9ration d&rsquo;\u00e9vacuation de ses ressortissants au Soudan alors que des combats entre l&rsquo;arm\u00e9e r\u00e9guli\u00e8re et les paramilitaires font rage depuis plus d&rsquo;une semaine dans le pays.<\/p>\n\n\n\n<p>La France a commenc\u00e9 une \u00ab\u00a0op\u00e9ration d&rsquo;\u00e9vacuation rapide\u00a0\u00bb de ses ressortissants et de son personnel diplomatique du&nbsp;<a href=\"https:\/\/rmc.bfmtv.com\/actualites\/international\/soudan-paris-exprime-sa-consternation-apres-la-mort-de-trois-humanitaires-de-l-onu_AD-202304160351.html\">Soudan<\/a>, a annonc\u00e9 dimanche le minist\u00e8re des Affaires \u00e9trang\u00e8res. Des ressortissants europ\u00e9ens et venant de \u00ab\u00a0pays partenaires alli\u00e9s\u00a0\u00bb sont \u00e9galement pris en charge.<\/p>\n\n\n\n<p>Le pr\u00e9sident am\u00e9ricain Joe Biden avait annonc\u00e9 plus t\u00f4t que l&rsquo;arm\u00e9e avait \u00ab\u00a0men\u00e9 une op\u00e9ration pour extraire le personnel du gouvernement am\u00e9ricain de Khartoum\u00a0\u00bb, selon un communiqu\u00e9 publi\u00e9 tard samedi soir heure de Washington. L&rsquo;op\u00e9ration a fait intervenir trois h\u00e9licopt\u00e8res CH-47 Chinook et permis l&rsquo;\u00e9vacuation d&rsquo;un \u00ab\u00a0peu moins d&rsquo;une centaine\u00a0\u00bb de personnes dont plusieurs diplomates \u00e9trangers, a pr\u00e9cis\u00e9 un haut responsable du d\u00e9partement d&rsquo;Etat, John Bass.<\/p>\n\n\n\n<p>Il a en outre rejet\u00e9 toute \u00ab\u00a0coordination\u00a0\u00bb avec les paramilitaires des Forces de soutien rapide (FSR), qui se battent contre l&rsquo;arm\u00e9e r\u00e9guli\u00e8re soudanaise et avaient affirm\u00e9 auparavant avoir \u00ab\u00a0coordonn\u00e9\u00a0\u00bb l&rsquo;op\u00e9ration avec les Etats-Unis. Cette op\u00e9ration n&rsquo;a pas concern\u00e9 les autres ressortissants am\u00e9ricains se trouvant au Soudan, qui seraient plusieurs centaines, pour lesquels une \u00e9vacuation n&rsquo;est pas pr\u00e9vue \u00ab\u00a0pour le moment\u00a0\u00bb, selon John Bass. Samedi, l&rsquo;Arabie saoudite avait \u00e9vacu\u00e9 du Soudan 91 citoyens saoudiens et environ 66 ressortissants de 12 autres pays vers le port de Jeddah.<\/p>\n\n\n\n<h2 class=\"wp-block-heading\">DES VIOLENCES DEPUIS LE 15 AVRIL<\/h2>\n\n\n\n<p>Selon des t\u00e9moignages recueillis par l&rsquo;AFP, de fortes explosions ont secou\u00e9 la capitale samedi et des \u00e9changes de tirs ont \u00e9t\u00e9 entendus dans diff\u00e9rents quartiers de Khartoum, dont les habitants sont priv\u00e9s en grande partie d&rsquo;\u00e9lectricit\u00e9 et d&rsquo;eau courante.<\/p>\n\n\n\n<p>Les violences ont \u00e9clat\u00e9 le 15 avril entre l&rsquo;arm\u00e9e du g\u00e9n\u00e9ral Abdel Fattah al-Burhane,dirigeant de facto du Soudan depuis le putsch de 2021, et son adjoint devenu rival, le g\u00e9n\u00e9ral Mohamed Hamdane Daglo, qui commande les Forces de soutien rapide (FSR), des paramilitaires redout\u00e9s.<\/p>\n\n\n\n<p>Vendredi, l&rsquo;arm\u00e9e avait annonc\u00e9 avoir \u00ab\u00a0accept\u00e9 un cessez-le-feu de trois jours\u00a0\u00bb pour l&rsquo;A\u00efd al-Fitr, la f\u00eate musulmane qui marque la fin du mois de je\u00fbne sacr\u00e9 du ramadan. Mais l&rsquo;arm\u00e9e et les FSR n&rsquo;ont pas respect\u00e9 leurs engagements. Le bilan encore tr\u00e8s provisoire s&rsquo;\u00e9l\u00e8ve \u00e0 plus de 420 morts et 3.700 bless\u00e9s, selon l&rsquo;OMS.<\/p>\n\n\n\n<p>Alors que les deux camps se livrent aussi \u00e0 une bataille de communication, il est impossible de savoir qui contr\u00f4le les a\u00e9roports du pays et dans quel \u00e9tat ils se trouvent apr\u00e8s avoir \u00e9t\u00e9 le th\u00e9\u00e2tre de violents combats depuis le premier jour du conflit. Les deux g\u00e9n\u00e9raux avaient pris le pouvoir lors du coup d&rsquo;Etat de 2021, mettant un coup d&rsquo;arr\u00eat au processus vers une transition d\u00e9mocratique, apr\u00e8s la chute du dictateur Omar el-B\u00e9chir, en 2019.<\/p>\n\n\n\n<h2 class=\"wp-block-heading\">L&rsquo;INT\u00c9GRATION DES PARAMILITAIRES AUX TROUPES R\u00c9GULI\u00c8RES EN CAUSE<\/h2>\n\n\n\n<p>Les hostilit\u00e9s ont \u00e9clat\u00e9 apr\u00e8s qu&rsquo;ils ont \u00e9t\u00e9 incapables de s&rsquo;accorder sur l&rsquo;int\u00e9gration des paramilitaires du g\u00e9n\u00e9ral Daglo aux troupes r\u00e9guli\u00e8res du g\u00e9n\u00e9ral Burhane, apr\u00e8s des semaines de n\u00e9gociations politiques sous \u00e9gide internationale. A Khartoum, une ville de cinq millions d&rsquo;habitants, de nombreux civils s&rsquo;aventurent hors de chez eux uniquement pour obtenir des denr\u00e9es alimentaires d&rsquo;urgence ou pour fuir.<\/p>\n\n\n\n<p>Les conditions de vie sont probablement pires au Darfour, th\u00e9\u00e2tre d\u00e9j\u00e0 d&rsquo;un terrible conflit dans les ann\u00e9es 2000, personne ne pouvant se rendre dans l&rsquo;imm\u00e9diat dans cette r\u00e9gion. Sur place, un docteur de M\u00e9decins sans fronti\u00e8res (MSF) \u00e9voque une \u00ab\u00a0situation catastrophique\u00a0\u00bb.<\/p>\n\n\n\n<p>Au Soudan, troisi\u00e8me producteur d&rsquo;or d&rsquo;Afrique et pourtant l&rsquo;un des pays les plus pauvres au monde, les services de sant\u00e9 sont \u00e0 genoux depuis des d\u00e9cennies et un tiers des 45 millions d&rsquo;habitants souffre de la faim. L&rsquo;arr\u00eat des op\u00e9rations de la plupart des organisations humanitaires va aggraver la situation. Et le conflit menace d\u00e9sormais de gagner du terrain au-del\u00e0 des fronti\u00e8res du Soudan, selon des experts.<\/p>\n","protected":false},"excerpt":{"rendered":"<p>La France annonce entamer l&rsquo;op\u00e9ration d&rsquo;\u00e9vacuation de ses ressortissants au Soudan alors que des combats entre l&rsquo;arm\u00e9e r\u00e9guli\u00e8re et les paramilitaires font rage depuis plus d&rsquo;une semaine dans le pays. La France a commenc\u00e9 une \u00ab\u00a0op\u00e9ration d&rsquo;\u00e9vacuation rapide\u00a0\u00bb de ses ressortissants et de son personnel diplomatique du&nbsp;Soudan, a annonc\u00e9 dimanche le minist\u00e8re des Affaires \u00e9trang\u00e8res. [&hellip;]<\/p>\n","protected":false},"author":2,"featured_media":24610,"comment_status":"open","ping_status":"open","sticky":false,"template":"","format":"standard","meta":{"_jetpack_memberships_contains_paid_content":false,"footnotes":"","jetpack_publicize_message":"","jetpack_publicize_feature_enabled":true,"jetpack_social_post_already_shared":true,"jetpack_social_options":{"image_generator_settings":{"template":"highway","default_image_id":0,"font":"","enabled":false},"version":2},"_wpas_customize_per_network":false},"categories":[405],"tags":[],"class_list":["post-24609","post","type-post","status-publish","format-standard","has-post-thumbnail","hentry","category-actu-france-monde"],"jetpack_publicize_connections":[],"jetpack_featured_media_url":"https:\/\/i0.wp.com\/www.iceagetv.com\/radiosite\/wp-content\/uploads\/2023\/04\/LA-FRANCE-EVACUE-SES-RESSORTISSANTS-DU-PAYS.jpg?fit=680%2C383&ssl=1","jetpack_sharing_enabled":true,"_links":{"self":[{"href":"https:\/\/www.iceagetv.com\/radiosite\/wp-json\/wp\/v2\/posts\/24609","targetHints":{"allow":["GET"]}}],"collection":[{"href":"https:\/\/www.iceagetv.com\/radiosite\/wp-json\/wp\/v2\/posts"}],"about":[{"href":"https:\/\/www.iceagetv.com\/radiosite\/wp-json\/wp\/v2\/types\/post"}],"author":[{"embeddable":true,"href":"https:\/\/www.iceagetv.com\/radiosite\/wp-json\/wp\/v2\/users\/2"}],"replies":[{"embeddable":true,"href":"https:\/\/www.iceagetv.com\/radiosite\/wp-json\/wp\/v2\/comments?post=24609"}],"version-history":[{"count":1,"href":"https:\/\/www.iceagetv.com\/radiosite\/wp-json\/wp\/v2\/posts\/24609\/revisions"}],"predecessor-version":[{"id":24611,"href":"https:\/\/www.iceagetv.com\/radiosite\/wp-json\/wp\/v2\/posts\/24609\/revisions\/24611"}],"wp:featuredmedia":[{"embeddable":true,"href":"https:\/\/www.iceagetv.com\/radiosite\/wp-json\/wp\/v2\/media\/24610"}],"wp:attachment":[{"href":"https:\/\/www.iceagetv.com\/radiosite\/wp-json\/wp\/v2\/media?parent=24609"}],"wp:term":[{"taxonomy":"category","embeddable":true,"href":"https:\/\/www.iceagetv.com\/radiosite\/wp-json\/wp\/v2\/categories?post=24609"},{"taxonomy":"post_tag","embeddable":true,"href":"https:\/\/www.iceagetv.com\/radiosite\/wp-json\/wp\/v2\/tags?post=24609"}],"curies":[{"name":"wp","href":"https:\/\/api.w.org\/{rel}","templated":true}]}}