{"id":24637,"date":"2023-04-26T04:24:58","date_gmt":"2023-04-26T04:24:58","guid":{"rendered":"https:\/\/www.iceagetv.com\/radiosite\/?p=24637"},"modified":"2023-04-26T04:24:58","modified_gmt":"2023-04-26T04:24:58","slug":"fillette-retrouvee-morte-dans-un-sac-le-maire-affirme-que-le-suspect-avait-dabord-donne-une-fausse-piste","status":"publish","type":"post","link":"https:\/\/www.iceagetv.com\/radiosite\/fillette-retrouvee-morte-dans-un-sac-le-maire-affirme-que-le-suspect-avait-dabord-donne-une-fausse-piste\/","title":{"rendered":"FILLETTE RETROUV\u00c9E MORTE DANS UN SAC: LE MAIRE AFFIRME QUE LE SUSPECT AVAIT D&rsquo;ABORD DONN\u00c9 UNE \u00ab\u00a0FAUSSE PISTE\u00a0\u00bb"},"content":{"rendered":"\n<p>Une \u00ab\u00a0triste et tragique nouvelle\u00a0\u00bb. Le maire de Rambervillers (Vosges) \u00e9tait l&rsquo;invit\u00e9 de BFMTV ce mardi soir, quelques heures&nbsp;<a href=\"https:\/\/www.bfmtv.com\/police-justice\/vosges-le-corps-d-une-petite-fille-de-5-ans-retrouve-dans-un-sac_AN-202304250751.html\">apr\u00e8s la d\u00e9couverte du corps sans vie d&rsquo;une petite fille dans un sac<\/a>.<\/p>\n\n\n\n<blockquote class=\"wp-block-quote is-layout-flow wp-block-quote-is-layout-flow\">\n<p>\u00ab\u00a0Tout le monde pense \u00e0 la famille\u00a0\u00bb, a d\u00e9clar\u00e9 l&rsquo;\u00e9dile sur notre antenne, \u00e9voquant une \u00ab\u00a0terrible \u00e9preuve\u00a0\u00bb.<\/p>\n<\/blockquote>\n\n\n\n<p>Selon nos informations, la maman d\u2019une enfant \u00e2g\u00e9e de 5 ans a signal\u00e9 ce mardi la disparition de sa fille aux gendarmes alors qu&rsquo;elle se trouvait dans un square \u00e0 Rambervilliers (Vosges). Des recherches sont alors men\u00e9es \u00e0 partir de 15h avec \u00e9galement des policiers municipaux.<\/p>\n\n\n\n<p>Le suspect, dans un premier temps, avait d&rsquo;abord donn\u00e9 des informations qui ont dirig\u00e9 le groupement de gendarmerie sur une fausse piste. Il avait indiqu\u00e9 avoir aper\u00e7u la fillette dans une direction \u00e0 l&rsquo;oppos\u00e9 de l\u00e0 o\u00f9 elle avait \u00e9t\u00e9 retrouv\u00e9e\u00a0\u00bb, a d\u00e9taill\u00e9 Jean-Pierre Michel sur BFMTV.<\/p>\n\n\n\n<h2 class=\"wp-block-heading\">\u00ab\u00a0Il avait tendance \u00e0 s&rsquo;approcher de jeunes enfants\u00a0\u00bb<\/h2>\n\n\n\n<p>Cet adolescent, interpell\u00e9 et plac\u00e9 en garde \u00e0 vue, est \u00ab\u00a0un jeune homme qui a fait parler de lui il y a quelque temps pour des faits apparent\u00e9s \u00e0 ce qui s&rsquo;est pass\u00e9 aujourd&rsquo;hui\u00a0\u00bb.<\/p>\n\n\n\n<blockquote class=\"wp-block-quote is-layout-flow wp-block-quote-is-layout-flow\">\n<p>\u00ab\u00a0[Le suspect] avait tendance \u00e0 s&rsquo;approcher de jeunes enfants pour avoir des gestes apparemment d\u00e9plac\u00e9s, \u00e0 caract\u00e8re sexuel\u00a0\u00bb, a poursuivi le maire sur notre antenne.<\/p>\n<\/blockquote>\n\n\n\n<p>\u00ab\u00a0La police municipale l&rsquo;a vu r\u00e9appara\u00eetre sur le territoire il y a quelques semaines, et \u00e9tait attentive par rapport \u00e0 son activit\u00e9 sur la commune\u00a0\u00bb, a encore ajout\u00e9 l&rsquo;\u00e9dile<\/p>\n","protected":false},"excerpt":{"rendered":"<p>Une \u00ab\u00a0triste et tragique nouvelle\u00a0\u00bb. Le maire de Rambervillers (Vosges) \u00e9tait l&rsquo;invit\u00e9 de BFMTV ce mardi soir, quelques heures&nbsp;apr\u00e8s la d\u00e9couverte du corps sans vie d&rsquo;une petite fille dans un sac. \u00ab\u00a0Tout le monde pense \u00e0 la famille\u00a0\u00bb, a d\u00e9clar\u00e9 l&rsquo;\u00e9dile sur notre antenne, \u00e9voquant une \u00ab\u00a0terrible \u00e9preuve\u00a0\u00bb. Selon nos informations, la maman d\u2019une enfant [&hellip;]<\/p>\n","protected":false},"author":2,"featured_media":24638,"comment_status":"open","ping_status":"open","sticky":false,"template":"","format":"standard","meta":{"_jetpack_memberships_contains_paid_content":false,"footnotes":"","jetpack_publicize_message":"","jetpack_publicize_feature_enabled":true,"jetpack_social_post_already_shared":true,"jetpack_social_options":{"image_generator_settings":{"template":"highway","default_image_id":0,"font":"","enabled":false},"version":2},"_wpas_customize_per_network":false},"categories":[405],"tags":[],"class_list":["post-24637","post","type-post","status-publish","format-standard","has-post-thumbnail","hentry","category-actu-france-monde"],"jetpack_publicize_connections":[],"jetpack_featured_media_url":"https:\/\/i0.wp.com\/www.iceagetv.com\/radiosite\/wp-content\/uploads\/2023\/04\/20230426_062220.jpg?fit=1024%2C576&ssl=1","jetpack_sharing_enabled":true,"_links":{"self":[{"href":"https:\/\/www.iceagetv.com\/radiosite\/wp-json\/wp\/v2\/posts\/24637","targetHints":{"allow":["GET"]}}],"collection":[{"href":"https:\/\/www.iceagetv.com\/radiosite\/wp-json\/wp\/v2\/posts"}],"about":[{"href":"https:\/\/www.iceagetv.com\/radiosite\/wp-json\/wp\/v2\/types\/post"}],"author":[{"embeddable":true,"href":"https:\/\/www.iceagetv.com\/radiosite\/wp-json\/wp\/v2\/users\/2"}],"replies":[{"embeddable":true,"href":"https:\/\/www.iceagetv.com\/radiosite\/wp-json\/wp\/v2\/comments?post=24637"}],"version-history":[{"count":1,"href":"https:\/\/www.iceagetv.com\/radiosite\/wp-json\/wp\/v2\/posts\/24637\/revisions"}],"predecessor-version":[{"id":24639,"href":"https:\/\/www.iceagetv.com\/radiosite\/wp-json\/wp\/v2\/posts\/24637\/revisions\/24639"}],"wp:featuredmedia":[{"embeddable":true,"href":"https:\/\/www.iceagetv.com\/radiosite\/wp-json\/wp\/v2\/media\/24638"}],"wp:attachment":[{"href":"https:\/\/www.iceagetv.com\/radiosite\/wp-json\/wp\/v2\/media?parent=24637"}],"wp:term":[{"taxonomy":"category","embeddable":true,"href":"https:\/\/www.iceagetv.com\/radiosite\/wp-json\/wp\/v2\/categories?post=24637"},{"taxonomy":"post_tag","embeddable":true,"href":"https:\/\/www.iceagetv.com\/radiosite\/wp-json\/wp\/v2\/tags?post=24637"}],"curies":[{"name":"wp","href":"https:\/\/api.w.org\/{rel}","templated":true}]}}