{"id":24644,"date":"2023-04-26T11:17:11","date_gmt":"2023-04-26T11:17:11","guid":{"rendered":"https:\/\/www.iceagetv.com\/radiosite\/?p=24644"},"modified":"2023-04-26T11:17:11","modified_gmt":"2023-04-26T11:17:11","slug":"annonces-de-la-premiere-ministre-elisabeth-borne-le-gouvernement-renonce-a-sa-loi-sur-limmigration-dans-limmediat-faute-de-majorite-ne-plus-utiliser-le-49-3-est-un-objectif-et-pas-un-engagem","status":"publish","type":"post","link":"https:\/\/www.iceagetv.com\/radiosite\/annonces-de-la-premiere-ministre-elisabeth-borne-le-gouvernement-renonce-a-sa-loi-sur-limmigration-dans-limmediat-faute-de-majorite-ne-plus-utiliser-le-49-3-est-un-objectif-et-pas-un-engagem\/","title":{"rendered":"Annonces de la Premi\u00e8re ministre Elisabeth Borne: Le gouvernement renonce \u00e0 sa loi sur l&rsquo;immigration dans l&rsquo;imm\u00e9diat, faute de majorit\u00e9 &#8211; \u00ab\u00a0Ne plus utiliser le 49.3 est un objectif et pas un engagement !"},"content":{"rendered":"\n<p><strong>La Premi\u00e8re ministre Elisabeth Borne s&rsquo;exprime devant la presse<\/strong><\/p>\n\n\n\n<p>\u00ab\u00a0Beaucoup nous pr\u00e9disaient l&rsquo;immobilisme, nous avons continu\u00e9. Nous continuerons \u00e0 avancer\u00a0\u00bb. \u00ab\u00a0Je ne crois qu&rsquo;aux r\u00e9sultats. Nous devons en obtenir dans tous les domaines et je souhaite qu&rsquo;ils soient concrets, tangibles, visibles pour les Fran\u00e7ais\u00a0\u00bb<\/p>\n\n\n\n<p>\u00ab\u00a0Avec les parlementaires, nous souhaitons \u00e9changer le plus possible sur chaque projet pour construire des majorit\u00e9s. Avec les partenaires sociaux, nous voulons renouer un dia logue apais\u00e9\u00a0\u00bb. Face \u00e0 la presse, la Premi\u00e8re ministre Elisabeth Borne a indique que la feuille de route, \u00ab\u00a0particuli\u00e8rement dense\u00a0\u00bb, \u00ab\u00a0couvre tous les sujets\u00a0\u00bb.<\/p>\n\n\n\n<p>Elisabeth Borne annonce que le projet de loi \u00ab\u00a0plein emploi\u00a0\u00bb sera pr\u00e9sent\u00e9 \u00ab\u00a0d\u00e9but juin\u00a0\u00bb. \u00ab\u00a0Tous les sujets sont sur la table avec les partenaires sociaux pour am\u00e9liorer les conditions de travail\u00a0\u00bb<\/p>\n\n\n\n<p>\u00ab\u00a0Nous avons lanc\u00e9 notre plan de sobri\u00e9t\u00e9 pour l&rsquo;usage de l&rsquo;eau avec de premi\u00e8res actions concr\u00e8tes qui porteront leurs fruits d\u00e8s cet \u00e9t\u00e9. Nous d\u00e9ploierons une nouvelle gestion de nos for\u00eats\u00a0\u00bb. \u00ab\u00a0Je souhaite que les prochains mois permettent de s&rsquo;attaquer au chantier des \u00e9missions de gaz, effet de serre du secteur a\u00e9rien. Un plan d&rsquo;action concret sera pr\u00e9sent\u00e9 en juin\u00a0\u00bb<\/p>\n\n\n\n<p>\u00ab\u00a0Nous allons g\u00e9n\u00e9raliser \u00e0 l&rsquo;\u00e9cole primaire les sessions hebdomadaires de soutien ou d&rsquo;approfondissement en fran\u00e7ais ou en math\u00e9matiques\u00a0\u00bb<\/p>\n\n\n\n<p>L&rsquo;ex\u00e9cutif renonce \u00e0 sa loi sur l&rsquo;immigration dans l&rsquo;imm\u00e9diat, faute de majorit\u00e9. \u00ab\u00a0Il n&rsquo;existe pas de majorit\u00e9 pour voter un tel texte\u00a0\u00bb, a-t-elle d\u00e9clar\u00e9 en ajoutant \u00ab\u00a0Nous allons continuer les \u00e9changes\u00a0\u00bb. La Premi\u00e8re ministre annonce la mobilisation de 150 policiers et gendarmes suppl\u00e9mentaires dans les Alpes-Maritimes.<\/p>\n\n\n\n<p>Mme Borne effectuera le service apr\u00e8s-vente jeudi matin lors des \u00ab\u00a04 v\u00e9rit\u00e9s\u00a0\u00bb sur France 2. Mais apr\u00e8s la s\u00e9quence des retraites, et alors qu&rsquo;Emmanuel Macron a accumul\u00e9 les d\u00e9clarations distantes \u00e0 l&rsquo;endroit de sa Premi\u00e8re ministre, les sp\u00e9culations vont bon train sur son avenir \u00e0 Matignon.<\/p>\n\n\n\n<p>\u00ab\u00a0Je suis inquiet\u00a0\u00bb, souffle un cadre de la majorit\u00e9, sceptique sur les \u00ab\u00a0cadeaux\u00a0\u00bb que pourraient offrir la droite au Parlement pour permettre l&rsquo;adoption des lois. Mais l&rsquo;ex\u00e9cutif pourrait aussi choisir de contourner l&rsquo;obstacle, en d\u00e9voilant \u00e9galement des mesures r\u00e9glementaires. Mme Borne en a esquiss\u00e9 la voie, en annon\u00e7ant par exemple la semaine derni\u00e8re la division par deux du d\u00e9lai d&rsquo;obtention de titres d&rsquo;identit\u00e9, une des fameuses \u00ab\u00a0solutions concr\u00e8tes\u00a0\u00bb vant\u00e9es par la Premi\u00e8re ministre.<\/p>\n\n\n\n<p><strong>Elisabeth Borne d\u00e9voile mercredi depuis l&rsquo;Elys\u00e9e la feuille de route des \u00ab\u00a0cent jours d&rsquo;apaisement\u00a0\u00bb et \u00ab\u00a0d&rsquo;action\u00a0\u00bb d\u00e9cr\u00e9t\u00e9s par Emmanuel Macron jusqu&rsquo;au 14 juillet, et tenter ainsi de tourner la page de la r\u00e9forme des retraites.<\/strong><\/p>\n\n\n\n<p>C&rsquo;est depuis le palais pr\u00e9sidentiel que la Premi\u00e8re ministre rendra public, apr\u00e8s l&rsquo;avoir expos\u00e9 \u00e0 la table du Conseil des ministres, le contenu du programme gouvernemental des semaines \u00e0 venir. Il aura valeur de test pour un ex\u00e9cutif toujours priv\u00e9 de majorit\u00e9 absolue \u00e0 l&rsquo;Assembl\u00e9e et fragilis\u00e9 par l&rsquo;adoption chaotique de la r\u00e9forme des retraites.<\/p>\n\n\n\n<p>Depuis la promulgation de la loi, Emmanuel Macron s&rsquo;est lanc\u00e9 dans une s\u00e9rie de d\u00e9placements &#8211;Alsace, H\u00e9rault, Loir-et-Cher&#8211; pour vanter son action et exposer ses nouvelles priorit\u00e9s. Des d\u00e9placements accompagn\u00e9s de manifestations d&rsquo;opposants et de leurs concerts de casseroles, comme pour la plupart des \u00e9chapp\u00e9es minist\u00e9rielles sur le terrain, \u00e0 l&rsquo;image de la visite chahut\u00e9e lundi \u00e0 Lyon du ministre de l&rsquo;Education Pap Ndiaye.<\/p>\n\n\n\n<p>L&rsquo;intersyndicale, de son c\u00f4t\u00e9, pr\u00e9pare les manifestations du 1er mai dont elle souhaite faire une d\u00e9monstration de force. \u00ab\u00a0Ca peut \u00eatre le baroud d&rsquo;honneur\u00a0\u00bb de l&rsquo;intersyndicale, esp\u00e8re un ministre. L&rsquo;heure n&rsquo;en est pas moins \u00e0 la relance de la machine ex\u00e9cutive au moment o\u00f9 Emmanuel Macron vient de franchir le premier anniversaire de sa r\u00e9\u00e9lection.<\/p>\n","protected":false},"excerpt":{"rendered":"<p>La Premi\u00e8re ministre Elisabeth Borne s&rsquo;exprime devant la presse \u00ab\u00a0Beaucoup nous pr\u00e9disaient l&rsquo;immobilisme, nous avons continu\u00e9. Nous continuerons \u00e0 avancer\u00a0\u00bb. \u00ab\u00a0Je ne crois qu&rsquo;aux r\u00e9sultats. Nous devons en obtenir dans tous les domaines et je souhaite qu&rsquo;ils soient concrets, tangibles, visibles pour les Fran\u00e7ais\u00a0\u00bb \u00ab\u00a0Avec les parlementaires, nous souhaitons \u00e9changer le plus possible sur chaque [&hellip;]<\/p>\n","protected":false},"author":2,"featured_media":24645,"comment_status":"open","ping_status":"open","sticky":false,"template":"","format":"standard","meta":{"_jetpack_memberships_contains_paid_content":false,"footnotes":"","jetpack_publicize_message":"","jetpack_publicize_feature_enabled":true,"jetpack_social_post_already_shared":true,"jetpack_social_options":{"image_generator_settings":{"template":"highway","default_image_id":0,"font":"","enabled":false},"version":2},"_wpas_customize_per_network":false},"categories":[405],"tags":[],"class_list":["post-24644","post","type-post","status-publish","format-standard","has-post-thumbnail","hentry","category-actu-france-monde"],"jetpack_publicize_connections":[],"jetpack_featured_media_url":"https:\/\/i0.wp.com\/www.iceagetv.com\/radiosite\/wp-content\/uploads\/2023\/04\/Annonces-de-la-Premiere-ministre-Elisabeth-Borne.jpg?fit=679%2C293&ssl=1","jetpack_sharing_enabled":true,"_links":{"self":[{"href":"https:\/\/www.iceagetv.com\/radiosite\/wp-json\/wp\/v2\/posts\/24644","targetHints":{"allow":["GET"]}}],"collection":[{"href":"https:\/\/www.iceagetv.com\/radiosite\/wp-json\/wp\/v2\/posts"}],"about":[{"href":"https:\/\/www.iceagetv.com\/radiosite\/wp-json\/wp\/v2\/types\/post"}],"author":[{"embeddable":true,"href":"https:\/\/www.iceagetv.com\/radiosite\/wp-json\/wp\/v2\/users\/2"}],"replies":[{"embeddable":true,"href":"https:\/\/www.iceagetv.com\/radiosite\/wp-json\/wp\/v2\/comments?post=24644"}],"version-history":[{"count":1,"href":"https:\/\/www.iceagetv.com\/radiosite\/wp-json\/wp\/v2\/posts\/24644\/revisions"}],"predecessor-version":[{"id":24646,"href":"https:\/\/www.iceagetv.com\/radiosite\/wp-json\/wp\/v2\/posts\/24644\/revisions\/24646"}],"wp:featuredmedia":[{"embeddable":true,"href":"https:\/\/www.iceagetv.com\/radiosite\/wp-json\/wp\/v2\/media\/24645"}],"wp:attachment":[{"href":"https:\/\/www.iceagetv.com\/radiosite\/wp-json\/wp\/v2\/media?parent=24644"}],"wp:term":[{"taxonomy":"category","embeddable":true,"href":"https:\/\/www.iceagetv.com\/radiosite\/wp-json\/wp\/v2\/categories?post=24644"},{"taxonomy":"post_tag","embeddable":true,"href":"https:\/\/www.iceagetv.com\/radiosite\/wp-json\/wp\/v2\/tags?post=24644"}],"curies":[{"name":"wp","href":"https:\/\/api.w.org\/{rel}","templated":true}]}}