{"id":24648,"date":"2023-04-26T16:15:48","date_gmt":"2023-04-26T16:15:48","guid":{"rendered":"https:\/\/www.iceagetv.com\/radiosite\/?p=24648"},"modified":"2023-04-26T16:15:50","modified_gmt":"2023-04-26T16:15:50","slug":"retraites-laviation-civile-demande-dannuler-33-des-vols-a-orly-et-25-a-roissy-lundi-prochain-le-1er-mai-dans-le-cadre-du-mouvement-contre-la-reforme-des-retraites","status":"publish","type":"post","link":"https:\/\/www.iceagetv.com\/radiosite\/retraites-laviation-civile-demande-dannuler-33-des-vols-a-orly-et-25-a-roissy-lundi-prochain-le-1er-mai-dans-le-cadre-du-mouvement-contre-la-reforme-des-retraites\/","title":{"rendered":"Retraites : L&rsquo;aviation civile demande d&rsquo;annuler 33% des vols \u00e0 Orly et 25% \u00e0 Roissy lundi prochain, le 1er mai dans le cadre du mouvement contre la r\u00e9forme des retraites"},"content":{"rendered":"\n<p><strong>Un tiers des vols seront annul\u00e9s \u00e0 Paris-Orly, Marseille, Lyon, Bordeaux, Nantes et Toulouse.<\/strong>\u00a0Parall\u00e8lement, 25% des vols seront annul\u00e9s \u00e0 Paris Charles-de-Gaulle, Nice et Beauvais. \u00abEn d\u00e9pit de ces mesures pr\u00e9ventives, des perturbations et des retards\u00bb sont \u00e0 pr\u00e9voir, pr\u00e9cise l&rsquo;administration. Les voyageurs sont donc invit\u00e9s \u00e0 \u00e9viter de prendre l&rsquo;avion ce jour-l\u00e0, \u00e0 reporter leur d\u00e9part, ou \u00e0 s&rsquo;informer au pr\u00e9alable aupr\u00e8s de leur compagnie pour s&rsquo;assurer que leur vol est bien maintenu.<strong>La Direction g\u00e9n\u00e9rale de l&rsquo;aviation civile (DGAC) a demand\u00e9 aux compagnies a\u00e9riennes de renoncer \u00e0 un tiers de leur programme de vols \u00e0 Paris-Orly et un quart \u00e0 Roissy-Charles-de-Gaulle le lundi 1er mai, en raison d&rsquo;un mouvement de gr\u00e8ve des contr\u00f4leurs a\u00e9riens. Ces arr\u00eats de travail, \u00e0 l&rsquo;appel de syndicats mobilis\u00e9s contre la r\u00e9forme des retraites promulgu\u00e9e \u00e0 la mi-avril, concerneront \u00e9galement de nombreux a\u00e9roports en r\u00e9gion : 33% des vols devront \u00eatre annul\u00e9s pr\u00e9ventivement \u00e0 Marseille, Lyon, Bordeaux, Nantes et Toulouse, tandis que 25% des mou<\/strong><\/p>\n\n\n\n<p>Un syndicat de contr\u00f4leurs a\u00e9riens a d\u00e9pos\u00e9 un pr\u00e9avis de gr\u00e8ve pour le 1er mai dans le cadre du mouvement contre la r\u00e9forme des retraites promulgu\u00e9e \u00e0 la mi-avril, sans que les cons\u00e9quences pour le trafic soient connues dans l&rsquo;imm\u00e9diat. L&rsquo;Union syndicale de l&rsquo;aviation Civile-CGT (USAC-CGT) \u00abcontinue de s&rsquo;inscrire dans la mobilisation d\u00e9cid\u00e9e par l&rsquo;ensemble des conf\u00e9d\u00e9rations syndicales\u00bb le jour de la F\u00eate du Travail, \u00e9crit-elle dans une lettre annon\u00e7ant ce pr\u00e9avis au directeur g\u00e9n\u00e9ral de l&rsquo;aviation civile.<\/p>\n\n\n\n<p>Ce pr\u00e9avis concerne \u00abla journ\u00e9e du 1er mai 2023\u00bb et \u00ables nuit\u00e9es en amont et en aval pour les agents travaillant en horaires d\u00e9cal\u00e9s\u00bb, a compl\u00e9t\u00e9 l&rsquo;USAC-CGT dans cette missive consult\u00e9e mercredi sur son site internet. L&rsquo;USAC-CGT est en pointe dans la mobilisation des contr\u00f4leurs a\u00e9riens contre la r\u00e9forme des retraites, qui s&rsquo;est traduite par 34 journ\u00e9es de gr\u00e8ve rien qu&rsquo;au premier trimestre, selon la F\u00e9d\u00e9ration nationale de l&rsquo;aviation et de ses m\u00e9tiers (Fnam), porte-voix des compagnies a\u00e9riennes en France.<\/p>\n\n\n\n<p>Un autre syndicat, le SNCTA, qui se revendique majoritaire chez les contr\u00f4leurs a\u00e9riens, n&rsquo;appelle en revanche pas \u00e0 la gr\u00e8ve contre cette r\u00e9forme tr\u00e8s impopulaire et promulgu\u00e9e le 15 avril par le pr\u00e9sident Emmanuel Macron. Contact\u00e9e mercredi, la Direction g\u00e9n\u00e9rale de l&rsquo;aviation civile (DGAC) n&rsquo;a pas \u00e9t\u00e9 en mesure dans l&rsquo;imm\u00e9diat d&rsquo;\u00e9valuer les cons\u00e9quences sur le trafic a\u00e9rien de cette nouvelle mobilisation en plein week-end de pont et de vacances de P\u00e2ques.<\/p>\n\n\n\n<p>Lors des pr\u00e9c\u00e9dentes journ\u00e9es de mouvement social, l&rsquo;administration avait demand\u00e9 aux compagnies de renoncer \u00e0 une partie de leur programme de vol au d\u00e9part ou \u00e0 l&rsquo;arriv\u00e9e de certains a\u00e9roports fran\u00e7ais, dont Orly, deuxi\u00e8me plateforme du pays. Selon la Fnam, quelque 3500 vols ont ainsi \u00e9t\u00e9 annul\u00e9s au premier trimestre, dont 500 \u00ab\u00e0 chaud\u00bb, sans que les passagers aient pu \u00eatre pr\u00e9venus \u00e0 l&rsquo;avance, synonyme de situations difficiles dans les a\u00e9rogares. De son c\u00f4t\u00e9 l&rsquo;organisme de surveillance du trafic a\u00e9rien europ\u00e9en, Eurocontrol, a \u00e9valu\u00e9 \u00e0 10 millions le nombre de passagers touch\u00e9s par la gr\u00e8ve entre mars et d\u00e9but avril.<\/p>\n\n\n\n<p>En effet, les arr\u00eats de travail des contr\u00f4leurs affectent, outre les a\u00e9roports fran\u00e7ais, les centres en route de la navigation a\u00e9rienne (CRNA) qui g\u00e8rent les trajectoires des avions traversant l&rsquo;espace a\u00e9rien fran\u00e7ais pour relier deux pays tiers. Ces gr\u00e8ves ont donc des effets en cascade sur tout le transport a\u00e9rien du Vieux continent.<\/p>\n","protected":false},"excerpt":{"rendered":"<p>Un tiers des vols seront annul\u00e9s \u00e0 Paris-Orly, Marseille, Lyon, Bordeaux, Nantes et Toulouse.\u00a0Parall\u00e8lement, 25% des vols seront annul\u00e9s \u00e0 Paris Charles-de-Gaulle, Nice et Beauvais. \u00abEn d\u00e9pit de ces mesures pr\u00e9ventives, des perturbations et des retards\u00bb sont \u00e0 pr\u00e9voir, pr\u00e9cise l&rsquo;administration. Les voyageurs sont donc invit\u00e9s \u00e0 \u00e9viter de prendre l&rsquo;avion ce jour-l\u00e0, \u00e0 reporter [&hellip;]<\/p>\n","protected":false},"author":2,"featured_media":24649,"comment_status":"open","ping_status":"open","sticky":false,"template":"","format":"standard","meta":{"_jetpack_memberships_contains_paid_content":false,"footnotes":"","jetpack_publicize_message":"","jetpack_publicize_feature_enabled":true,"jetpack_social_post_already_shared":true,"jetpack_social_options":{"image_generator_settings":{"template":"highway","default_image_id":0,"font":"","enabled":false},"version":2},"_wpas_customize_per_network":false},"categories":[405],"tags":[],"class_list":["post-24648","post","type-post","status-publish","format-standard","has-post-thumbnail","hentry","category-actu-france-monde"],"jetpack_publicize_connections":[],"jetpack_featured_media_url":"https:\/\/i0.wp.com\/www.iceagetv.com\/radiosite\/wp-content\/uploads\/2023\/04\/Laviation-civile-demande-dannuler-33-des-vols-a-Orly.jpg?fit=679%2C293&ssl=1","jetpack_sharing_enabled":true,"_links":{"self":[{"href":"https:\/\/www.iceagetv.com\/radiosite\/wp-json\/wp\/v2\/posts\/24648","targetHints":{"allow":["GET"]}}],"collection":[{"href":"https:\/\/www.iceagetv.com\/radiosite\/wp-json\/wp\/v2\/posts"}],"about":[{"href":"https:\/\/www.iceagetv.com\/radiosite\/wp-json\/wp\/v2\/types\/post"}],"author":[{"embeddable":true,"href":"https:\/\/www.iceagetv.com\/radiosite\/wp-json\/wp\/v2\/users\/2"}],"replies":[{"embeddable":true,"href":"https:\/\/www.iceagetv.com\/radiosite\/wp-json\/wp\/v2\/comments?post=24648"}],"version-history":[{"count":1,"href":"https:\/\/www.iceagetv.com\/radiosite\/wp-json\/wp\/v2\/posts\/24648\/revisions"}],"predecessor-version":[{"id":24650,"href":"https:\/\/www.iceagetv.com\/radiosite\/wp-json\/wp\/v2\/posts\/24648\/revisions\/24650"}],"wp:featuredmedia":[{"embeddable":true,"href":"https:\/\/www.iceagetv.com\/radiosite\/wp-json\/wp\/v2\/media\/24649"}],"wp:attachment":[{"href":"https:\/\/www.iceagetv.com\/radiosite\/wp-json\/wp\/v2\/media?parent=24648"}],"wp:term":[{"taxonomy":"category","embeddable":true,"href":"https:\/\/www.iceagetv.com\/radiosite\/wp-json\/wp\/v2\/categories?post=24648"},{"taxonomy":"post_tag","embeddable":true,"href":"https:\/\/www.iceagetv.com\/radiosite\/wp-json\/wp\/v2\/tags?post=24648"}],"curies":[{"name":"wp","href":"https:\/\/api.w.org\/{rel}","templated":true}]}}