{"id":24654,"date":"2023-04-28T08:44:51","date_gmt":"2023-04-28T08:44:51","guid":{"rendered":"https:\/\/www.iceagetv.com\/radiosite\/?p=24654"},"modified":"2023-04-28T08:45:01","modified_gmt":"2023-04-28T08:45:01","slug":"meurtre-de-rose-5-ans-dans-les-vosges-place-en-detention-preventive-hier-soir-le-jeune-homme-de-15-ans-risque-20-ans-de-reclusion-criminelle-et-non-la-perpetuite-en-raison-de-son-age","status":"publish","type":"post","link":"https:\/\/www.iceagetv.com\/radiosite\/meurtre-de-rose-5-ans-dans-les-vosges-place-en-detention-preventive-hier-soir-le-jeune-homme-de-15-ans-risque-20-ans-de-reclusion-criminelle-et-non-la-perpetuite-en-raison-de-son-age\/","title":{"rendered":"Meurtre de Rose, 5 ans, dans les Vosges : Plac\u00e9 en d\u00e9tention pr\u00e9ventive hier soir, le jeune homme de 15 ans risque 20 ans de r\u00e9clusion criminelle et non la perp\u00e9tuit\u00e9 en raison de son \u00e2ge"},"content":{"rendered":"\n<p>Suspect\u00e9 d&rsquo;avoir tu\u00e9 la petite Rose, une fillette de 5 ans, mardi dans la commune de Rambervillers (Vosges), l&rsquo;adolescent de 15 ans interpell\u00e9 dans l&rsquo;appartement o\u00f9 le corps de la victime a \u00e9t\u00e9 retrouv\u00e9 dans un sac-poubelle, a \u00e9t\u00e9 mis en examen et plac\u00e9 en d\u00e9tention provisoire, a annonc\u00e9 hier soir le procureur de la R\u00e9publique, Fr\u00e9d\u00e9ric Nahon.<\/p>\n\n\n\n<p>Sa mise en examen concerne le fait de meurtre sur mineur de moins de 15 ans, a-t-il pr\u00e9cis\u00e9. Du fait de son \u00e2ge, il risque 20 ans de r\u00e9clusion criminelle, et non la perp\u00e9tuit\u00e9. La fillette avait disparu en milieu d&rsquo;apr\u00e8s-midi, mardi, avant que le suspect ne contacte lui-m\u00eame la gendarmerie pour leur indiquer \u00eatre avec elle. Arriv\u00e9s sur place, les militaires n&rsquo;avaient d\u00e9couvert que son cadavre.<\/p>\n\n\n\n<p>L&rsquo;adolescent pr\u00e9sente un profil inqui\u00e9tant. Il est d\u00e9j\u00e0 mis en examen depuis 2022 pour viol, agression sexuelle et s\u00e9questration, dans un dossier dont les victimes seraient deux jeunes gar\u00e7ons d&rsquo;une dizaine d&rsquo;ann\u00e9es. Il avait \u00e9t\u00e9 plac\u00e9 en centre \u00e9ducatif ferm\u00e9, avant de revenir dans le domicile o\u00f9 il vivait.<\/p>\n\n\n\n<p>Durant sa garde \u00e0 vue, l&rsquo;adolescent \u00ab\u00a0a fait usage de son droit au silence (&#8230;) Nous n&rsquo;avons donc pas sa version sur les faits qui lui sont reproch\u00e9s\u00a0\u00bb, avait r\u00e9v\u00e9l\u00e9 le procureur lors d&rsquo;une conf\u00e9rence de presse \u00e0 la mi-journ\u00e9e. \u00ab\u00a0Lors de sa garde \u00e0 vue et de son interpellation, le mineur n&rsquo;a toutefois pas tenu de propos d\u00e9lirants ou laissant penser \u00e0 des troubles psychiatriques\u00a0\u00bb.<\/p>\n\n\n\n<p>Un expert a cependant conclu dans un rapport provisoire \u00ab\u00a0\u00e0 l&rsquo;existence d&rsquo;une alt\u00e9ration du discernement et \u00e0 sa dangerosit\u00e9 pour les autres\u00a0\u00bb, selon M. Nahon.<\/p>\n\n\n\n<p>L&rsquo;autopsie du corps de la petite victime aura lieu vendredi matin \u00e0 l&rsquo;institut m\u00e9dico-l\u00e9gal de Nancy. \u00ab\u00a0On en saura plus sur les circonstances du d\u00e9c\u00e8s et de l&rsquo;existence ou non de faits de viol\u00a0\u00bb, a soulign\u00e9 M. Nahon. Il a pr\u00e9cis\u00e9 que le suspect, \u00e2g\u00e9 de moins de 16 ans, \u00e9tait passible de 20 ans de r\u00e9clusion criminelle, et non de la perp\u00e9tuit\u00e9 en raison de son \u00e2ge.<\/p>\n\n\n\n<p>Dans un communiqu\u00e9, le parquet avait indiqu\u00e9 mercredi que le jeune homme avait d\u00e9j\u00e0 \u00e9t\u00e9 mis en examen l&rsquo;an dernier pour viol sur mineur et avait \u00e9t\u00e9 plac\u00e9 pendant un an en centre \u00e9ducatif ferm\u00e9.<\/p>\n\n\n\n<p>La m\u00e8re de la victime a d\u00e9nonc\u00e9 mercredi le fait que le suspect ait pu se trouver en libert\u00e9. M. Nahon a pr\u00e9cis\u00e9 devant la presse que les victimes pr\u00e9sum\u00e9es de cette affaire pr\u00e9c\u00e9dente \u00e9taient deux gar\u00e7ons \u00e2g\u00e9s de 10 et 11 ans.<\/p>\n\n\n\n<p>Depuis son retour \u00e0 Rambervillers en mars dernier, il \u00e9tait soumis \u00e0 une obligation de soins et de formation, sous la surveillance de la Protection judiciaire de la jeunesse. M. Nahon a soulign\u00e9 que le jeune homme respectait ces obligations et \u00e9tait en stage de cuisine. \u00ab\u00a0Les rapports rendus par les \u00e9ducateurs concluaient d&rsquo;ailleurs \u00e0 une \u00e9volution positive du mineur tant dans le cadre du centre \u00e9ducatif ferm\u00e9 qu&rsquo;\u00e0 domicile\u00a0\u00bb, a rapport\u00e9 le procureur.<\/p>\n","protected":false},"excerpt":{"rendered":"<p>Suspect\u00e9 d&rsquo;avoir tu\u00e9 la petite Rose, une fillette de 5 ans, mardi dans la commune de Rambervillers (Vosges), l&rsquo;adolescent de 15 ans interpell\u00e9 dans l&rsquo;appartement o\u00f9 le corps de la victime a \u00e9t\u00e9 retrouv\u00e9 dans un sac-poubelle, a \u00e9t\u00e9 mis en examen et plac\u00e9 en d\u00e9tention provisoire, a annonc\u00e9 hier soir le procureur de la [&hellip;]<\/p>\n","protected":false},"author":2,"featured_media":24655,"comment_status":"open","ping_status":"open","sticky":false,"template":"","format":"standard","meta":{"_jetpack_memberships_contains_paid_content":false,"footnotes":"","jetpack_publicize_message":"","jetpack_publicize_feature_enabled":true,"jetpack_social_post_already_shared":true,"jetpack_social_options":{"image_generator_settings":{"template":"highway","default_image_id":0,"font":"","enabled":false},"version":2},"_wpas_customize_per_network":false},"categories":[405],"tags":[],"class_list":["post-24654","post","type-post","status-publish","format-standard","has-post-thumbnail","hentry","category-actu-france-monde"],"jetpack_publicize_connections":[],"jetpack_featured_media_url":"https:\/\/i0.wp.com\/www.iceagetv.com\/radiosite\/wp-content\/uploads\/2023\/04\/Meurtre-de-Rose.jpg?fit=679%2C293&ssl=1","jetpack_sharing_enabled":true,"_links":{"self":[{"href":"https:\/\/www.iceagetv.com\/radiosite\/wp-json\/wp\/v2\/posts\/24654","targetHints":{"allow":["GET"]}}],"collection":[{"href":"https:\/\/www.iceagetv.com\/radiosite\/wp-json\/wp\/v2\/posts"}],"about":[{"href":"https:\/\/www.iceagetv.com\/radiosite\/wp-json\/wp\/v2\/types\/post"}],"author":[{"embeddable":true,"href":"https:\/\/www.iceagetv.com\/radiosite\/wp-json\/wp\/v2\/users\/2"}],"replies":[{"embeddable":true,"href":"https:\/\/www.iceagetv.com\/radiosite\/wp-json\/wp\/v2\/comments?post=24654"}],"version-history":[{"count":1,"href":"https:\/\/www.iceagetv.com\/radiosite\/wp-json\/wp\/v2\/posts\/24654\/revisions"}],"predecessor-version":[{"id":24656,"href":"https:\/\/www.iceagetv.com\/radiosite\/wp-json\/wp\/v2\/posts\/24654\/revisions\/24656"}],"wp:featuredmedia":[{"embeddable":true,"href":"https:\/\/www.iceagetv.com\/radiosite\/wp-json\/wp\/v2\/media\/24655"}],"wp:attachment":[{"href":"https:\/\/www.iceagetv.com\/radiosite\/wp-json\/wp\/v2\/media?parent=24654"}],"wp:term":[{"taxonomy":"category","embeddable":true,"href":"https:\/\/www.iceagetv.com\/radiosite\/wp-json\/wp\/v2\/categories?post=24654"},{"taxonomy":"post_tag","embeddable":true,"href":"https:\/\/www.iceagetv.com\/radiosite\/wp-json\/wp\/v2\/tags?post=24654"}],"curies":[{"name":"wp","href":"https:\/\/api.w.org\/{rel}","templated":true}]}}