{"id":24657,"date":"2023-04-28T08:49:47","date_gmt":"2023-04-28T08:49:47","guid":{"rendered":"https:\/\/www.iceagetv.com\/radiosite\/?p=24657"},"modified":"2023-04-28T08:49:47","modified_gmt":"2023-04-28T08:49:47","slug":"la-secheresse-record-dans-la-corne-de-lafrique-est-attribuable-au-rechauffement-climatique","status":"publish","type":"post","link":"https:\/\/www.iceagetv.com\/radiosite\/la-secheresse-record-dans-la-corne-de-lafrique-est-attribuable-au-rechauffement-climatique\/","title":{"rendered":"La s\u00e9cheresse record dans la Corne de l&rsquo;Afrique est attribuable au r\u00e9chauffement climatique"},"content":{"rendered":"\n<p>La s\u00e9cheresse historique qui frappe la Grande Corne de l&rsquo;<a href=\"https:\/\/www.lepoint.fr\/tags\/afrique\">Afrique<\/a>&nbsp;est la conjonction in\u00e9dite d&rsquo;un manque de pluie et de fortes temp\u00e9ratures qui n&rsquo;aurait pas pu se produire sans les \u00e9missions humaines de gaz \u00e0 effet de serre, d\u00e9montre une \u00e9tude scientifique publi\u00e9e jeudi.<\/p>\n\n\n\n<p>\u00ab\u00a0Le changement climatique caus\u00e9 par les activit\u00e9s humaines a rendu la s\u00e9cheresse agricole dans la Corne de l&rsquo;Afrique environ\u00a0100\u00a0fois plus probable\u00a0\u00bb qu&rsquo;autrefois, indique dans un rapport le World Weather Attribution (WWA), r\u00e9seau mondial de scientifiques qui \u00e9value sans d\u00e9lai le lien entre les \u00e9v\u00e9nements m\u00e9t\u00e9orologiques extr\u00eames et le d\u00e9r\u00e8glement climatique.<\/p>\n\n\n\n<p>Depuis fin 2020, les pays de la Grande Corne de l&rsquo;Afrique (<a href=\"https:\/\/www.lepoint.fr\/tags\/ethiopie\">\u00c9thiopie<\/a>,&nbsp;<a href=\"https:\/\/www.lepoint.fr\/tags\/erythree\">\u00c9rythr\u00e9e<\/a>,&nbsp;<a href=\"https:\/\/www.lepoint.fr\/tags\/somalie\">Somalie<\/a>,&nbsp;<a href=\"https:\/\/www.lepoint.fr\/tags\/djibouti\">Djibouti<\/a>, Kenya et Soudan), large p\u00e9ninsule de l&rsquo;est du continent, subissent leur pire s\u00e9cheresse de ces quarante derni\u00e8res ann\u00e9es.<\/p>\n\n\n\n<p>Cinq saisons de pluies d\u00e9ficitaires d&rsquo;affil\u00e9e ont tu\u00e9 des millions de t\u00eates de b\u00e9tail et d\u00e9truit les r\u00e9coltes. Selon l&rsquo;ONU,\u00a022\u00a0millions de personnes sont menac\u00e9es par la faim en Ethiopie, au Kenya et en Somalie (o\u00f9 il y a en plus une insurrection islamiste).<\/p>\n\n\n\n<p>Selon les&nbsp;19&nbsp;scientifiques ayant contribu\u00e9 au rapport, le changement climatique a eu \u00ab\u00a0peu d&rsquo;effet sur la pluviom\u00e9trie annuelle\u00a0\u00bb r\u00e9cente de la r\u00e9gion.<\/p>\n\n\n\n<p>Mais il a fortement influenc\u00e9 la hausse des temp\u00e9ratures, responsable d&rsquo;une augmentation en fl\u00e8che de l&rsquo;\u00e9vapotranspiration qui a conduit \u00e0 un ass\u00e8chement record des sols et des plantes.<\/p>\n\n\n\n<p>\u00ab\u00a0C&rsquo;est le changement climatique qui a rendu cette s\u00e9cheresse aussi grave et exceptionnelle\u00a0\u00bb, a r\u00e9sum\u00e9 Joyce Kimoutai, climatologue kenyane contributrice au rapport, dans un briefing t\u00e9l\u00e9phonique mercredi.<\/p>\n\n\n\n<p>Le changement climatique tue\u00a0\u00bb, a d\u00e9nonc\u00e9 Louis-Nicolas Jandeaux, charg\u00e9 de plaidoyer chez Oxfam France, lors d&rsquo;une conf\u00e9rence de presse organis\u00e9e jeudi \u00e0 Paris avec l&rsquo;Unicef et l&rsquo;ONG Care pour alerter sur la faim en Afrique.<\/p>\n\n\n\n<p>\u00ab\u00a0La faim due aux \u00e9v\u00e9nements climatiques est une preuve criante des in\u00e9galit\u00e9s mondiales&nbsp;: les pays les moins responsables (..) sont ceux qui en subissent le plus les cons\u00e9quences et ont le moins de ressources pour y faire face\u00a0\u00bb, a ajout\u00e9 M. Jandeaux, appelant les pays du G20 \u00e0 assumer leur double responsabilit\u00e9: \u00ab\u00a0r\u00e9duire leurs \u00e9missions\u00a0\u00bb et \u00ab\u00a0aider les populations les plus vuln\u00e9rables \u00e0 s&rsquo;adapter\u00a0\u00bb.<\/p>\n\n\n\n<h2 class=\"wp-block-heading\">Cinq saisons de pluies d\u00e9ficitaires<\/h2>\n\n\n\n<p>Le r\u00e9seau du WWA, fond\u00e9 par des climatologues r\u00e9put\u00e9s, s&rsquo;est impos\u00e9 ces derni\u00e8res ann\u00e9es par sa capacit\u00e9 \u00e0 \u00e9valuer l&rsquo;influence, plus ou moins forte et non syst\u00e9matique, entre les \u00e9v\u00e9nements m\u00e9t\u00e9orologiques extr\u00eames &#8211;&nbsp;canicules, inondations, s\u00e9cheresse, etc &#8211;&nbsp;et le changement climatique caus\u00e9 par l&rsquo;homme.<\/p>\n","protected":false},"excerpt":{"rendered":"<p>La s\u00e9cheresse historique qui frappe la Grande Corne de l&rsquo;Afrique&nbsp;est la conjonction in\u00e9dite d&rsquo;un manque de pluie et de fortes temp\u00e9ratures qui n&rsquo;aurait pas pu se produire sans les \u00e9missions humaines de gaz \u00e0 effet de serre, d\u00e9montre une \u00e9tude scientifique publi\u00e9e jeudi. \u00ab\u00a0Le changement climatique caus\u00e9 par les activit\u00e9s humaines a rendu la s\u00e9cheresse [&hellip;]<\/p>\n","protected":false},"author":2,"featured_media":24658,"comment_status":"open","ping_status":"open","sticky":false,"template":"","format":"standard","meta":{"_jetpack_memberships_contains_paid_content":false,"footnotes":"","jetpack_publicize_message":"","jetpack_publicize_feature_enabled":true,"jetpack_social_post_already_shared":true,"jetpack_social_options":{"image_generator_settings":{"template":"highway","default_image_id":0,"font":"","enabled":false},"version":2},"_wpas_customize_per_network":false},"categories":[405],"tags":[],"class_list":["post-24657","post","type-post","status-publish","format-standard","has-post-thumbnail","hentry","category-actu-france-monde"],"jetpack_publicize_connections":[],"jetpack_featured_media_url":"https:\/\/i0.wp.com\/www.iceagetv.com\/radiosite\/wp-content\/uploads\/2023\/04\/La-secheresse-record-dans-la-Corne-de-lAfrique.jpg?fit=660%2C287&ssl=1","jetpack_sharing_enabled":true,"_links":{"self":[{"href":"https:\/\/www.iceagetv.com\/radiosite\/wp-json\/wp\/v2\/posts\/24657","targetHints":{"allow":["GET"]}}],"collection":[{"href":"https:\/\/www.iceagetv.com\/radiosite\/wp-json\/wp\/v2\/posts"}],"about":[{"href":"https:\/\/www.iceagetv.com\/radiosite\/wp-json\/wp\/v2\/types\/post"}],"author":[{"embeddable":true,"href":"https:\/\/www.iceagetv.com\/radiosite\/wp-json\/wp\/v2\/users\/2"}],"replies":[{"embeddable":true,"href":"https:\/\/www.iceagetv.com\/radiosite\/wp-json\/wp\/v2\/comments?post=24657"}],"version-history":[{"count":1,"href":"https:\/\/www.iceagetv.com\/radiosite\/wp-json\/wp\/v2\/posts\/24657\/revisions"}],"predecessor-version":[{"id":24659,"href":"https:\/\/www.iceagetv.com\/radiosite\/wp-json\/wp\/v2\/posts\/24657\/revisions\/24659"}],"wp:featuredmedia":[{"embeddable":true,"href":"https:\/\/www.iceagetv.com\/radiosite\/wp-json\/wp\/v2\/media\/24658"}],"wp:attachment":[{"href":"https:\/\/www.iceagetv.com\/radiosite\/wp-json\/wp\/v2\/media?parent=24657"}],"wp:term":[{"taxonomy":"category","embeddable":true,"href":"https:\/\/www.iceagetv.com\/radiosite\/wp-json\/wp\/v2\/categories?post=24657"},{"taxonomy":"post_tag","embeddable":true,"href":"https:\/\/www.iceagetv.com\/radiosite\/wp-json\/wp\/v2\/tags?post=24657"}],"curies":[{"name":"wp","href":"https:\/\/api.w.org\/{rel}","templated":true}]}}