{"id":24670,"date":"2023-04-29T11:18:44","date_gmt":"2023-04-29T11:18:44","guid":{"rendered":"https:\/\/www.iceagetv.com\/radiosite\/?p=24670"},"modified":"2023-04-29T11:18:44","modified_gmt":"2023-04-29T11:18:44","slug":"turquie-erdogan-malade-depuis-plusieurs-jours-reapparait-en-public","status":"publish","type":"post","link":"https:\/\/www.iceagetv.com\/radiosite\/turquie-erdogan-malade-depuis-plusieurs-jours-reapparait-en-public\/","title":{"rendered":"Turquie\u00a0: Erdogan, malade depuis plusieurs jours, r\u00e9appara\u00eet en public"},"content":{"rendered":"\n<p>Le pr\u00e9sident turc&nbsp;<a href=\"https:\/\/www.lepoint.fr\/tags\/recep-tayyip-erdogan\">Recep Tayyip Erdogan<\/a>,&nbsp;<a href=\"https:\/\/www.lepoint.fr\/monde\/malade-erdogan-contraint-d-annuler-ses-engagements-avant-les-elections-26-04-2023-2517938_24.php\">donn\u00e9 souffrant depuis mardi soir<\/a>, est r\u00e9apparu en public pour la premi\u00e8re fois samedi \u00e0 Istanbul, sur des images retransmises par les cha\u00eenes de t\u00e9l\u00e9vision. Le chef de l&rsquo;\u00c9tat, 69&nbsp;ans, atteint par un virus intestinal, selon son entourage, ne s&rsquo;\u00e9tait plus exprim\u00e9 pendant quatre jours que par visioconf\u00e9rence, suscitant des interrogations sur son \u00e9tat de sant\u00e9 \u00e0 deux semaines de l&rsquo;\u00e9lection pr\u00e9sidentielle du 14&nbsp;mai.<\/p>\n\n\n\n<p>Recep Tayyip&nbsp;Erdogan a entam\u00e9 une visite du salon a\u00e9ronautique Teknofest sur l&rsquo;ancien a\u00e9roport Atat\u00fcrk d&rsquo;Istanbul, un salon que la&nbsp;<a href=\"https:\/\/www.lepoint.fr\/tags\/turquie\">Turquie<\/a>&nbsp;pr\u00e9sente comme \u00ab&nbsp;le plus grand du monde&nbsp;\u00bb et qui permet \u00e0 l&rsquo;industrie militaire turque d&rsquo;exposer ses drones et ses avions. Le chef de l&rsquo;\u00c9tat doit ensuite participer dans la journ\u00e9e \u00e0 un meeting \u00e9lectoral \u00e0 Izmir, sur la c\u00f4te ouest, selon son programme officiel<\/p>\n","protected":false},"excerpt":{"rendered":"<p>Le pr\u00e9sident turc&nbsp;Recep Tayyip Erdogan,&nbsp;donn\u00e9 souffrant depuis mardi soir, est r\u00e9apparu en public pour la premi\u00e8re fois samedi \u00e0 Istanbul, sur des images retransmises par les cha\u00eenes de t\u00e9l\u00e9vision. Le chef de l&rsquo;\u00c9tat, 69&nbsp;ans, atteint par un virus intestinal, selon son entourage, ne s&rsquo;\u00e9tait plus exprim\u00e9 pendant quatre jours que par visioconf\u00e9rence, suscitant des interrogations [&hellip;]<\/p>\n","protected":false},"author":2,"featured_media":24671,"comment_status":"open","ping_status":"open","sticky":false,"template":"","format":"standard","meta":{"_jetpack_memberships_contains_paid_content":false,"footnotes":"","jetpack_publicize_message":"","jetpack_publicize_feature_enabled":true,"jetpack_social_post_already_shared":true,"jetpack_social_options":{"image_generator_settings":{"template":"highway","default_image_id":0,"font":"","enabled":false},"version":2},"_wpas_customize_per_network":false},"categories":[405],"tags":[],"class_list":["post-24670","post","type-post","status-publish","format-standard","has-post-thumbnail","hentry","category-actu-france-monde"],"jetpack_publicize_connections":[],"jetpack_featured_media_url":"https:\/\/i0.wp.com\/www.iceagetv.com\/radiosite\/wp-content\/uploads\/2023\/04\/Screenshot_20230429_131826.jpg?fit=1080%2C608&ssl=1","jetpack_sharing_enabled":true,"_links":{"self":[{"href":"https:\/\/www.iceagetv.com\/radiosite\/wp-json\/wp\/v2\/posts\/24670","targetHints":{"allow":["GET"]}}],"collection":[{"href":"https:\/\/www.iceagetv.com\/radiosite\/wp-json\/wp\/v2\/posts"}],"about":[{"href":"https:\/\/www.iceagetv.com\/radiosite\/wp-json\/wp\/v2\/types\/post"}],"author":[{"embeddable":true,"href":"https:\/\/www.iceagetv.com\/radiosite\/wp-json\/wp\/v2\/users\/2"}],"replies":[{"embeddable":true,"href":"https:\/\/www.iceagetv.com\/radiosite\/wp-json\/wp\/v2\/comments?post=24670"}],"version-history":[{"count":1,"href":"https:\/\/www.iceagetv.com\/radiosite\/wp-json\/wp\/v2\/posts\/24670\/revisions"}],"predecessor-version":[{"id":24672,"href":"https:\/\/www.iceagetv.com\/radiosite\/wp-json\/wp\/v2\/posts\/24670\/revisions\/24672"}],"wp:featuredmedia":[{"embeddable":true,"href":"https:\/\/www.iceagetv.com\/radiosite\/wp-json\/wp\/v2\/media\/24671"}],"wp:attachment":[{"href":"https:\/\/www.iceagetv.com\/radiosite\/wp-json\/wp\/v2\/media?parent=24670"}],"wp:term":[{"taxonomy":"category","embeddable":true,"href":"https:\/\/www.iceagetv.com\/radiosite\/wp-json\/wp\/v2\/categories?post=24670"},{"taxonomy":"post_tag","embeddable":true,"href":"https:\/\/www.iceagetv.com\/radiosite\/wp-json\/wp\/v2\/tags?post=24670"}],"curies":[{"name":"wp","href":"https:\/\/api.w.org\/{rel}","templated":true}]}}