{"id":24675,"date":"2023-04-30T09:29:16","date_gmt":"2023-04-30T09:29:16","guid":{"rendered":"https:\/\/www.iceagetv.com\/radiosite\/?p=24675"},"modified":"2023-04-30T09:29:16","modified_gmt":"2023-04-30T09:29:16","slug":"contre-les-rodeos-urbains-darmanin-demande-aux-prefets-dutiliser-des-drones","status":"publish","type":"post","link":"https:\/\/www.iceagetv.com\/radiosite\/contre-les-rodeos-urbains-darmanin-demande-aux-prefets-dutiliser-des-drones\/","title":{"rendered":"Contre les rod\u00e9os urbains, Darmanin demande aux pr\u00e9fets d&rsquo;utiliser des drones"},"content":{"rendered":"\n<p>L&rsquo;usage des drones pour le maintien de l&rsquo;ordre est permis depuis un d\u00e9cret du 19 avril.<\/p>\n\n\n\n<p>Le ministre de l&rsquo;Int\u00e9rieur G\u00e9rald Darmanin a envoy\u00e9 un message samedi aux pr\u00e9fets pour leur demander de recourir aux drones, dont l&rsquo;utilisation par les forces de l&rsquo;ordre vient juste d&rsquo;\u00eatre permise par d\u00e9cret,\u00a0<a rel=\"noreferrer noopener\" href=\"https:\/\/www.lefigaro.fr\/faits-divers\/les-drones-la-solution-pour-lutter-contre-les-rodeos-urbains-20230427\" target=\"_blank\">afin de lutter contre les rod\u00e9os urbains<\/a>.<\/p>\n\n\n\n<h2 class=\"wp-block-heading\" id=\"subhead-555cec01-38ab-4eff-a60c-8d8161cb6626\">Nouveau d\u00e9cret<\/h2>\n\n\n\n<p>L&rsquo;usage des drones par les forces de l&rsquo;ordre est permis depuis un d\u00e9cret du 19 avril. Les policiers et gendarmes sont autoris\u00e9s \u00e0 utiliser ces a\u00e9ronefs \u00e9quip\u00e9s de cam\u00e9ras notamment pour le maintien de l&rsquo;ordre ou la \u00ab<em>pr\u00e9vention des atteintes \u00e0 la s\u00e9curit\u00e9 des personnes et des biens<\/em>\u00bb. La mesure avait \u00e9t\u00e9 adopt\u00e9e en d\u00e9cembre 2022 dans le cadre de la loi sur la responsabilit\u00e9 p\u00e9nale et la s\u00e9curit\u00e9 int\u00e9rieure, d\u00e9coulant de la controvers\u00e9e loi S\u00e9curit\u00e9 globale.<\/p>\n\n\n\n<p>Depuis 2021, les d\u00e9put\u00e9s Robin Reda (LR) et Natalia Pouzyreff (Renaissance) proposent l&rsquo;utilisation de drones, avec des cam\u00e9ras a\u00e9roport\u00e9es, pour survoler &#8211; sous couvert d&rsquo;une autorisation pr\u00e9fectorale &#8211; les zones connues pour \u00eatre le th\u00e9\u00e2tre des rod\u00e9os sauvages. Avant m\u00eame la promulgation du d\u00e9cret, le minist\u00e8re de l&rsquo;Int\u00e9rieur avait lanc\u00e9 la formation de policiers au t\u00e9l\u00e9pilotage de drones. Selon les informations du&nbsp;<em>Figaro<\/em>, 435 officiers ont d\u00e9j\u00e0 b\u00e9n\u00e9fici\u00e9 de cet apprentissage<\/p>\n\n\n\n<p>D\u00e9but avril d\u00e9j\u00e0, le ministre de l&rsquo;Int\u00e9rieur avait demand\u00e9 aux pr\u00e9fets de renforcer les mesures de lutte contre les rod\u00e9os urbains, face \u00e0 un&nbsp;<a href=\"https:\/\/www.lefigaro.fr\/actualite-france\/des-rodeos-urbains-toujours-plus-dangereux-20230427\" target=\"_blank\" rel=\"noreferrer noopener\">ph\u00e9nom\u00e8ne en recrudescence avec le retour des beaux jours<\/a>. Le ministre avait demand\u00e9 d&rsquo;\u00ab<em>optimiser l&rsquo;usage<\/em>\u00bb de la vid\u00e9osurveillance \u00ab<em>pour orienter l&rsquo;action des effectifs sur le terrain et permettre l&rsquo;identification des auteurs<\/em>\u00bb.<\/p>\n","protected":false},"excerpt":{"rendered":"<p>L&rsquo;usage des drones pour le maintien de l&rsquo;ordre est permis depuis un d\u00e9cret du 19 avril. Le ministre de l&rsquo;Int\u00e9rieur G\u00e9rald Darmanin a envoy\u00e9 un message samedi aux pr\u00e9fets pour leur demander de recourir aux drones, dont l&rsquo;utilisation par les forces de l&rsquo;ordre vient juste d&rsquo;\u00eatre permise par d\u00e9cret,\u00a0afin de lutter contre les rod\u00e9os urbains. [&hellip;]<\/p>\n","protected":false},"author":2,"featured_media":24676,"comment_status":"open","ping_status":"open","sticky":false,"template":"","format":"standard","meta":{"_jetpack_memberships_contains_paid_content":false,"footnotes":"","jetpack_publicize_message":"","jetpack_publicize_feature_enabled":true,"jetpack_social_post_already_shared":true,"jetpack_social_options":{"image_generator_settings":{"template":"highway","default_image_id":0,"font":"","enabled":false},"version":2},"_wpas_customize_per_network":false},"categories":[405],"tags":[],"class_list":["post-24675","post","type-post","status-publish","format-standard","has-post-thumbnail","hentry","category-actu-france-monde"],"jetpack_publicize_connections":[],"jetpack_featured_media_url":"https:\/\/i0.wp.com\/www.iceagetv.com\/radiosite\/wp-content\/uploads\/2023\/04\/996bd6af000eb29db5776d7bed4ae759ce85fff181770e90bc9f98b67b3e2d07.jpg?fit=704%2C396&ssl=1","jetpack_sharing_enabled":true,"_links":{"self":[{"href":"https:\/\/www.iceagetv.com\/radiosite\/wp-json\/wp\/v2\/posts\/24675","targetHints":{"allow":["GET"]}}],"collection":[{"href":"https:\/\/www.iceagetv.com\/radiosite\/wp-json\/wp\/v2\/posts"}],"about":[{"href":"https:\/\/www.iceagetv.com\/radiosite\/wp-json\/wp\/v2\/types\/post"}],"author":[{"embeddable":true,"href":"https:\/\/www.iceagetv.com\/radiosite\/wp-json\/wp\/v2\/users\/2"}],"replies":[{"embeddable":true,"href":"https:\/\/www.iceagetv.com\/radiosite\/wp-json\/wp\/v2\/comments?post=24675"}],"version-history":[{"count":1,"href":"https:\/\/www.iceagetv.com\/radiosite\/wp-json\/wp\/v2\/posts\/24675\/revisions"}],"predecessor-version":[{"id":24677,"href":"https:\/\/www.iceagetv.com\/radiosite\/wp-json\/wp\/v2\/posts\/24675\/revisions\/24677"}],"wp:featuredmedia":[{"embeddable":true,"href":"https:\/\/www.iceagetv.com\/radiosite\/wp-json\/wp\/v2\/media\/24676"}],"wp:attachment":[{"href":"https:\/\/www.iceagetv.com\/radiosite\/wp-json\/wp\/v2\/media?parent=24675"}],"wp:term":[{"taxonomy":"category","embeddable":true,"href":"https:\/\/www.iceagetv.com\/radiosite\/wp-json\/wp\/v2\/categories?post=24675"},{"taxonomy":"post_tag","embeddable":true,"href":"https:\/\/www.iceagetv.com\/radiosite\/wp-json\/wp\/v2\/tags?post=24675"}],"curies":[{"name":"wp","href":"https:\/\/api.w.org\/{rel}","templated":true}]}}