{"id":24695,"date":"2023-05-03T11:12:01","date_gmt":"2023-05-03T11:12:01","guid":{"rendered":"https:\/\/www.iceagetv.com\/radiosite\/?p=24695"},"modified":"2023-05-03T11:13:01","modified_gmt":"2023-05-03T11:13:01","slug":"serbie-un-jeune-de-14-ans-ouvre-le-feu-dans-une-ecole-a-belgrade-tue-un-gardien-et-huit-eleves-le-tireur-a-ete-arrete-par-la-police","status":"publish","type":"post","link":"https:\/\/www.iceagetv.com\/radiosite\/serbie-un-jeune-de-14-ans-ouvre-le-feu-dans-une-ecole-a-belgrade-tue-un-gardien-et-huit-eleves-le-tireur-a-ete-arrete-par-la-police\/","title":{"rendered":"Serbie: Un jeune de 14 ans ouvre le feu dans une \u00e9cole \u00e0 Belgrade, tue un gardien et huit \u00e9l\u00e8ves &#8211; Le tireur a \u00e9t\u00e9 arr\u00eat\u00e9 par la police"},"content":{"rendered":"\n<p><strong>Le point sur ce que l&rsquo;on sait<\/strong><\/p>\n\n\n\n<p>Huit \u00e9l\u00e8ves et le gardien d\u2019une \u00e9cole primaire de Belgrade ont \u00e9t\u00e9 tu\u00e9s mercredi par balle, et six autres \u00e9l\u00e8ves et leur professeure ont \u00e9t\u00e9 bless\u00e9s par un \u00e9l\u00e8ve de cet \u00e9tablissement qui a \u00e9t\u00e9 arr\u00eat\u00e9, ont annonc\u00e9 les autorit\u00e9s de Serbie. L\u2019incident a provoqu\u00e9 un grand choc dans ce pays des Balkans o\u00f9 les fusillades dans les \u00e9coles sont extr\u00eamement rares.<\/p>\n\n\n\n<p>\u00ab&nbsp;Dans la fusillade qui a eu lieu ce matin \u00e0 l\u2019\u00e9cole primaire Vladislav Ribnikar, \u00e0 Vracar (dans le centre de Belgrade, NDLR), huit enfants et un gardien ont \u00e9t\u00e9 tu\u00e9s, alors que six enfants et une enseignante ont \u00e9t\u00e9 bless\u00e9s et ont \u00e9t\u00e9 hospitalis\u00e9s&nbsp;\u00bb, indique le minist\u00e8re de l\u2019Int\u00e9rieur dans un communiqu\u00e9.<\/p>\n\n\n\n<p>L\u2019\u00e9l\u00e8ve soup\u00e7onn\u00e9 d\u2019avoir commis ce crime, un gar\u00e7on \u00e2g\u00e9 de 14 ans, a \u00e9t\u00e9 retrouv\u00e9 dans la cour de l\u2019\u00e9cole et a \u00e9t\u00e9 arr\u00eat\u00e9, selon la m\u00eame source. En fin de matin\u00e9e, le pr\u00e9sident de la municipalit\u00e9 de Vracar, Milan Nedeljkovic, avait d\u00e9clar\u00e9 \u00e0 la presse que le gardien de l\u2019\u00e9tablissement \u00e9tait tu\u00e9 et que plusieurs \u00e9l\u00e8ves et une professeur d\u2019histoire \u00e9taient bless\u00e9s.<\/p>\n\n\n\n<p>\u00ab\u00a0Il a voulu emp\u00eacher cette trag\u00e9die et il est mort (&#8230;) La trag\u00e9die aurait probablement \u00e9t\u00e9 pire si cet homme ne s\u2019\u00e9tait pas mis devant le gar\u00e7on qui tirait\u00a0\u00bb, a ajout\u00e9 M. Nedeljkovic, devant l\u2019\u00e9cole, selon les images diffus\u00e9es par la t\u00e9l\u00e9vision nationale (RTS). La fusillade est survenue vers 08H40 (06H40 GMT), selon le minist\u00e8re de l\u2019Int\u00e9rieur.Une grande trag\u00e9die a eu lieu (&#8230;) Un \u00e9l\u00e8ve (&#8230;) est sorti dans un couloir et a utilis\u00e9 une arme \u00e0 feu. Malheureusement, le gardien a succomb\u00e9 aux blessures\u201d, a d\u00e9clar\u00e9 \u00e0 la presse Milan Nedeljkovic, pr\u00e9sident de la municipalit\u00e9 de Vracar, dans le centre de Belgrade.<\/p>\n\n\n\n<p><strong>Un \u00e9l\u00e8ve de 14 ans a \u00e9t\u00e9 arr\u00eat\u00e9 mercredi par la police apr\u00e8s une fusillade dans une \u00e9cole primaire de Belgrade, a indiqu\u00e9 le minist\u00e8re de l\u2019Int\u00e9rieur serbe.<\/strong>&nbsp;Au moins huit \u00e9l\u00e8ves et un gardien ont \u00e9t\u00e9 tu\u00e9s dans la fusillade.<\/p>\n\n\n\n<p>\u201cLa police a d\u00e9p\u00each\u00e9 sur place toutes les patrouilles disponibles et arr\u00eat\u00e9 sur place un mineur (&#8230;) soup\u00e7onn\u00e9 d\u2019avoir tir\u00e9 plusieurs coups de feu dans la direction d\u2019\u00e9l\u00e8ves et d\u2019un gardien de l\u2019\u00e9cole avec un pistolet appartenant \u00e0 son p\u00e8re\u201d, indique un communiqu\u00e9. La fusillade est survenue vers 08H40 (06H40 GMT) dans cet \u00e9tablissement dans le centre de la capitale serbe, selon la m\u00eame source.<\/p>\n","protected":false},"excerpt":{"rendered":"<p>Le point sur ce que l&rsquo;on sait Huit \u00e9l\u00e8ves et le gardien d\u2019une \u00e9cole primaire de Belgrade ont \u00e9t\u00e9 tu\u00e9s mercredi par balle, et six autres \u00e9l\u00e8ves et leur professeure ont \u00e9t\u00e9 bless\u00e9s par un \u00e9l\u00e8ve de cet \u00e9tablissement qui a \u00e9t\u00e9 arr\u00eat\u00e9, ont annonc\u00e9 les autorit\u00e9s de Serbie. L\u2019incident a provoqu\u00e9 un grand choc [&hellip;]<\/p>\n","protected":false},"author":2,"featured_media":24696,"comment_status":"open","ping_status":"open","sticky":false,"template":"","format":"standard","meta":{"_jetpack_memberships_contains_paid_content":false,"footnotes":"","jetpack_publicize_message":"","jetpack_publicize_feature_enabled":true,"jetpack_social_post_already_shared":true,"jetpack_social_options":{"image_generator_settings":{"template":"highway","default_image_id":0,"font":"","enabled":false},"version":2},"_wpas_customize_per_network":false},"categories":[405],"tags":[],"class_list":["post-24695","post","type-post","status-publish","format-standard","has-post-thumbnail","hentry","category-actu-france-monde"],"jetpack_publicize_connections":[],"jetpack_featured_media_url":"https:\/\/i0.wp.com\/www.iceagetv.com\/radiosite\/wp-content\/uploads\/2023\/05\/Un-jeune-de-14-ans-ouvre-le-feu-dans-une-ecole-a-Belgrade.jpg?fit=679%2C293&ssl=1","jetpack_sharing_enabled":true,"_links":{"self":[{"href":"https:\/\/www.iceagetv.com\/radiosite\/wp-json\/wp\/v2\/posts\/24695","targetHints":{"allow":["GET"]}}],"collection":[{"href":"https:\/\/www.iceagetv.com\/radiosite\/wp-json\/wp\/v2\/posts"}],"about":[{"href":"https:\/\/www.iceagetv.com\/radiosite\/wp-json\/wp\/v2\/types\/post"}],"author":[{"embeddable":true,"href":"https:\/\/www.iceagetv.com\/radiosite\/wp-json\/wp\/v2\/users\/2"}],"replies":[{"embeddable":true,"href":"https:\/\/www.iceagetv.com\/radiosite\/wp-json\/wp\/v2\/comments?post=24695"}],"version-history":[{"count":1,"href":"https:\/\/www.iceagetv.com\/radiosite\/wp-json\/wp\/v2\/posts\/24695\/revisions"}],"predecessor-version":[{"id":24697,"href":"https:\/\/www.iceagetv.com\/radiosite\/wp-json\/wp\/v2\/posts\/24695\/revisions\/24697"}],"wp:featuredmedia":[{"embeddable":true,"href":"https:\/\/www.iceagetv.com\/radiosite\/wp-json\/wp\/v2\/media\/24696"}],"wp:attachment":[{"href":"https:\/\/www.iceagetv.com\/radiosite\/wp-json\/wp\/v2\/media?parent=24695"}],"wp:term":[{"taxonomy":"category","embeddable":true,"href":"https:\/\/www.iceagetv.com\/radiosite\/wp-json\/wp\/v2\/categories?post=24695"},{"taxonomy":"post_tag","embeddable":true,"href":"https:\/\/www.iceagetv.com\/radiosite\/wp-json\/wp\/v2\/tags?post=24695"}],"curies":[{"name":"wp","href":"https:\/\/api.w.org\/{rel}","templated":true}]}}